{"id":32683,"date":"2026-02-14T06:00:06","date_gmt":"2026-02-14T06:00:06","guid":{"rendered":"https:\/\/bihavadis.com\/?p=32683"},"modified":"2026-02-14T06:00:06","modified_gmt":"2026-02-14T06:00:06","slug":"domenico-tedesco-trabzonspora-karsi-zor-bir-mac-olacak","status":"publish","type":"post","link":"https:\/\/bihavadis.com\/index.php\/2026\/02\/14\/domenico-tedesco-trabzonspora-karsi-zor-bir-mac-olacak\/","title":{"rendered":"Domenico Tedesco: Trabzonspor&#8217;a kar\u015f\u0131 zor bir ma\u00e7 olacak"},"content":{"rendered":"<p>Fenerbah\u00e7e, S\u00fcper Lig\u2019in 21\u2019inci haftas\u0131nda sahas\u0131nda a\u011f\u0131rlad\u0131\u011f\u0131 Gen\u00e7lerbirli\u011fi\u2019ni 3-1 ma\u011flup etti.<\/p>\n<p>Bu sonucun ard\u0131ndan Fenerbah\u00e7e puan\u0131n\u0131 49 yaparken, Gen\u00e7lerbirli\u011fi 22 puanda kald\u0131.<\/p>\n<p>Fenerbah\u00e7e Teknik Direkt\u00f6r\u00fc Domenico Tedesco, ma\u00e7\u0131n ard\u0131ndan \u00f6nemli a\u00e7\u0131klamalarda bulundu.<\/p>\n<p><strong>&#8220;KANTE MUTLUYSA BEN DE MUTLUYUM&#8221;<\/strong><\/p>\n<p><em><b>&#8220;N&#8217;Golo Kante&#8217;yi nas\u0131l buldunuz?&#8221; <\/b><\/em>sorusunu Tedesco, \u015f\u00f6yle yan\u0131tlad\u0131:<\/p>\n<p>\u0130yi, \u00e7ok iyi buldum. Ba\u015flang\u0131\u00e7 yapmak i\u00e7in kolay bir ma\u00e7 de\u011fildi ama onun ad\u0131na mutluyum. Ona sordum ve mutluyum dedi. O mutluysa, ben de mutluyum.<\/p>\n<p><img decoding=\"async\" src=\"https:\/\/bihavadis.com\/wp-content\/uploads\/2026\/02\/domenico-tedesco-trabzonspora-karsi-zor-bir-mac-olacak-0-Anw3P2VP.jpg\"\/><\/p>\n<p><strong>&#8220;TEK GOL \u0130\u00c7\u0130N \u015eANSLIYIZ&#8221;<\/strong><\/p>\n<p>Tedesco, \u015fu ifadeleri kulland\u0131:<\/p>\n<p>\u0130lk yar\u0131da g\u00fc\u00e7l\u00fc bir performans sergiledik. Baz\u0131 durumlarda ikinci yar\u0131da daha iyi olabilirdik. \u00d6nde bask\u0131y\u0131 ilk yar\u0131daki kadar iyi yapamad\u0131k. Tek gol yedi\u011fimiz i\u00e7in \u015fansl\u0131y\u0131z. Bu ma\u00e7\u0131 kazand\u0131\u011f\u0131m\u0131z i\u00e7in mutluyuz.<\/p>\n<p><img decoding=\"async\" src=\"https:\/\/bihavadis.com\/wp-content\/uploads\/2026\/02\/domenico-tedesco-trabzonspora-karsi-zor-bir-mac-olacak-1-H3OqPEER.jpg\"\/><\/p>\n<p><strong>&#8220;TRABZONSPOR ZOR OLACAK&#8221;<\/strong><\/p>\n<p>Gelecek hafta Trabzonspor&#8217;la deplasmanda oynayacaklar\u0131 ma\u00e7 hakk\u0131nda Tedesco, \u015funlar\u0131 dedi:<\/p>\n<p>Trabzonspor&#8217;a kar\u015f\u0131 zor bir ma\u00e7 olacak. Sadece iki tak\u0131m\u0131n ad\u0131 ge\u00e7iyor m\u00fccadelede ama Trabzonspor&#8217;un da ad\u0131n\u0131n ge\u00e7mesi gerekiyor. \u00c7ok iyi i\u015f \u00e7\u0131kar\u0131yorlar.<\/p>\n<p><img decoding=\"async\" src=\"https:\/\/bihavadis.com\/wp-content\/uploads\/2026\/02\/domenico-tedesco-trabzonspora-karsi-zor-bir-mac-olacak-2-R5xcXVzD.jpg\"\/><\/p>\n","protected":false},"excerpt":{"rendered":"<p>Fenerbah\u00e7e Teknik Direkt\u00f6r\u00fc Domenico Tedesco, &#8220;Trabzonspor&#8217;a kar\u015f\u0131 zor bir ma\u00e7 olacak. Sadece iki tak\u0131m\u0131n ad\u0131 ge\u00e7iyor m\u00fccadelede ama Trabzonspor&#8217;un da ad\u0131n\u0131n ge\u00e7mesi gerekiyor&#8221; dedi.<\/p>\n","protected":false},"author":1,"featured_media":32684,"comment_status":"open","ping_status":"open","sticky":false,"template":"","format":"standard","meta":{"footnotes":""},"categories":[14],"tags":[364],"class_list":["post-32683","post","type-post","status-publish","format-standard","has-post-thumbnail","hentry","category-spor","tag-mac"],"_links":{"self":[{"href":"https:\/\/bihavadis.com\/index.php\/wp-json\/wp\/v2\/posts\/32683","targetHints":{"allow":["GET"]}}],"collection":[{"href":"https:\/\/bihavadis.com\/index.php\/wp-json\/wp\/v2\/posts"}],"about":[{"href":"https:\/\/bihavadis.com\/index.php\/wp-json\/wp\/v2\/types\/post"}],"author":[{"embeddable":true,"href":"https:\/\/bihavadis.com\/index.php\/wp-json\/wp\/v2\/users\/1"}],"replies":[{"embeddable":true,"href":"https:\/\/bihavadis.com\/index.php\/wp-json\/wp\/v2\/comments?post=32683"}],"version-history":[{"count":1,"href":"https:\/\/bihavadis.com\/index.php\/wp-json\/wp\/v2\/posts\/32683\/revisions"}],"predecessor-version":[{"id":32688,"href":"https:\/\/bihavadis.com\/index.php\/wp-json\/wp\/v2\/posts\/32683\/revisions\/32688"}],"wp:featuredmedia":[{"embeddable":true,"href":"https:\/\/bihavadis.com\/index.php\/wp-json\/wp\/v2\/media\/32684"}],"wp:attachment":[{"href":"https:\/\/bihavadis.com\/index.php\/wp-json\/wp\/v2\/media?parent=32683"}],"wp:term":[{"taxonomy":"category","embeddable":true,"href":"https:\/\/bihavadis.com\/index.php\/wp-json\/wp\/v2\/categories?post=32683"},{"taxonomy":"post_tag","embeddable":true,"href":"https:\/\/bihavadis.com\/index.php\/wp-json\/wp\/v2\/tags?post=32683"}],"curies":[{"name":"wp","href":"https:\/\/api.w.org\/{rel}","templated":true}]}}