{"id":32699,"date":"2026-02-14T06:12:06","date_gmt":"2026-02-14T06:12:06","guid":{"rendered":"https:\/\/bihavadis.com\/?p=32699"},"modified":"2026-02-14T06:12:06","modified_gmt":"2026-02-14T06:12:06","slug":"ankarada-1573-engelli-vatandas-kamu-kurumlarina-atandi","status":"publish","type":"post","link":"https:\/\/bihavadis.com\/index.php\/2026\/02\/14\/ankarada-1573-engelli-vatandas-kamu-kurumlarina-atandi\/","title":{"rendered":"Ankara&#8217;da 1573 Engelli Vatanda\u015f Kamu Kurumlar\u0131na Atand\u0131"},"content":{"rendered":"<p>\n<p>ANKARA&#8217;da Engelli Kamu Personeli Se\u00e7me S\u0131nav\u0131 (EKPSS) kapsam\u0131nda memur olmaya hak kazanan 1573 engelli vatanda\u015f\u0131n, kamu kurum ve kurulu\u015flar\u0131na atamas\u0131 ger\u00e7ekle\u015ftirildi.<\/p>\n<p>Aile ve Sosyal Hizmetler Bakanl\u0131\u011f\u0131&#8217;nda d\u00fczenlenen engelli vatanda\u015flar\u0131n kamu kurumlar\u0131na yerle\u015ftirilmesi t\u00f6renine; Aile ve Sosyal Hizmetler Bakan\u0131 Mahir \u00d6zdemir G\u00f6kta\u015f, \u00d6l\u00e7me, Se\u00e7me ve Yerle\u015ftirme Merkezi (\u00d6SYM) Ba\u015fkan\u0131 Bayram Ali Ersoy, bakanl\u0131k \u00e7al\u0131\u015fanlar\u0131 ve engelli memur adaylar\u0131 ile aileleri kat\u0131ld\u0131. Programda, EKPSS kapsam\u0131nda kamuya atanmaya hak kazanan engelli memur adaylar\u0131n\u0131n g\u00f6rev yerleri a\u00e7\u0131kland\u0131. <\/p>\n<p>Bakan G\u00f6kta\u015f, &#8220;Bug\u00fcn, 1573 engelli vatanda\u015f\u0131m\u0131z\u0131, kamu kurumlar\u0131na yerle\u015ftirmek i\u00e7in bir araday\u0131z. B\u00f6ylesi \u00f6nemli bir g\u00fcnde, sizlerin heyecan\u0131n\u0131 ve sevincini payla\u015fmaktan b\u00fcy\u00fck bir mutluluk duyuyoruz. Ben \u015fimdiden her birinize, yeni g\u00f6revinizin hay\u0131rl\u0131 olmas\u0131n\u0131 diliyorum. Sosyal devlet anlay\u0131\u015f\u0131, toplumun t\u00fcm kesimlerini korurken, f\u0131rsat e\u015fitli\u011fini kal\u0131c\u0131 hale getiren temel bir g\u00fcvenlik a\u011f\u0131d\u0131r. Engelli politikalar\u0131m\u0131z da bu anlay\u0131\u015f\u0131n somut bir par\u00e7as\u0131d\u0131r. Cumhurba\u015fkan\u0131m\u0131z Say\u0131n Recep Tayyip Erdo\u011fan&#8217;\u0131n ortaya koydu\u011fu g\u00fc\u00e7l\u00fc iradenin yans\u0131mas\u0131d\u0131r&#8221; ifadelerini kulland\u0131.<\/p>\n<p>&#8216;ENGELL\u0130 MEMUR SAYISINI 82 B\u0130N 638&#8217;E \u00c7IKARDIK&#8217;<\/p>\n<p>Engelli vatanda\u015flar\u0131n ihtiya\u00e7lar\u0131na y\u00f6nelik politikalar\u0131 kararl\u0131l\u0131kla hayata ge\u00e7irdiklerini ifade eden G\u00f6kta\u015f, &#8220;Her bir engelli karde\u015fimizin kendi potansiyelini ger\u00e7ekle\u015ftirdi\u011fi g\u00fc\u00e7l\u00fc bir toplum in\u015fa etmeye gayret ettik. 2012 y\u0131l\u0131nda ba\u015flat\u0131lan EKPSS, bu hedefe hizmet eden ad\u0131mlardan biridir. 2002 y\u0131l\u0131nda kamuda g\u00f6rev yapan engelli memur say\u0131s\u0131 5 bin 777 iken, yap\u0131lan atamalarla bu say\u0131y\u0131 15 kat art\u0131rarak 82 bin 638&#8217;e \u00e7\u0131kard\u0131k. Burada \u00f6nemli unsurlardan biri de EKPSS s\u00fcrecinde engelli adaylar\u0131m\u0131z\u0131n y\u00fck\u00fcn\u00fc azaltmak i\u00e7in s\u0131nav \u00fccretinde sa\u011flad\u0131\u011f\u0131m\u0131z katk\u0131d\u0131r. Nitekim bakanl\u0131k olarak, 2024 y\u0131l\u0131 EKPSS kapsam\u0131nda 33,8 milyon lira s\u0131nav \u00fccretini biz kar\u015f\u0131lad\u0131k. Bu y\u0131l, 8&#8217;incisi yap\u0131lacak s\u0131nav i\u00e7in de desteklerimizi s\u00fcrd\u00fcrece\u011fiz&#8221; dedi.<\/p>\n<p>&#8216;ENGELL\u0130 KARDE\u015eLER\u0130M\u0130ZE DESTEK OLMAYI S\u00dcRD\u00dcR\u00dcYORUZ&#8217;<\/p>\n<p>Engelli vatanda\u015flara y\u00f6nelik, Evde Bak\u0131m Yard\u0131m\u0131 ve g\u00fcnd\u00fcz hizmetleri destek olduklar\u0131n\u0131 ifade eden Bakan G\u00f6kta\u015f, konu\u015fmas\u0131n\u0131 \u015f\u00f6yle s\u00fcrd\u00fcrd\u00fc: <\/p>\n<p>&#8220;\u0130stihdam\u0131 art\u0131rman\u0131n yan\u0131 s\u0131ra aile odakl\u0131 hizmetlerimizle engelli karde\u015flerimize destek olmay\u0131 s\u00fcrd\u00fcr\u00fcyoruz. Bu alanda temel politikam\u0131z, bireyin ailesinden ve sosyal \u00e7evresinden kopmadan, kendi ya\u015fam alan\u0131nda desteklenmesidir. Bug\u00fcn itibariyle Evde Bak\u0131m Yard\u0131m\u0131m\u0131zdan 517 bin vatanda\u015f\u0131m\u0131z yararlan\u0131yor. Bug\u00fcne kadar, yakla\u015f\u0131k 240 milyar lira Evde Bak\u0131m Deste\u011fi sa\u011flad\u0131k. Di\u011fer yandan evde bak\u0131m deste\u011fimizi, ailelerin ve engelli bireylerin g\u00fcn i\u00e7inde e\u011fitim, rehabilitasyon ve sosyal etkile\u015fim imkan\u0131na eri\u015febilece\u011fi g\u00fcnd\u00fcz hizmetleriyle tamaml\u0131yoruz. Bu alan\u0131, hizmet zincirimizin vazge\u00e7ilmez par\u00e7as\u0131 olarak g\u00f6r\u00fcyoruz. T\u00fcrkiye&#8217;nin d\u00f6rt bir yan\u0131nda bulunan 187 g\u00fcnd\u00fczl\u00fc bak\u0131m, rehabilitasyon ve aktif ya\u015fam merkezleri ile \u00f6z bak\u0131m becerilerinden ileti\u015fim ve sosyal uyuma uzanan hizmetler sunuyoruz. Ankara, Bursa, Mersin ve Kahramanmara\u015f&#8217;ta kurdu\u011fumuz Erken \u00c7ocukluk Geli\u015fim Merkezleri ile \u00e7ocuklar\u0131m\u0131z\u0131 destekliyoruz. Bunun yan\u0131 s\u0131ra ailelerine rehberlik ederek \u00e7ocuklar\u0131m\u0131z\u0131n geli\u015fimlerini g\u00fc\u00e7lendiriyoruz. Di\u011fer yandan Bireysel Sosyal Hizmet Dan\u0131\u015fmanl\u0131\u011f\u0131 Modeli ile hem otizmli bireylere hem de ailelerine destek olmay\u0131 s\u00fcrd\u00fcr\u00fcyoruz. Bu s\u00fcre\u00e7te ise 18 ilimizde 3 bin 789 aileye bireysel dan\u0131\u015fmanl\u0131k hizmeti sa\u011flad\u0131k. Ayr\u0131ca, kamusal alanlardan dijital hizmetlere kadar her ortamda eri\u015filebilirli\u011fi yayg\u0131nla\u015ft\u0131r\u0131yoruz. Ge\u00e7ti\u011fimiz y\u0131l yay\u0131mlanan iki \u00f6nemli Cumhurba\u015fkanl\u0131\u011f\u0131 genelgesiyle, engelli bireylerin bilgiye ve kamusal s\u00fcre\u00e7lere eri\u015fimini bir standart haline getirdik. Engelsiz T\u00fcrkiye Mobil Uygulamam\u0131zla, engelli bireylerin hizmetlere daha h\u0131zl\u0131, g\u00fcvenli ve kolay \u015fekilde ula\u015fmalar\u0131n\u0131 sa\u011fl\u0131yoruz. Engelli vatanda\u015flar\u0131m\u0131z i\u00e7in istihdam\u0131 b\u00fcy\u00fcten, eri\u015filebilirli\u011fi yayg\u0131nla\u015ft\u0131ran ve aile desteklerini g\u00fc\u00e7lendiren \u00e7al\u0131\u015fmalar\u0131m\u0131z\u0131 s\u00fcrd\u00fcrece\u011fiz.&#8221; <\/p>\n","protected":false},"excerpt":{"rendered":"<p>Ankara&#8217;da Engelli Kamu Personeli Se\u00e7me S\u0131nav\u0131 (EKPSS) kapsam\u0131nda 1573 engelli vatanda\u015f\u0131n kamu kurumlar\u0131na atamas\u0131 ger\u00e7ekle\u015ftirildi. Aile ve Sosyal Hizmetler Bakan\u0131 Mahir \u00d6zdemir G\u00f6kta\u015f, atama t\u00f6reninde engelli bireylerin kamu istihdam\u0131n\u0131 art\u0131ran politikalar\u0131n \u00f6nemine vurgu yapt\u0131 ve engelli memur say\u0131s\u0131n\u0131n 82 bin 638&#8217;e y\u00fckseldi\u011fini a\u00e7\u0131klad\u0131. Ayr\u0131ca, engelli bireylere y\u00f6nelik destek programlar\u0131 ve istihdam art\u0131r\u0131c\u0131 \u00f6nlemler hakk\u0131nda bilgi verdi.<\/p>\n","protected":false},"author":1,"featured_media":32700,"comment_status":"open","ping_status":"open","sticky":false,"template":"","format":"standard","meta":{"footnotes":""},"categories":[9,4,13],"tags":[250,498,648,4647,2393],"class_list":["post-32699","post","type-post","status-publish","format-standard","has-post-thumbnail","hentry","category-genel","category-gundem","category-son-dakika","tag-aile","tag-destek","tag-engelli","tag-hizmetler","tag-kamu"],"_links":{"self":[{"href":"https:\/\/bihavadis.com\/index.php\/wp-json\/wp\/v2\/posts\/32699","targetHints":{"allow":["GET"]}}],"collection":[{"href":"https:\/\/bihavadis.com\/index.php\/wp-json\/wp\/v2\/posts"}],"about":[{"href":"https:\/\/bihavadis.com\/index.php\/wp-json\/wp\/v2\/types\/post"}],"author":[{"embeddable":true,"href":"https:\/\/bihavadis.com\/index.php\/wp-json\/wp\/v2\/users\/1"}],"replies":[{"embeddable":true,"href":"https:\/\/bihavadis.com\/index.php\/wp-json\/wp\/v2\/comments?post=32699"}],"version-history":[{"count":1,"href":"https:\/\/bihavadis.com\/index.php\/wp-json\/wp\/v2\/posts\/32699\/revisions"}],"predecessor-version":[{"id":32701,"href":"https:\/\/bihavadis.com\/index.php\/wp-json\/wp\/v2\/posts\/32699\/revisions\/32701"}],"wp:featuredmedia":[{"embeddable":true,"href":"https:\/\/bihavadis.com\/index.php\/wp-json\/wp\/v2\/media\/32700"}],"wp:attachment":[{"href":"https:\/\/bihavadis.com\/index.php\/wp-json\/wp\/v2\/media?parent=32699"}],"wp:term":[{"taxonomy":"category","embeddable":true,"href":"https:\/\/bihavadis.com\/index.php\/wp-json\/wp\/v2\/categories?post=32699"},{"taxonomy":"post_tag","embeddable":true,"href":"https:\/\/bihavadis.com\/index.php\/wp-json\/wp\/v2\/tags?post=32699"}],"curies":[{"name":"wp","href":"https:\/\/api.w.org\/{rel}","templated":true}]}}