{"id":32740,"date":"2026-02-14T06:51:07","date_gmt":"2026-02-14T06:51:07","guid":{"rendered":"https:\/\/bihavadis.com\/?p=32740"},"modified":"2026-02-14T06:51:07","modified_gmt":"2026-02-14T06:51:07","slug":"hakan-fidanin-nukleer-silah-sorusuna-tepkisi-gundem-oldu","status":"publish","type":"post","link":"https:\/\/bihavadis.com\/index.php\/2026\/02\/14\/hakan-fidanin-nukleer-silah-sorusuna-tepkisi-gundem-oldu\/","title":{"rendered":"Hakan Fidan&#8217;\u0131n, &#8220;n\u00fckleer silah&#8221; sorusuna tepkisi g\u00fcndem oldu"},"content":{"rendered":"<p>Sosyal medya y\u0131k\u0131ld\u0131&#8230;<\/p>\n<p>D\u0131\u015fi\u015fleri Bakan\u0131 Hakan Fidan&#8217;\u0131n<b><em> &#8220;n\u00fckleer&#8221; <\/em><\/b>sorusuna verdi\u011fi tepki sonras\u0131, kullan\u0131c\u0131lar bu sessizli\u011fi <b><em>&#8220;S\u00fckut ikrardand\u0131r&#8221; <\/em><\/b>olarak kabul ettiklerine y\u00f6nelik payla\u015f\u0131mlar yapt\u0131.<\/p>\n<p>Hakan Fidan\u2019\u0131n CNN T\u00fcrk\u2019te Ahmet Hakan&#8217;\u0131n sundu\u011fu Tarafs\u0131z B\u00f6lge program\u0131nda sorular\u0131 yan\u0131tlad\u0131.<\/p>\n<p>Program s\u0131ras\u0131nda gazeteci Ahmet Hakan, savunma sanayiindeki geli\u015fmelerin konu\u015fuldu\u011fu b\u00f6l\u00fcmde Bakan Fidan\u2019a,<b><em> \u201cT\u00fcrkiye\u2019nin n\u00fckleer silaha sahip olmas\u0131 gerekir mi?\u201d<\/em><\/b> sorusunu y\u00f6neltti.<\/p>\n<p><strong>ST\u00dcDYODA DER\u0130N B\u0130R SESS\u0130ZL\u0130K YA\u015eANDI<\/strong><\/p>\n<p>Soru kar\u015f\u0131s\u0131nda Fidan\u2019\u0131n herhangi bir s\u00f6zl\u00fc yan\u0131t vermemesi ve sessizli\u011fini korumas\u0131 st\u00fcdyoda k\u0131sa s\u00fcreli bir duraksamaya yol a\u00e7t\u0131.<\/p>\n<p>Ahmet Hakan\u2019\u0131n<b><em> \u201c\u0130sterseniz \u2018no comment\u2019 diyebilirsiniz\u201d<\/em><\/b> \u015feklindeki hat\u0131rlatmas\u0131na ra\u011fmen Fidan\u2019\u0131n konu\u015fmamas\u0131 \u00fczerine Ahmet Hakan,<b><em> \u201cPeki, ge\u00e7iyorum\u201d<\/em><\/b> diyerek ba\u015fka bir konuya ge\u00e7ti.<\/p>\n<p>Fidan&#8217;\u0131n bu tavr\u0131, program\u0131 izleyen bir \u00e7ok ki\u015fi taraf\u0131ndan sosyal medya vas\u0131tas\u0131yla payla\u015f\u0131larak,<b><em> &#8220;Mesaj al\u0131nd\u0131&#8221;<\/em><\/b> \u015feklinde yorumland\u0131.<\/p>\n<p><img decoding=\"async\" src=\"https:\/\/bihavadis.com\/wp-content\/uploads\/2026\/02\/hakan-fidanin-nukleer-silah-sorusuna-tepkisi-gundem-oldu-0-s2PPDKmA.jpg\"\/><\/p>\n","protected":false},"excerpt":{"rendered":"<p>D\u0131\u015fi\u015fleri Bakan\u0131 Hakan Fidan, kendisine y\u00f6neltilen &#8220;T\u00fcrkiye\u2019nin n\u00fckleer silaha sahip olmas\u0131 gerekir mi?&#8221; sorusu sonras\u0131 sessiz kald\u0131. Fidan&#8217;\u0131n sessizli\u011fi, sosyal medya kullan\u0131c\u0131lar\u0131 aras\u0131nda &#8220;Mesaj al\u0131nd\u0131&#8221; \u015feklinde yorumland\u0131.<\/p>\n","protected":false},"author":1,"featured_media":32741,"comment_status":"open","ping_status":"open","sticky":false,"template":"","format":"standard","meta":{"footnotes":""},"categories":[9,13],"tags":[4934],"class_list":["post-32740","post","type-post","status-publish","format-standard","has-post-thumbnail","hentry","category-genel","category-son-dakika","tag-hakan"],"_links":{"self":[{"href":"https:\/\/bihavadis.com\/index.php\/wp-json\/wp\/v2\/posts\/32740","targetHints":{"allow":["GET"]}}],"collection":[{"href":"https:\/\/bihavadis.com\/index.php\/wp-json\/wp\/v2\/posts"}],"about":[{"href":"https:\/\/bihavadis.com\/index.php\/wp-json\/wp\/v2\/types\/post"}],"author":[{"embeddable":true,"href":"https:\/\/bihavadis.com\/index.php\/wp-json\/wp\/v2\/users\/1"}],"replies":[{"embeddable":true,"href":"https:\/\/bihavadis.com\/index.php\/wp-json\/wp\/v2\/comments?post=32740"}],"version-history":[{"count":1,"href":"https:\/\/bihavadis.com\/index.php\/wp-json\/wp\/v2\/posts\/32740\/revisions"}],"predecessor-version":[{"id":32743,"href":"https:\/\/bihavadis.com\/index.php\/wp-json\/wp\/v2\/posts\/32740\/revisions\/32743"}],"wp:featuredmedia":[{"embeddable":true,"href":"https:\/\/bihavadis.com\/index.php\/wp-json\/wp\/v2\/media\/32741"}],"wp:attachment":[{"href":"https:\/\/bihavadis.com\/index.php\/wp-json\/wp\/v2\/media?parent=32740"}],"wp:term":[{"taxonomy":"category","embeddable":true,"href":"https:\/\/bihavadis.com\/index.php\/wp-json\/wp\/v2\/categories?post=32740"},{"taxonomy":"post_tag","embeddable":true,"href":"https:\/\/bihavadis.com\/index.php\/wp-json\/wp\/v2\/tags?post=32740"}],"curies":[{"name":"wp","href":"https:\/\/api.w.org\/{rel}","templated":true}]}}