{"id":32767,"date":"2026-02-14T07:15:04","date_gmt":"2026-02-14T07:15:04","guid":{"rendered":"https:\/\/bihavadis.com\/?p=32767"},"modified":"2026-02-14T07:15:04","modified_gmt":"2026-02-14T07:15:04","slug":"ngolo-kante-umarim-taraftarlarla-birlikte-sezonu-da-kazaniriz","status":"publish","type":"post","link":"https:\/\/bihavadis.com\/index.php\/2026\/02\/14\/ngolo-kante-umarim-taraftarlarla-birlikte-sezonu-da-kazaniriz\/","title":{"rendered":"N&#8217;Golo Kante: Umar\u0131m taraftarlarla birlikte sezonu da kazan\u0131r\u0131z"},"content":{"rendered":"<p>Fenerbah\u00e7e,\u00a0S\u00fcper Lig&#8217;in 21. haftas\u0131nda sahas\u0131nda Gen\u00e7lerbirli\u011fi&#8217;ni 3-1&#8217;lik skorla ma\u011flup etti.<\/p>\n<p>\u015e\u00fckr\u00fc Sara\u00e7o\u011flu Stad\u0131&#8217;nda oynanan m\u00fccadeleye ilk 11&#8217;de ba\u015flayan ve sar\u0131-lacivertli formayla ilk ma\u00e7\u0131na \u00e7\u0131kan y\u0131ld\u0131z futbolcu N&#8217;Golo Kante, kar\u015f\u0131la\u015fman\u0131n ard\u0131ndan bas\u0131n mensuplar\u0131na a\u00e7\u0131klamalarda bulundu.<\/p>\n<p><strong>&#8220;BUG\u00dcN SAHAYA \u0130LK \u00c7IKI\u015eIMDI&#8221;<\/strong><\/p>\n<p>Taraftarla ilk bulu\u015fmas\u0131nda kendisini \u00e7ok iyi hissetti\u011fini vurgulayan Kante, <em><b>&#8220;Bug\u00fcn sahaya ilk \u00e7\u0131k\u0131\u015f\u0131md\u0131. \u0130lk ma\u00e7\u0131mda iyi bir galibiyet ald\u0131k, beraber kazand\u0131k. Taraftarlar ma\u00e7\u0131n ba\u015f\u0131ndan sonuna kadar destek verdi. \u00c7ok iyi bir atmosferdi. Umar\u0131m taraftarlarla birlikte sezonu da kazan\u0131r\u0131z.&#8221; <\/b><\/em>\u015feklinde konu\u015ftu.<\/p>\n<p><img decoding=\"async\" src=\"https:\/\/bihavadis.com\/wp-content\/uploads\/2026\/02\/ngolo-kante-umarim-taraftarlarla-birlikte-sezonu-da-kazaniriz-0-Osgeb1wq.jpg\"\/><\/p>\n<p><strong>&#8220;\u00c7OK G\u00dcZEL B\u0130R KAR\u015eILAMA OLDU&#8221;<\/strong><\/p>\n<p>Ma\u00e7tan \u00f6nce kendisi i\u00e7in yap\u0131lan tezah\u00fcratlara da de\u011finen Kante,<em><b> &#8220;\u00c7ok g\u00fczel bir kar\u015f\u0131lama oldu. Umar\u0131m onlar\u0131n bu deste\u011fine en iyi \u015fekilde kar\u015f\u0131l\u0131k veririm.&#8221;<\/b><\/em> ifadelerini kulland\u0131.<\/p>\n","protected":false},"excerpt":{"rendered":"<p>S\u00fcper Lig&#8217;in 21. haftas\u0131nda Gen\u00e7lerbirli\u011fi&#8217;ni 3-1 yenen Fenerbah\u00e7e&#8217;de Frans\u0131z futbolcu N&#8217;Golo Kante, &#8220;Umar\u0131m taraftarlarla birlikte sezonu da kazan\u0131r\u0131z&#8221; diye konu\u015ftu.<\/p>\n","protected":false},"author":1,"featured_media":32768,"comment_status":"open","ping_status":"open","sticky":false,"template":"","format":"standard","meta":{"footnotes":""},"categories":[14],"tags":[],"class_list":["post-32767","post","type-post","status-publish","format-standard","has-post-thumbnail","hentry","category-spor"],"_links":{"self":[{"href":"https:\/\/bihavadis.com\/index.php\/wp-json\/wp\/v2\/posts\/32767","targetHints":{"allow":["GET"]}}],"collection":[{"href":"https:\/\/bihavadis.com\/index.php\/wp-json\/wp\/v2\/posts"}],"about":[{"href":"https:\/\/bihavadis.com\/index.php\/wp-json\/wp\/v2\/types\/post"}],"author":[{"embeddable":true,"href":"https:\/\/bihavadis.com\/index.php\/wp-json\/wp\/v2\/users\/1"}],"replies":[{"embeddable":true,"href":"https:\/\/bihavadis.com\/index.php\/wp-json\/wp\/v2\/comments?post=32767"}],"version-history":[{"count":1,"href":"https:\/\/bihavadis.com\/index.php\/wp-json\/wp\/v2\/posts\/32767\/revisions"}],"predecessor-version":[{"id":32770,"href":"https:\/\/bihavadis.com\/index.php\/wp-json\/wp\/v2\/posts\/32767\/revisions\/32770"}],"wp:featuredmedia":[{"embeddable":true,"href":"https:\/\/bihavadis.com\/index.php\/wp-json\/wp\/v2\/media\/32768"}],"wp:attachment":[{"href":"https:\/\/bihavadis.com\/index.php\/wp-json\/wp\/v2\/media?parent=32767"}],"wp:term":[{"taxonomy":"category","embeddable":true,"href":"https:\/\/bihavadis.com\/index.php\/wp-json\/wp\/v2\/categories?post=32767"},{"taxonomy":"post_tag","embeddable":true,"href":"https:\/\/bihavadis.com\/index.php\/wp-json\/wp\/v2\/tags?post=32767"}],"curies":[{"name":"wp","href":"https:\/\/api.w.org\/{rel}","templated":true}]}}