{"id":32796,"date":"2026-02-14T07:39:04","date_gmt":"2026-02-14T07:39:04","guid":{"rendered":"https:\/\/bihavadis.com\/?p=32796"},"modified":"2026-02-14T07:39:04","modified_gmt":"2026-02-14T07:39:04","slug":"izmit-yenidogana-modern-kapali-pazar-alani-geliyor","status":"publish","type":"post","link":"https:\/\/bihavadis.com\/index.php\/2026\/02\/14\/izmit-yenidogana-modern-kapali-pazar-alani-geliyor\/","title":{"rendered":"\u0130zmit Yenido\u011fan&#8217;a modern kapal\u0131 pazar alan\u0131 geliyor"},"content":{"rendered":"<p>Kocaeli B\u00fcy\u00fck\u015fehir Belediyesi, kent genelinde hayata ge\u00e7irdi\u011fi kapal\u0131 pazar projelerine bir yenisini daha eklemeye haz\u0131rlan\u0131yor. \u0130zmit Yenido\u011fan Mahallesi\u2019nde in\u015fa edilmesi planlanan yeni kapal\u0131 pazar alan\u0131, b\u00f6lge halk\u0131na daha konforlu ve modern bir al\u0131\u015fveri\u015f ortam\u0131 sunacak.<\/p>\n<p><b>PAZAR ALANI SEKA DEVLET HASTANES\u0130\u2019NE \u00c7OK YAKIN<\/b><\/p>\n<p>Kocaeli\u2019yi her alanda gelece\u011fe ta\u015f\u0131yacak projeleri birer birer hayata ge\u00e7iren B\u00fcy\u00fck\u015fehir Belediyesi, di\u011fer taraftan vatanda\u015flar\u0131n ya\u015fam kalitesini art\u0131racak yat\u0131r\u0131mlar\u0131 da h\u0131z kesmeden s\u00fcrd\u00fcr\u00fcyor. Bu kapsamda B\u00fcy\u00fck\u015fehir, \u0130zmit Yenido\u011fan\u2019a modern kapal\u0131 pazar alan\u0131 in\u015fa ediyor.<\/p>\n<p>\u0130zmit Yenido\u011fan Mahallesi Halit Cansever Sokak ile Mehmet Ali Ka\u011f\u0131t\u00e7\u0131 Sokak aras\u0131nda bulunan \u201c\u0130zmit Yenido\u011fan Kapal\u0131 Pazar Alan\u0131 Projesi\u201d,<\/p>\n<p>Seka Devlet Hastanesi\u2019ne de yak\u0131n bir mesafede bulunuyor. Vatanda\u015f\u0131n g\u00fcnl\u00fck ya\u015fam\u0131n\u0131 kolayla\u015ft\u0131racak olan proje, hem mahalle sakinlerine hem de \u00e7evre b\u00f6lgelerde ya\u015fayan vatanda\u015flara hizmet verecek \u015fekilde tasarland\u0131. Merkezi konumu sayesinde ula\u015f\u0131m kolayl\u0131\u011f\u0131 sa\u011flayacak olan pazar alan\u0131, haftan\u0131n belirli g\u00fcnlerinde kurulacak semt pazar\u0131yla b\u00f6lge ekonomisine de canl\u0131l\u0131k kazand\u0131racak.<\/p>\n<p><b>DO\u011eAL HAVALANDIRMALI MODERN B\u0130R PAZAR<\/b><\/p>\n<p>Toplam 5.700 metrekarelik sa\u00e7ak alt\u0131 kapal\u0131 alana sahip olacak yap\u0131, y\u00fcksek tavanl\u0131 ve do\u011fal havaland\u0131rmaya imk\u00e2n veren modern mimarisiyle dikkat \u00e7ekiyor. \u00c7elik konstr\u00fcksiyon ta\u015f\u0131y\u0131c\u0131 sistemle in\u015fa edilecek pazar alan\u0131, ferah ve g\u00fcvenli bir al\u0131\u015fveri\u015f ortam\u0131 sunacak \u015fekilde planland\u0131.<\/p>\n<p><b>OTOPARK ALANI DA D\u00dc\u015e\u00dcN\u00dcLD\u00dc<\/b><\/p>\n<p>D\u00fczenli ve planl\u0131 yerle\u015fim sayesinde hem esnaf hem de vatanda\u015flar i\u00e7in daha i\u015flevsel bir kullan\u0131m alan\u0131 olu\u015fturulmas\u0131 ama\u00e7lanan pazar alan\u0131n\u0131n yak\u0131n\u0131na a\u00e7\u0131k otopark cepleri d\u00fczenlenerek, ara\u00e7l\u0131 ula\u015f\u0131m\u0131n kolayla\u015ft\u0131r\u0131lmas\u0131 d\u00fc\u015f\u00fcn\u00fcld\u00fc. Yeni kapal\u0131 pazar alan\u0131 tamamland\u0131\u011f\u0131nda, Yenido\u011fan Mahallesi modern, d\u00fczenli ve d\u00f6rt mevsim hizmet verebilecek bir al\u0131\u015fveri\u015f alan\u0131na kavu\u015fmu\u015f olacak.<\/p>\n<p><b>PROJE \u00c7ALI\u015eMALARI BA\u015eLADI<\/b><\/p>\n<p>Et\u00fct ve Projeler Dairesi Ba\u015fkanl\u0131\u011f\u0131nca y\u00fcr\u00fct\u00fclen projenin teknik ve planlama \u00e7al\u0131\u015fmalar\u0131 ba\u015flat\u0131l\u0131rken, bu s\u00fcrecin tamamlanmas\u0131n\u0131n ard\u0131ndan ihale a\u015famas\u0131na ge\u00e7ilerek, kapal\u0131 pazar\u0131n yap\u0131m\u0131na ba\u015flanmas\u0131 planlan\u0131yor.<\/p>\n<p>\u00a0<\/p>\n<p>\u00a0<\/p>\n<p>Kaynak: (BYZHA) Beyaz Haber Ajans\u0131<\/p>\n","protected":false},"excerpt":{"rendered":"<p>Kocaeli B\u00fcy\u00fck\u015fehir Belediyesi, kent genelinde hayata ge\u00e7irdi\u011fi kapal\u0131 pazar projelerine bir yenisini daha eklemeye haz\u0131rlan\u0131yor<\/p>\n","protected":false},"author":1,"featured_media":32797,"comment_status":"open","ping_status":"open","sticky":false,"template":"","format":"standard","meta":{"footnotes":""},"categories":[4],"tags":[3427,4939,347,4940],"class_list":["post-32796","post","type-post","status-publish","format-standard","has-post-thumbnail","hentry","category-gundem","tag-alani","tag-modern","tag-pazar","tag-yenidogan"],"_links":{"self":[{"href":"https:\/\/bihavadis.com\/index.php\/wp-json\/wp\/v2\/posts\/32796","targetHints":{"allow":["GET"]}}],"collection":[{"href":"https:\/\/bihavadis.com\/index.php\/wp-json\/wp\/v2\/posts"}],"about":[{"href":"https:\/\/bihavadis.com\/index.php\/wp-json\/wp\/v2\/types\/post"}],"author":[{"embeddable":true,"href":"https:\/\/bihavadis.com\/index.php\/wp-json\/wp\/v2\/users\/1"}],"replies":[{"embeddable":true,"href":"https:\/\/bihavadis.com\/index.php\/wp-json\/wp\/v2\/comments?post=32796"}],"version-history":[{"count":1,"href":"https:\/\/bihavadis.com\/index.php\/wp-json\/wp\/v2\/posts\/32796\/revisions"}],"predecessor-version":[{"id":32798,"href":"https:\/\/bihavadis.com\/index.php\/wp-json\/wp\/v2\/posts\/32796\/revisions\/32798"}],"wp:featuredmedia":[{"embeddable":true,"href":"https:\/\/bihavadis.com\/index.php\/wp-json\/wp\/v2\/media\/32797"}],"wp:attachment":[{"href":"https:\/\/bihavadis.com\/index.php\/wp-json\/wp\/v2\/media?parent=32796"}],"wp:term":[{"taxonomy":"category","embeddable":true,"href":"https:\/\/bihavadis.com\/index.php\/wp-json\/wp\/v2\/categories?post=32796"},{"taxonomy":"post_tag","embeddable":true,"href":"https:\/\/bihavadis.com\/index.php\/wp-json\/wp\/v2\/tags?post=32796"}],"curies":[{"name":"wp","href":"https:\/\/api.w.org\/{rel}","templated":true}]}}