{"id":32846,"date":"2026-02-14T08:18:06","date_gmt":"2026-02-14T08:18:06","guid":{"rendered":"https:\/\/bihavadis.com\/?p=32846"},"modified":"2026-02-14T08:18:06","modified_gmt":"2026-02-14T08:18:06","slug":"izmirde-saganak-alsancakta-su-baskinlari","status":"publish","type":"post","link":"https:\/\/bihavadis.com\/index.php\/2026\/02\/14\/izmirde-saganak-alsancakta-su-baskinlari\/","title":{"rendered":"\u0130zmir&#8217;de Sa\u011fanak, Alsancak&#8217;ta Su Bask\u0131nlar\u0131"},"content":{"rendered":"<p> \u0130zmir&#8217;de etkili olan sa\u011fanak nedeniyle Alsancak Semti&#8217;nde baz\u0131 i\u015f yerlerini su bast\u0131.<\/p>\n<p>Kentte ba\u015flayan kuvvetli sa\u011fanak sabah saatlerinde \u015fiddetini art\u0131rd\u0131. Ya\u011fmur \u00f6zellikle Konak, Gaziemir, Bornova ve Buca il\u00e7elerinde ya\u015fam\u0131 olumsuz etkiledi, baz\u0131 sokak ve yollarda su birikintileri olu\u015ftu.<\/p>\n<p>Ya\u011f\u0131\u015f, Alsancak&#8217;taki baz\u0131 i\u015f yerlerinde su bask\u0131nlar\u0131na neden oldu. Caddede biriken sular nedeniyle ara\u00e7lar zorlukla ilerlerken, i\u015f yerlerini su basan esnaf, temizlik \u00e7al\u0131\u015fmalar\u0131 yapt\u0131. Bir\u00e7ok esnaf d\u00fckkanlar\u0131nda biriken suyu dalg\u0131\u00e7 pompalarla bo\u015faltmaya \u00e7al\u0131\u015ft\u0131.<\/p>\n<p>B\u00f6lgeye sevk edilen \u0130ZSU ekipleri de su tahliyesinde esnafa yard\u0131mc\u0131 oldu.<\/p>\n<p>Esnaf Evren Yurtoda, bulunduklar\u0131 soka\u011f\u0131n her y\u0131l kaz\u0131l\u0131p yap\u0131ld\u0131\u011f\u0131n\u0131, ya\u015fad\u0131klar\u0131 kar\u015f\u0131s\u0131nda s\u00f6yleyecek bir \u015fey bulamad\u0131\u011f\u0131n\u0131 ifade etti.<\/p>\n<p>B\u00f6lgedeki i\u015f yerlerini suyun bast\u0131\u011f\u0131n\u0131 anlatan Yurtoda, &#8220;5 y\u0131ld\u0131r ayn\u0131, sonu\u00e7 ve manzara hi\u00e7 de\u011fi\u015fmiyor. Esnaf kan a\u011fl\u0131yor. Her sene bu manzaray\u0131 ya\u015f\u0131yoruz. Bu duruma hi\u00e7 \u015fa\u015f\u0131rm\u0131yoruz.&#8221; dedi.<\/p>\n<p>Berker Yal\u0131m da her ya\u011fmurdan sonra sokakta ayn\u0131 manzaran\u0131n ya\u015fand\u0131\u011f\u0131n\u0131 kaydetti.<\/p>\n<p>Mahalle sakinleri ve esnaf\u0131n zor durumda oldu\u011funu anlatan Yal\u0131m, &#8220;Yap\u0131lsa da yap\u0131lmasa da ayn\u0131 \u015fey. D\u00fczg\u00fcn yapt\u0131klar\u0131 yok zaten. E\u011fim bu tarafa diyorlar, o tarafa kaz\u0131 yap\u0131yorlar. Her \u015feyi farkl\u0131 farkl\u0131 yap\u0131yorlar. Suyun birinci katlara \u00e7\u0131kmad\u0131\u011f\u0131na \u015fa\u015f\u0131r\u0131yorum. La\u011f\u0131mdan da zeminden de su geliyor. Baya\u011f\u0131 dolu, etraf\u0131 g\u00f6r\u00fcyorsunuz.&#8221; diye konu\u015ftu.<\/p>\n<p>Arazide mahsur kalan 3 ki\u015fi kurtar\u0131ld\u0131<\/p>\n<p>\u0130zmir B\u00fcy\u00fck\u015fehir Belediyesinden yap\u0131lan a\u00e7\u0131klamaya g\u00f6re, d\u00fcn ak\u015fam etkili olan sa\u011fanak sonras\u0131 sahadaki m\u00fcdahale ve \u00f6nlem \u00e7al\u0131\u015fmalar\u0131 kapsam\u0131nda Kar\u015f\u0131yaka Yamanlar Mesire Alan\u0131&#8217;nda, bir ki\u015finin arazide mahsur kald\u0131\u011f\u0131 ihbar\u0131 al\u0131nd\u0131.<\/p>\n<p>\u0130hbar \u00fczerine b\u00f6lgeye itfaiye ve AFAD ekipleri sevk edildi<\/p>\n<p>Kurtarma arac\u0131 ve 4 personel ile olay yerine ula\u015fan itfaiye ekipleri, mahsur kalan vatanda\u015fla ileti\u015fim kurarak arazideki konumunu belirledi.<\/p>\n<p>Arazinin yo\u011fun \u00e7amur ve bal\u00e7\u0131k olmas\u0131 nedeniyle arama ve kurtarma \u00e7al\u0131\u015fmalar\u0131 yaya olarak s\u00fcrd\u00fcren ekipler, arac\u0131nda mahsur kalan kad\u0131n s\u00fcr\u00fcc\u00fcye ula\u015ft\u0131.<\/p>\n<p>Arac\u0131yla off-road yapt\u0131\u011f\u0131 \u00f6\u011frenilen ve kuvvetli ya\u011f\u0131\u015f\u0131n dere yata\u011f\u0131ndaki su seviyesini y\u00fckseltmesiyle arac\u0131 \u00e7amura saplanan kad\u0131n\u0131n sa\u011fl\u0131k durumunun iyi oldu\u011fu belirlendi.<\/p>\n<p>Ekipler, s\u00fcr\u00fcc\u00fcn\u00fcn verdi\u011fi bilgiler do\u011frultusunda, yakla\u015f\u0131k 1,5 kilometre uzakl\u0131kta ba\u015fka bir arac\u0131n daha mahsur kald\u0131\u011f\u0131n\u0131 tespit etti<\/p>\n<p>\u0130tfaiye ve AFAD ekipleri, ara\u00e7lar\u0131nda mahsur kalan ve sa\u011fl\u0131k durumlar\u0131n\u0131n iyi oldu\u011fu belirtilen anne ve \u00e7ocu\u011funu da kurtard\u0131.<\/p>\n","protected":false},"excerpt":{"rendered":"<p>\u0130zmir&#8217;de etkili sa\u011fanak nedeniyle Alsancak&#8217;ta i\u015f yerlerini su bast\u0131, esnaf temizlik \u00e7al\u0131\u015fmalar\u0131 yapt\u0131.<\/p>\n","protected":false},"author":1,"featured_media":32847,"comment_status":"open","ping_status":"open","sticky":false,"template":"","format":"standard","meta":{"footnotes":""},"categories":[9,4,13],"tags":[533,2626],"class_list":["post-32846","post","type-post","status-publish","format-standard","has-post-thumbnail","hentry","category-genel","category-gundem","category-son-dakika","tag-esnaf","tag-mahsur"],"_links":{"self":[{"href":"https:\/\/bihavadis.com\/index.php\/wp-json\/wp\/v2\/posts\/32846","targetHints":{"allow":["GET"]}}],"collection":[{"href":"https:\/\/bihavadis.com\/index.php\/wp-json\/wp\/v2\/posts"}],"about":[{"href":"https:\/\/bihavadis.com\/index.php\/wp-json\/wp\/v2\/types\/post"}],"author":[{"embeddable":true,"href":"https:\/\/bihavadis.com\/index.php\/wp-json\/wp\/v2\/users\/1"}],"replies":[{"embeddable":true,"href":"https:\/\/bihavadis.com\/index.php\/wp-json\/wp\/v2\/comments?post=32846"}],"version-history":[{"count":1,"href":"https:\/\/bihavadis.com\/index.php\/wp-json\/wp\/v2\/posts\/32846\/revisions"}],"predecessor-version":[{"id":32848,"href":"https:\/\/bihavadis.com\/index.php\/wp-json\/wp\/v2\/posts\/32846\/revisions\/32848"}],"wp:featuredmedia":[{"embeddable":true,"href":"https:\/\/bihavadis.com\/index.php\/wp-json\/wp\/v2\/media\/32847"}],"wp:attachment":[{"href":"https:\/\/bihavadis.com\/index.php\/wp-json\/wp\/v2\/media?parent=32846"}],"wp:term":[{"taxonomy":"category","embeddable":true,"href":"https:\/\/bihavadis.com\/index.php\/wp-json\/wp\/v2\/categories?post=32846"},{"taxonomy":"post_tag","embeddable":true,"href":"https:\/\/bihavadis.com\/index.php\/wp-json\/wp\/v2\/tags?post=32846"}],"curies":[{"name":"wp","href":"https:\/\/api.w.org\/{rel}","templated":true}]}}