{"id":32858,"date":"2026-02-14T08:30:04","date_gmt":"2026-02-14T08:30:04","guid":{"rendered":"https:\/\/bihavadis.com\/?p=32858"},"modified":"2026-02-14T08:30:04","modified_gmt":"2026-02-14T08:30:04","slug":"kocaelide-10-bin-340-konutun-kuralari-cekildi","status":"publish","type":"post","link":"https:\/\/bihavadis.com\/index.php\/2026\/02\/14\/kocaelide-10-bin-340-konutun-kuralari-cekildi\/","title":{"rendered":"Kocaeli&#8217;de 10 bin 340 konutun kuralar\u0131 \u00e7ekildi"},"content":{"rendered":"<p>\u00c7evre, \u015eehircilik ve \u0130klim De\u011fi\u015fikli\u011fi Bakan\u0131 Murat Kurum ile Kocaeli B\u00fcy\u00fck\u015fehir Belediye Ba\u015fkan\u0131 Tahir B\u00fcy\u00fckak\u0131n, TOK\u0130&#8217;nin Kocaeli&#8217;de in\u015fa edece\u011fi 10 bin 340 konutun kura \u00e7ekili\u015f t\u00f6renine kat\u0131larak ailelerin mutlulu\u011funa ortak oldu.<\/p>\n<p>Cumhurba\u015fkan\u0131 Recep Tayyip Erdo\u011fan&#8217;\u0131n liderli\u011finde, \u00c7evre ve \u015eehircilik Bakanl\u0131\u011f\u0131&#8217;n\u0131n taraf\u0131ndan T\u00fcrkiye&#8217;nin genelinde 500 bin yeni konut in\u015fa edilecek. TOK\u0130 eli ile y\u00fcr\u00fct\u00fclen proje kapsam\u0131nda Kocaeli&#8217;de ise toplam 10 bin 340 konut yap\u0131lacak. Konutlar\u0131n kura \u00e7ekim t\u00f6reni, \u00c7evre, \u015eehircilik ve \u0130klim De\u011fi\u015fikli\u011fi Bakan\u0131 Murat Kurum&#8217;un kat\u0131l\u0131m\u0131 ile bug\u00fcn Kocaeli Kongre Merkezi&#8217;nde ger\u00e7ekle\u015ftirildi. Kocaeli B\u00fcy\u00fck\u015fehir Belediye Ba\u015fkan\u0131 Tahir B\u00fcy\u00fckak\u0131n da evlerine kavu\u015fman\u0131n heyecan\u0131 ya\u015fayan hak sahiplerinin mutlulu\u011funa ortak oldu.<\/p>\n<p><b>PROTOKOL TAM KADRO KATILDI<\/b><\/p>\n<p>Kura \u00e7ekim t\u00f6renine Kocaeli Valisi \u0130lhami Akta\u015f, Cumhurba\u015fkanl\u0131\u011f\u0131 Etik Kurulu \u00dcyesi \u0130brahim Karaosmano\u011flu, AK Parti Kocaeli Milletvekilleri Prof. Dr. Sadettin H\u00fclag\u00fc, Veysel Tipio\u011flu, Radiye Sezer Kat\u0131rc\u0131o\u011flu, Cemil Yaman, AK Parti \u0130l Ba\u015fkan\u0131 \u015eahin Talus, MHP \u0130l Ba\u015fkan\u0131 Kamil Ak\u0131n, BBP \u0130l Ba\u015fkan\u0131 Metehan K\u00fcp\u00e7\u00fc, Kocaeli \u00dcniversitesi Rekt\u00f6r\u00fc Prof. Dr. Zafer Cant\u00fcrk, belediye ve il\u00e7e ba\u015fkanlar\u0131 ile vatanda\u015flar kat\u0131ld\u0131.<\/p>\n<p><b>BAKAN KURUM&#8217;DAN KOCAEL\u0130&#8217;YE \u00d6VG\u00dcLER<\/b><\/p>\n<p>Bakan Murat Kurum t\u00f6rende yapt\u0131\u011f\u0131 konu\u015fmada, Kocaeli&#8217;den \u00f6vg\u00fc ile bahsetti. Bakan Kurum &#8220;Kocaeli bizi iyi bilir biz de Kocaeli\u2019ni iyi biliriz. Kocaeli bizim i\u00e7in \u015fehirlerden bir \u015fehir de\u011fil; Marmara b\u00f6lgemizin parlayan y\u0131ld\u0131z\u0131, T\u00fcrkiye\u2019mizin y\u00fcz ak\u0131, T\u00fcrkiye Y\u00fczy\u0131l\u0131\u2019n\u0131n anahtar\u0131d\u0131r. Biz \u015fehrimize b\u00f6yle bak\u0131yor; bu a\u015fkla hizmet ediyoruz. Allah\u2019a hamdolsun; bug\u00fcn Kocaeli\u2019mizin hangi il\u00e7esine giderseniz, hangi mahallesini gezerseniz eserlerimizi g\u00f6r\u00fcrs\u00fcn\u00fcz. Bu g\u00fcne kadar Kocaeli\u2019mize hemen her alanda say\u0131s\u0131z hizmet verdik.<\/p>\n<p><b>&#8220;K\u00d6RFEZ \u00c7AMURDAN KURTULUYOR&#8221;<\/b><\/p>\n<p>Ancak bizim i\u00e7in Kocaeli deyince iki konu daima ilk s\u0131radad\u0131r. Birincisi Kocaeli\u2019nin havas\u0131n\u0131, k\u00f6rfezini, ye\u015filini korumak. \u0130kincisi kentsel d\u00f6n\u00fc\u015f\u00fcmle, sosyal konutlarla depreme diren\u00e7li bir Kocaeli\u2019ye ula\u015fmak. B\u00fcy\u00fck\u015fehir Belediyemiz ile birlikte T\u00fcm Avrupa\u2019ya \u00f6rnek bir \u00e7evre projesine imza att\u0131k. Denizden on binlerce kamyon dip \u00e7amurunu \u00e7\u0131kard\u0131k, sudaki ya\u015fam\u0131 yeniden canland\u0131rd\u0131k. At\u0131k su ar\u0131tma tesisi say\u0131s\u0131n\u0131 12 tanesi ileri biyolojik olmak \u00fczere tam 23\u2019e \u00e7\u0131kard\u0131k. Bir yandan K\u00f6rfez&#8217;i kurtar\u0131rken di\u011fer yandan t\u00fcm il\u00e7elerimize ye\u015fil alanlar kazand\u0131rd\u0131k. Bu \u00e7er\u00e7evede \u015fimdiye kadar 9 millet bah\u00e7emizi hizmetinize sunduk. 4 millet bah\u00e7emizin yap\u0131m\u0131 devam ediyor. Dilovas\u0131 K\u00f6m\u00fcrc\u00fcler OSB\u2019yi yeni yerine ta\u015f\u0131yarak, \u015fehrimizi hava kirlili\u011finden kurtar\u0131yoruz.\u00a0<\/p>\n<p><b>CED\u0130T&#8217;TE TESL\u0130MATLAR \u00d6N\u00dcM\u00dcZDEK\u0130 AY<\/b><\/p>\n<p>Kentsel d\u00f6n\u00fc\u015f\u00fcmde Kocaeli\u2019mizin aciliyeti var. \u0130\u015fte bu anlay\u0131\u015fla Cedit Mahallemiz\u2019de t\u00fcm Marmara&#8217;ya \u00f6rnek olacak bin 105 konutluk deprem d\u00f6n\u00fc\u015f\u00fcm projemizi s\u00fcrd\u00fcr\u00fcyoruz. Son d\u00f6nemde meydana gelen depremler nedeniyle in\u015faat s\u00fcreci uzad\u0131, bunun fark\u0131nday\u0131z ve bu s\u00fcre\u00e7 nedeniyle artan maliyetleri hi\u00e7bir \u015fekilde vatanda\u015f\u0131m\u0131za yans\u0131tmayaca\u011f\u0131z, tamam\u0131n\u0131 devletimiz kar\u015f\u0131layacak. Dilovas\u0131 ve \u0130zmit Cedit\u2019teki, G\u00f6lc\u00fck\u2019te yapt\u0131\u011f\u0131m\u0131z d\u00f6n\u00fc\u015f\u00fcm projesindeki hak sahibi vatanda\u015flar\u0131m\u0131z\u0131n kuras\u0131n\u0131 Ramazan Bayram\u0131ndan sonra \u00e7ekece\u011fiz ve Cedit\u2019teki konutlar\u0131 mart ay\u0131n\u0131n sonuna kadar teslim edece\u011fiz. Say\u0131n Cumhurba\u015fkan\u0131m\u0131z\u0131n \u2018Vefal\u0131 Kocaeli\u2019 dedi\u011fi bu kent i\u00e7in \u00e7al\u0131\u015fmaya, \u00fcretmeye devam ediyoruz. 10 bin 340 konutu da ayn\u0131 kararl\u0131l\u0131kla yapaca\u011f\u0131z.&#8221;<\/p>\n<p><b>B\u00dcY\u00dcKAKIN: \u201cY\u0130NE KEY\u0130FL\u0130 B\u0130R G\u00dcN YA\u015eIYORUZ\u201d<\/b><\/p>\n<p>T\u00f6rende konu\u015fan ve Bakan Murat Kurum&#8217;un geli\u015fi ile yine \u00e7ok keyifli bir g\u00fcn ya\u015fad\u0131klar\u0131n\u0131 vurgulayan Ba\u015fkan B\u00fcy\u00fckak\u0131n, konu\u015fmas\u0131na Mehmet Akif Ersoy&#8217;un, &#8220;Y\u0131kmak, insanlara yapmak gibi k\u0131ymet mi verir? \/ Onu, en \u00e7olpa herifler de, emin ol becerir \/ Sade sen g\u00f6steriver &#8216;\u0130\u015fte bu dur kubbe&#8217; diye \/ \u0130ki \u0131rgatla iner \u015fimdi S\u00fcleymaniye \/ Ama gel kald\u0131ral\u0131m dendi mi, heyhat, o zaman \/ Bir S\u00fcleyman daha laz\u0131m yeniden, bir de Sinan&#8221; \u015fiiri ile ba\u015flayarak \u015funlar\u0131 s\u00f6yledi:<\/p>\n<p><b>&#8220;S\u00dcLEYMANIMIZ DA VAR, S\u0130NANIMIZ DA VAR&#8221;<\/b><\/p>\n<p>&#8220;S\u00fcleyman\u0131m\u0131z var elhamd\u00fclillah. Say\u0131n Cumhurba\u015fkan\u0131m\u0131z Recep Tayyip Erdo\u011fan&#8217;\u0131n liderli\u011finde, bakanlar\u0131m\u0131z\u0131n vizyonuyla gayretiyle T\u00fcrkiye&#8217;mizi, yeni y\u00fczy\u0131l\u0131n b\u00fcy\u00fck T\u00fcrkiye&#8217;sini in\u015fa etmek i\u00e7in b\u00fcy\u00fck emeklerle b\u00fcy\u00fck gayretlerle, var g\u00fcc\u00fcm\u00fczle \u00e7al\u0131\u015fmaya devam ediyoruz. Zaman\u0131n Sinan&#8217;\u0131 ise Say\u0131n Bakan\u0131m\u0131z Murat Kurum. Say\u0131n Bakan\u0131m\u0131z\u0131n \u00f6zellikle deprem b\u00f6lgesinde yapt\u0131\u011f\u0131 i\u015fler ne anlama geliyor? Ne demektir? Nas\u0131l yap\u0131l\u0131r? Onu i\u015f yapanlar, hayat\u0131n\u0131 i\u015f yapmaya adayanlar, \u00e7ok iyi bilir. \u00d6zellikle deprem b\u00f6lgesinde Bakan\u0131m\u0131zla birlikteydik.<\/p>\n<p><b>&#8220;\u015e\u0130MD\u0130DEN HAYIRLI U\u011eURLU OLSUN<\/b>&#8220;<\/p>\n<p>Orada bizler var g\u00fcc\u00fcm\u00fczle \u00e7al\u0131\u015f\u0131rken ve \u00f6nce insanlar\u0131m\u0131z\u0131n g\u00fcvenli\u011fini sa\u011flayacak hizmetleri olu\u015fturup \u00e7ad\u0131r kentleri, konteyner kentleri kurarken, Bakan\u0131m\u0131z da 455.000 ki\u015fiye teslim etti\u011finiz konutlar\u0131n planlamalar\u0131n\u0131 yap\u0131yordu. Yapanla y\u0131kan, i\u015f yapanla g\u00f6r\u00fcnt\u00fc veren hi\u00e7bir zaman ayn\u0131 olmad\u0131. Milletimiz de bunun takdirini her zaman yapt\u0131. Kader gayret a\u015f\u0131kt\u0131r. Gayret eden kar\u015f\u0131l\u0131\u011f\u0131n\u0131 al\u0131r. Biz Say\u0131n Bakan\u0131m\u0131z\u0131n gayretine \u015fahidiz. Kura \u00e7ekili\u015f program\u0131m\u0131z hay\u0131rl\u0131 olsun diyorum. T\u00fcm vatanda\u015flar\u0131m\u0131za, s\u0131cac\u0131k yuvalar\u0131 \u015fimdiden hay\u0131rl\u0131 olsun.&#8221;<\/p>\n<p>\u00a0<\/p>\n<p><b>KURA \u00c7EK\u0130L\u0130\u015e\u0130 \u015eEH\u0130T A\u0130LELER\u0130 VE GAZ\u0130LER \u0130LE B\u0130RL\u0130KTE YAPILDI<\/b><\/p>\n<p>TOK\u0130 Ba\u015fkan\u0131 Mustafa Levent Sungur konu\u015fmas\u0131nda, &#8220;Sosyal konuttan millet bah\u00e7elerine kadar bir\u00e7ok eseri Kocaelimize kazand\u0131rd\u0131k. Yakla\u015f\u0131k 84.7 milyar liral\u0131k yat\u0131r\u0131m ger\u00e7ekle\u015ftirdik. TOK\u0130 olarak 7 bin 644 devam eden, toplamda 21 bin 380 konut, 219 i\u015fyeri, stadyum, 15 cami ve sosyal donat\u0131lar\u0131 in\u015fa ettik&#8221; bilgilerini verdi. Milletvekili Prof. Dr. Sadettin H\u00fclag\u00fc, \u201cGerek K\u00fclliye&#8217;nin, gerek B\u00fcy\u00fck\u015fehir Belediyesi&#8217;nin, gerek bakanl\u0131\u011f\u0131n katk\u0131lar\u0131yla \u00f6n\u00fcm\u00fczdeki g\u00fcnlerde daha b\u00fcy\u00fck projeleri ger\u00e7ekle\u015ftirece\u011fiz. Kocaeli\u2019ye 10 bin 340 say\u0131s\u0131 d\u00fc\u015ft\u00fc. Ev sahibi olmayan vatanda\u015flar\u0131m\u0131z \u00fcz\u00fclmesin. Cumhurba\u015fkan\u0131m\u0131z\u0131n dedi\u011fi gibi evi olmayan bir vatanda\u015f bile kalmayana kadar projeler \u00fcretilmeye devam edilecek. Kimsesizlerin kimsesi Cumhurba\u015fkan\u0131m\u0131z ve ekibine te\u015fekk\u00fcr ediyorum\u201d dedi. Vali \u0130lhami Akta\u015f da, &#8220;10 bin 340\u2019\u0131n\u0131n ilimizde yap\u0131lmas\u0131ndan dolay\u0131 Say\u0131n Cumhurba\u015fkan\u0131m\u0131z ve Bakan\u0131m\u0131za, TOK\u0130 ba\u015fkan\u0131m\u0131zdan i\u015f\u00e7isine herkese \u015f\u00fckranlar\u0131m\u0131 sunuyorum\u201d diye konu\u015ftu. Konu\u015fmalar\u0131n ard\u0131ndan Bakan Kurum ve Ba\u015fkan B\u00fcy\u00fckak\u0131n, \u015fehit aileleri ve gaziler ile birlikte butona basarak, kura \u00e7ekili\u015fini ba\u015flatt\u0131.<\/p>\n<p>\u00a0<\/p>\n<p>\u00a0<\/p>\n<p>Kaynak: (BYZHA) Beyaz Haber Ajans\u0131<\/p>\n","protected":false},"excerpt":{"rendered":"<p>\u00c7evre, \u015eehircilik ve \u0130klim De\u011fi\u015fikli\u011fi Bakan\u0131 Murat Kurum ile Kocaeli B\u00fcy\u00fck\u015fehir Belediye Ba\u015fkan\u0131 Tahir B\u00fcy\u00fckak\u0131n, TOK\u0130&#8217;nin Kocaeli&#8217;de in\u015fa edece\u011fi 10 bin 340 konutun kura \u00e7ekili\u015f t\u00f6renine kat\u0131larak ailelerin mutlulu\u011funa ortak oldu.<\/p>\n","protected":false},"author":1,"featured_media":32859,"comment_status":"open","ping_status":"open","sticky":false,"template":"","format":"standard","meta":{"footnotes":""},"categories":[4],"tags":[986,395,240,818,1880],"class_list":["post-32858","post","type-post","status-publish","format-standard","has-post-thumbnail","hentry","category-gundem","tag-baskani","tag-is","tag-kocaeli","tag-konut","tag-kura"],"_links":{"self":[{"href":"https:\/\/bihavadis.com\/index.php\/wp-json\/wp\/v2\/posts\/32858","targetHints":{"allow":["GET"]}}],"collection":[{"href":"https:\/\/bihavadis.com\/index.php\/wp-json\/wp\/v2\/posts"}],"about":[{"href":"https:\/\/bihavadis.com\/index.php\/wp-json\/wp\/v2\/types\/post"}],"author":[{"embeddable":true,"href":"https:\/\/bihavadis.com\/index.php\/wp-json\/wp\/v2\/users\/1"}],"replies":[{"embeddable":true,"href":"https:\/\/bihavadis.com\/index.php\/wp-json\/wp\/v2\/comments?post=32858"}],"version-history":[{"count":1,"href":"https:\/\/bihavadis.com\/index.php\/wp-json\/wp\/v2\/posts\/32858\/revisions"}],"predecessor-version":[{"id":32860,"href":"https:\/\/bihavadis.com\/index.php\/wp-json\/wp\/v2\/posts\/32858\/revisions\/32860"}],"wp:featuredmedia":[{"embeddable":true,"href":"https:\/\/bihavadis.com\/index.php\/wp-json\/wp\/v2\/media\/32859"}],"wp:attachment":[{"href":"https:\/\/bihavadis.com\/index.php\/wp-json\/wp\/v2\/media?parent=32858"}],"wp:term":[{"taxonomy":"category","embeddable":true,"href":"https:\/\/bihavadis.com\/index.php\/wp-json\/wp\/v2\/categories?post=32858"},{"taxonomy":"post_tag","embeddable":true,"href":"https:\/\/bihavadis.com\/index.php\/wp-json\/wp\/v2\/tags?post=32858"}],"curies":[{"name":"wp","href":"https:\/\/api.w.org\/{rel}","templated":true}]}}