{"id":32897,"date":"2026-02-14T08:57:35","date_gmt":"2026-02-14T08:57:35","guid":{"rendered":"https:\/\/bihavadis.com\/?p=32897"},"modified":"2026-02-14T08:57:35","modified_gmt":"2026-02-14T08:57:35","slug":"beysehir-golunde-balikcilara-destek","status":"publish","type":"post","link":"https:\/\/bihavadis.com\/index.php\/2026\/02\/14\/beysehir-golunde-balikcilara-destek\/","title":{"rendered":"Bey\u015fehir G\u00f6l\u00fc&#8217;nde Bal\u0131k\u00e7\u0131lara Destek!"},"content":{"rendered":"<p>Konya&#8217;n\u0131n Bey\u015fehir il\u00e7esinde bulunan Bey\u015fehir G\u00f6l\u00fc&#8217;nden ge\u00e7imini sa\u011flayan tatl\u0131 su bal\u0131k\u00e7\u0131lar\u0131n\u0131 yak\u0131ndan ilgilendiren k\u00fc\u00e7\u00fck \u00f6l\u00e7ekli bal\u0131k\u00e7\u0131l\u0131k desteklemesi i\u00e7in ba\u015fvurular ba\u015flad\u0131.<\/p>\n<p>Konya \u0130l Tar\u0131m ve Orman M\u00fcd\u00fcrl\u00fc\u011f\u00fc taraf\u0131ndan yap\u0131lan a\u00e7\u0131klamada, 2026 y\u0131l\u0131 k\u00fc\u00e7\u00fck \u00f6l\u00e7ekli bal\u0131k\u00e7\u0131l\u0131k desteklemesi m\u00fcracaatlar\u0131n\u0131n ba\u015flad\u0131\u011f\u0131 duyuruldu. A\u00e7\u0131klamada, K\u00fc\u00e7\u00fck \u00d6l\u00e7ekli Bal\u0131k\u00e7\u0131l\u0131\u011f\u0131n Desteklenmesi Tebli\u011fi kapsam\u0131nda ba\u015fvurular\u0131n 10 Nisan 2026 tarihine kadar s\u00fcrece\u011fi belirtildi. Destekten yararlanmak isteyen bal\u0131k\u00e7\u0131 gemisi sahiplerinin, gemilerinin ruhsat\u0131n\u0131n kay\u0131tl\u0131 oldu\u011fu il veya il\u00e7e tar\u0131m ve orman m\u00fcd\u00fcrl\u00fcklerine belirtilen tarihler aras\u0131nda ba\u015fvurular\u0131n\u0131 yapmalar\u0131 gerekti\u011fi vurguland\u0131. T\u00fcrkiye&#8217;nin en \u00f6nemli tatl\u0131 su bal\u0131\u011f\u0131 \u00fcretim merkezlerinden biri olan Bey\u015fehir G\u00f6l\u00fc ve \u00e7evresinde faaliyet g\u00f6steren bal\u0131k\u00e7\u0131lar, s\u00f6z konusu destekleme program\u0131ndan do\u011frudan faydalanabilecek. Yetkililer, ba\u015fvuru s\u00fcresinin ka\u00e7\u0131r\u0131lmamas\u0131 konusunda bal\u0131k\u00e7\u0131lara \u00e7a\u011fr\u0131da bulundu. &#8211; KONYA<\/p>\n","protected":false},"excerpt":{"rendered":"<p>Bey\u015fehir G\u00f6l\u00fc&#8217;nde k\u00fc\u00e7\u00fck \u00f6l\u00e7ekli bal\u0131k\u00e7\u0131l\u0131k desteklemeleri i\u00e7in ba\u015fvurular ba\u015flad\u0131.<\/p>\n","protected":false},"author":1,"featured_media":32898,"comment_status":"open","ping_status":"open","sticky":false,"template":"","format":"standard","meta":{"footnotes":""},"categories":[8],"tags":[1763],"class_list":["post-32897","post","type-post","status-publish","format-standard","has-post-thumbnail","hentry","category-ekonomi","tag-balikci"],"_links":{"self":[{"href":"https:\/\/bihavadis.com\/index.php\/wp-json\/wp\/v2\/posts\/32897","targetHints":{"allow":["GET"]}}],"collection":[{"href":"https:\/\/bihavadis.com\/index.php\/wp-json\/wp\/v2\/posts"}],"about":[{"href":"https:\/\/bihavadis.com\/index.php\/wp-json\/wp\/v2\/types\/post"}],"author":[{"embeddable":true,"href":"https:\/\/bihavadis.com\/index.php\/wp-json\/wp\/v2\/users\/1"}],"replies":[{"embeddable":true,"href":"https:\/\/bihavadis.com\/index.php\/wp-json\/wp\/v2\/comments?post=32897"}],"version-history":[{"count":1,"href":"https:\/\/bihavadis.com\/index.php\/wp-json\/wp\/v2\/posts\/32897\/revisions"}],"predecessor-version":[{"id":32899,"href":"https:\/\/bihavadis.com\/index.php\/wp-json\/wp\/v2\/posts\/32897\/revisions\/32899"}],"wp:featuredmedia":[{"embeddable":true,"href":"https:\/\/bihavadis.com\/index.php\/wp-json\/wp\/v2\/media\/32898"}],"wp:attachment":[{"href":"https:\/\/bihavadis.com\/index.php\/wp-json\/wp\/v2\/media?parent=32897"}],"wp:term":[{"taxonomy":"category","embeddable":true,"href":"https:\/\/bihavadis.com\/index.php\/wp-json\/wp\/v2\/categories?post=32897"},{"taxonomy":"post_tag","embeddable":true,"href":"https:\/\/bihavadis.com\/index.php\/wp-json\/wp\/v2\/tags?post=32897"}],"curies":[{"name":"wp","href":"https:\/\/api.w.org\/{rel}","templated":true}]}}