{"id":3292,"date":"2026-01-28T09:48:04","date_gmt":"2026-01-28T09:48:04","guid":{"rendered":"https:\/\/bihavadis.com\/?p=3292"},"modified":"2026-01-28T09:48:04","modified_gmt":"2026-01-28T09:48:04","slug":"marmarada-sap-hastaligi-karantinasi","status":"publish","type":"post","link":"https:\/\/bihavadis.com\/index.php\/2026\/01\/28\/marmarada-sap-hastaligi-karantinasi\/","title":{"rendered":"Marmara&#8217;da \u015eap Hastal\u0131\u011f\u0131 Karantinas\u0131"},"content":{"rendered":"<p> Bal\u0131kesir&#8217;in Marmara il\u00e7esinde veteriner hekimler taraf\u0131ndan y\u00fcr\u00fct\u00fclen a\u015f\u0131lama \u00e7al\u0131\u015fmalar\u0131 s\u0131ras\u0131nda Saraylar Mahallesi&#8217;nde bulunan bir i\u015fletmede yeni getirildi\u011fi tespit edilen 4 b\u00fcy\u00fckba\u015f hayvanda \u015fap hastal\u0131\u011f\u0131na ait lezyonlar belirlendi.<\/p>\n<p>Edinilen bilgilere g\u00f6re, hastal\u0131\u011f\u0131n tespit edilmesinin ard\u0131ndan b\u00f6lgede karantina \u00e7al\u0131\u015fmalar\u0131 ba\u015flat\u0131l\u0131rken, gerekli dezenfeksiyon i\u015flemleri ger\u00e7ekle\u015ftirildi. Ayr\u0131ca s\u00f6z konusu b\u00f6lgeden canl\u0131 hayvan \u00e7\u0131k\u0131\u015flar\u0131 yasakland\u0131.<\/p>\n<p>Marmara \u0130l\u00e7esi Hayvan Sa\u011fl\u0131k Zab\u0131tas\u0131 Komisyonu karar\u0131 do\u011frultusunda, il\u00e7e genelinde b\u00fcy\u00fckba\u015f ve k\u00fc\u00e7\u00fckba\u015f hayvan hareketleri ge\u00e7ici olarak durduruldu. Marmara Adas\u0131&#8217;n\u0131n tamam\u0131nda karantina uygulamas\u0131 ba\u015flat\u0131ld\u0131\u011f\u0131 bildirildi.<\/p>\n<p>Yetkililer, \u015fap hastal\u0131\u011f\u0131n\u0131n insan sa\u011fl\u0131\u011f\u0131 a\u00e7\u0131s\u0131ndan herhangi bir risk ta\u015f\u0131mad\u0131\u011f\u0131n\u0131, ancak hayvansal \u00fcretimde ciddi ekonomik kay\u0131plara yol a\u00e7abildi\u011fini vurgulad\u0131.<\/p>\n<p>Marmara \u0130l\u00e7e Tar\u0131m ve Orman M\u00fcd\u00fcr\u00fc Erdin\u00e7 \u00c7avu\u015fo\u011flu, karantina tedbirlerine titizlikle uyulmas\u0131n\u0131n s\u00fcrecin h\u0131zl\u0131 ve sorunsuz \u015fekilde atlat\u0131labilmesi a\u00e7\u0131s\u0131ndan b\u00fcy\u00fck \u00f6nem ta\u015f\u0131d\u0131\u011f\u0131n\u0131 belirterek vatanda\u015flara duyarl\u0131l\u0131k \u00e7a\u011fr\u0131s\u0131nda bulundu. &#8211; BALIKES\u0130R<\/p>\n","protected":false},"excerpt":{"rendered":"<p>Bal\u0131kesir&#8217;in Marmara il\u00e7esinde \u015fap hastal\u0131\u011f\u0131 tespit edilen hayvanlar i\u00e7in karantina uygulamalar\u0131 ba\u015flad\u0131.<\/p>\n","protected":false},"author":1,"featured_media":3293,"comment_status":"open","ping_status":"open","sticky":false,"template":"","format":"standard","meta":{"footnotes":""},"categories":[1],"tags":[386],"class_list":["post-3292","post","type-post","status-publish","format-standard","has-post-thumbnail","hentry","category-uncategorized","tag-hayvan"],"_links":{"self":[{"href":"https:\/\/bihavadis.com\/index.php\/wp-json\/wp\/v2\/posts\/3292","targetHints":{"allow":["GET"]}}],"collection":[{"href":"https:\/\/bihavadis.com\/index.php\/wp-json\/wp\/v2\/posts"}],"about":[{"href":"https:\/\/bihavadis.com\/index.php\/wp-json\/wp\/v2\/types\/post"}],"author":[{"embeddable":true,"href":"https:\/\/bihavadis.com\/index.php\/wp-json\/wp\/v2\/users\/1"}],"replies":[{"embeddable":true,"href":"https:\/\/bihavadis.com\/index.php\/wp-json\/wp\/v2\/comments?post=3292"}],"version-history":[{"count":1,"href":"https:\/\/bihavadis.com\/index.php\/wp-json\/wp\/v2\/posts\/3292\/revisions"}],"predecessor-version":[{"id":3294,"href":"https:\/\/bihavadis.com\/index.php\/wp-json\/wp\/v2\/posts\/3292\/revisions\/3294"}],"wp:featuredmedia":[{"embeddable":true,"href":"https:\/\/bihavadis.com\/index.php\/wp-json\/wp\/v2\/media\/3293"}],"wp:attachment":[{"href":"https:\/\/bihavadis.com\/index.php\/wp-json\/wp\/v2\/media?parent=3292"}],"wp:term":[{"taxonomy":"category","embeddable":true,"href":"https:\/\/bihavadis.com\/index.php\/wp-json\/wp\/v2\/categories?post=3292"},{"taxonomy":"post_tag","embeddable":true,"href":"https:\/\/bihavadis.com\/index.php\/wp-json\/wp\/v2\/tags?post=3292"}],"curies":[{"name":"wp","href":"https:\/\/api.w.org\/{rel}","templated":true}]}}