{"id":33012,"date":"2026-02-14T10:24:04","date_gmt":"2026-02-14T10:24:04","guid":{"rendered":"https:\/\/bihavadis.com\/?p=33012"},"modified":"2026-02-14T10:24:04","modified_gmt":"2026-02-14T10:24:04","slug":"chp-genel-baskani-ozgur-ozel-osmaniyede-konustu-aciklamasi","status":"publish","type":"post","link":"https:\/\/bihavadis.com\/index.php\/2026\/02\/14\/chp-genel-baskani-ozgur-ozel-osmaniyede-konustu-aciklamasi\/","title":{"rendered":"CHP Genel Ba\u015fkan\u0131 \u00d6zg\u00fcr \u00d6zel, Osmaniye&#8217;de konu\u015ftu A\u00e7\u0131klamas\u0131"},"content":{"rendered":"<p>CHP Genel Ba\u015fkan\u0131 \u00d6zg\u00fcr \u00d6zel, &#8220;Biz depremden siyaset \u00e7\u0131karmad\u0131k. B\u00fct\u00fcn belediyelerimizi teker teker illerimizle ili\u015fkilendirdik.&#8221; dedi.<\/p>\n<p>\u00d6zel, partisinin Osmaniye \u0130l Ba\u015fkanl\u0131\u011f\u0131n\u0131 ziyaretinde \u0130l Ba\u015fkan\u0131 Mutlu Yavuzer&#8217;le g\u00f6r\u00fc\u015ft\u00fc.<\/p>\n<p>Ziyaretin ard\u0131ndan il ba\u015fkanl\u0131\u011f\u0131 \u00f6n\u00fcnde toplanan partililere hitap eden \u00d6zel, 6 \u015eubat 2023 depremlerinde T\u00fcrkiye tarihinin en ac\u0131l\u0131 g\u00fcnlerinden birine uyand\u0131klar\u0131n\u0131 s\u00f6yledi.<\/p>\n<p>Resmi rakamlara g\u00f6re 6 \u015eubat&#8217;ta 53 bin 537 ki\u015finin hayat\u0131n\u0131 kaybetti\u011fini, 107 binin \u00fczerinde vatanda\u015f\u0131n yaraland\u0131\u011f\u0131n\u0131 ifade eden \u00d6zel, hayat\u0131n\u0131 kaybedenlere Allah&#8217;tan rahmet diledi.<\/p>\n<p>\u00d6zel, depremlerin 3. y\u0131l\u0131nda ilk olarak Osmaniye&#8217;ye geldi\u011fini belirterek, &#8220;Depremin 3. y\u0131l d\u00f6n\u00fcm\u00fcnde hem Osmaniye&#8217;nin hem t\u00fcm deprem b\u00f6lgesinin sorunlar\u0131n\u0131 bir kez daha yerinde g\u00f6rmek, s\u00f6ylemek, eksiklikleri dile getirmek, kendi yapacaklar\u0131m\u0131z\u0131 s\u00f6ylemek \u00fczere buraday\u0131z.&#8221; diye konu\u015ftu.<\/p>\n<p>Depremde ya\u015fanan ac\u0131lar\u0131n unutulamayaca\u011f\u0131n\u0131 dile getiren \u00d6zel, depremi duydu\u011fu andan itibaren 120 milletvekilini bir g\u00fcn i\u00e7erisinde eski Adana Havaliman\u0131&#8217;na toplad\u0131\u011f\u0131n\u0131 anlatt\u0131.<\/p>\n<p>&#8220;Biz depremden siyaset \u00e7\u0131karmad\u0131k. B\u00fct\u00fcn belediyelerimizi teker teker illerimizle ili\u015fkilendirdik.&#8221; diyen \u00d6zel, CHP&#8217;li belediyelerin t\u00fcm imkanlar\u0131 seferber ederek deprem b\u00f6lgesinde bulundu\u011funu dile getirdi.<\/p>\n<p>Cumhurba\u015fkan\u0131 Recep Tayyip Erdo\u011fan&#8217;\u0131n depremden sonra deprem illerine toplam 38 kez gitti\u011fini belirten \u00d6zel, &#8220;\u00d6zg\u00fcr \u00d6zel ise 26&#8217;s\u0131 o g\u00fcnk\u00fc g\u00f6revi olan grup ba\u015fkan vekili olarak, 23&#8217;\u00fc de genel ba\u015fkan olduktan sonra toplam 49 kez gitmi\u015f. Bug\u00fcn 50&#8217;ncidir.&#8221; dedi.<\/p>\n<p>\u00d6zel, g\u00f6revinin, &#8220;millet ad\u0131na denetlemek&#8221; oldu\u011funu ifade ederek, \u015f\u00f6yle konu\u015ftu: <\/p>\n<p>&#8220;Benim g\u00f6revim millet ad\u0131na s\u00f6ylemek, uyarmak, yapabildi\u011fini yapmak, yapt\u0131rabildi\u011fini yapt\u0131rmak. Senin g\u00f6revin depreme haz\u0131rlamakt\u0131, enkaz\u0131 kald\u0131rmakt\u0131, orduyu harekete ge\u00e7irmekti. Sen bu g\u00f6revleri yapmad\u0131n. D\u00f6nm\u00fc\u015f, \u015fimdi yapt\u0131\u011f\u0131 deprem konutlar\u0131yla \u00f6v\u00fcn\u00fcyor. O deprem konutlar\u0131 yap\u0131l\u0131rken bir \u00e7ak\u0131l ta\u015f\u0131n\u0131 ucundan tutan, aln\u0131n\u0131n terini o harca katan, orada o deprem konutunun temelinden \u00e7at\u0131s\u0131na kadar bir damla teri nasip olmu\u015f kim varsa Allah hepsinden raz\u0131 olsun.&#8221;<\/p>\n<p>Deprem konutlar\u0131n\u0131n zaman\u0131nda bitirilmedi\u011fini savunan ve bu konuda Cumhurba\u015fkan\u0131 Erdo\u011fan&#8217;\u0131 ele\u015ftiren \u00d6zel, &#8220;Tayyip Bey, \u00f6yle s\u0131cak salonlar\u0131 so\u011futup, so\u011fuk salonlar\u0131 \u0131s\u0131t\u0131p salon siyaseti yapmak bitti. \u0130\u015fte bug\u00fcn \u015fubat ay\u0131n\u0131n 2&#8217;si, haftan\u0131n ba\u015f\u0131, Osmaniye buras\u0131 ve \u00d6zg\u00fcr \u00d6zel burada meydanda s\u0131cak salon siyaseti yapm\u0131yor senin gibi. O kolay siyaset bitti.&#8221; ifadelerini kulland\u0131.<\/p>\n<p>&#8220;Deprem b\u00f6lgesi tarihimizin en b\u00fcy\u00fck g\u00f6\u00e7\u00fcn\u00fc verdi&#8221;<\/p>\n<p>CHP Genel Ba\u015fkan\u0131 \u00d6zel, 6 \u015eubat depremlerinin ard\u0131ndan ya\u015fanan g\u00f6\u00e7e dikkati \u00e7ekerek, s\u00f6zlerine \u015f\u00f6yle devam etti: <\/p>\n<p>&#8220;Deprem b\u00f6lgesi tarihimizin en b\u00fcy\u00fck g\u00f6\u00e7\u00fcn\u00fc verdi. \u00d6zellikle Hatay&#8217;dan \u00e7ok \u00f6nemli miktarda insan, Mersin, Adana ve civar illerde ya\u015famaya devam ediyor. Ankara, deprem b\u00f6lgesinden gelmi\u015f, kalm\u0131\u015f ve oraya g\u00f6\u00e7 etmi\u015f 450 bin insan\u0131 bar\u0131nd\u0131r\u0131yor. Bunlar\u0131n hi\u00e7birisini g\u00f6rmezden gelip teslim etti\u011fi evlerle ki dron havalan\u0131yor bak\u0131yorsun evler tamam, dron inince bir bak\u0131yorsun \u00f6n taraf\u0131n\u0131 brandalam\u0131\u015flar. \u00d6yle alg\u0131 operasyonlar\u0131yla, g\u00f6r\u00fcnt\u00fclerle milleti kand\u0131rmayacaks\u0131n. Ayr\u0131ca depremzede ev sahibi de\u011fil kirac\u0131ysa onu unuttun, peri\u015fan ettin, bu ger\u00e7e\u011fi de milletten saklayamayacaks\u0131n.&#8221;<\/p>\n<p>Cumhurba\u015fkan\u0131 Erdo\u011fan&#8217;a &#8220;TOK\u0130 konutlar\u0131, rezerv alanlara yap\u0131lan konutlar ve esnaf\u0131n i\u015f yerlerinden faiz, T\u00dcFE al\u0131nmayacak, memur maa\u015f art\u0131\u015f\u0131 dahil hi\u00e7bir fiyat fark\u0131 al\u0131nmayacak, bunu s\u00f6ylersen bu hafta deprem b\u00f6lgesine m\u00fcjde olur.&#8221; s\u00f6zleriyle seslenen \u00d6zel, \u015funlar\u0131 kaydetti: <\/p>\n<p>&#8220;A\u00e7\u0131k a\u00e7\u0131k s\u00f6yl\u00fcyorum Osmaniye&#8217;den, bu hafta Meclis de a\u00e7\u0131k; getirin kanunu a\u00e7\u0131k a\u00e7\u0131k yazal\u0131m, bu milletten faiz al\u0131nmas\u0131n, maliyet ne kadarsa o maliyet \u00fczerinden hesap g\u00f6r\u00fcls\u00fcn, millet rahat etsin.&#8221;<\/p>\n<p>CHP&#8217;li belediyelerin deprem b\u00f6lgesine yard\u0131mlar\u0131<\/p>\n<p>\u00d6zel, CHP&#8217;li belediyelerce deprem b\u00f6lgesinde yap\u0131lan \u00e7al\u0131\u015fmalar\u0131 ise \u015f\u00f6yle s\u0131ralad\u0131: <\/p>\n<p>&#8220;Bize, &#8216;Siz deprem b\u00f6lgesine ne yapt\u0131n\u0131z, gelip foto\u011fraf \u00e7ektirmek d\u0131\u015f\u0131nda ne yapt\u0131n\u0131z&#8217; dedi. Toplamda Cumhuriyet Halk Partili belediyeler, inanmayan AFAD&#8217;a soracak, hepsi AFAD&#8217;da kay\u0131tl\u0131. 9 bin 638 ara\u00e7la deprem b\u00f6lgesine gelmi\u015fiz. 28 bin 521 personelle deprem b\u00f6lgesinde \u00e7al\u0131\u015fm\u0131\u015f\u0131z. 7 bin 200 t\u0131r, 4 u\u00e7ak, 6 gemiyle g\u0131dadan sa\u011fl\u0131k malzemesine, \u00e7ad\u0131rdan sobaya kadar her t\u00fcrl\u00fc yard\u0131m\u0131 ula\u015ft\u0131rm\u0131\u015f\u0131z. AFAD&#8217;\u0131n kay\u0131tlar\u0131na g\u00f6re, CHP&#8217;li belediyeler 155 mobil mutfak, 163 ikram arac\u0131, 18 mobil f\u0131r\u0131n kurmu\u015f, 3 milyon battaniye, 266 bin \u0131s\u0131t\u0131c\u0131 soba, 2 bin 220 jenerat\u00f6r, 4 milyon 600 bin hijyen paketi da\u011f\u0131tm\u0131\u015f, 50 bin \u00e7ad\u0131r ve 1810 konteyner kurmu\u015f.&#8221;<\/p>\n<p>Afetten etkilenen illere destek olan herkese te\u015fekk\u00fcr eden \u00d6zel, &#8220;Depreme gelen, ko\u015fan, hangi belediyeden olursa olsun AK Parti&#8217;li, MHP&#8217;li, DEM&#8217;li, t\u00fcm belediye ba\u015fkanlar\u0131na, belediye meclis \u00fcyelerine, hangi partiye mensup olursa olsun t\u00fcm siyaset\u00e7ilere ve o belediyelerin t\u00fcm emek\u00e7ilerine bir kez daha y\u00fcrekten te\u015fekk\u00fcr ediyoruz. Bu i\u015fin siyaseti olmaz.&#8221; diye konu\u015ftu.<\/p>\n<p>\u00d6zel, Osmaniye&#8217;de ba\u015flad\u0131\u011f\u0131 deprem b\u00f6lgesi ziyaretlerini Malatya&#8217;da sonland\u0131raca\u011f\u0131n\u0131 s\u00f6yledi.<\/p>\n<p>Ziyaretlerinde sorunlar\u0131 dile getirece\u011fini anlatan \u00d6zel, &#8220;Teslim edilse de tadilat isteyen, para olmad\u0131\u011f\u0131 i\u00e7in ge\u00e7ilemeyen konut var. Teslim edilmi\u015f konut ama gidip de oturmak i\u00e7in i\u00e7ine e\u015fya almak laz\u0131m, bu paralar yok. O konuta ge\u00e7ersen aidat ba\u015fl\u0131yor \u00f6deyecek imkan yok. O konuta ta\u015f\u0131n\u0131nca yeni masraflar var ama gelir yok. Nas\u0131l \u00f6denecek elektrik, do\u011fal gaz? Bunun i\u00e7in bu konutlar\u0131n her birinde mutlaka ve mutlaka ki\u015fi sabit bir gelire ta\u015f\u0131nana kadar elektri\u011fin, suyun, do\u011fal gaz\u0131n uzun s\u00fcre desteklenmesi, paras\u0131 olmayana \u00fccretsiz verilmesi laz\u0131m.&#8221; diye konu\u015ftu.<\/p>\n<p>&#8220;Bu Osmaniye benim ikinci memleketim. Devlet Bey&#8217;in birinci memleketi, kendisine sayg\u0131lar sunuyorum.&#8221; diyen \u00d6zel, bir dahaki se\u00e7imde Osmaniye Belediyesini de alacaklar\u0131n\u0131 s\u00f6yledi.<\/p>\n<p>\u00d6zg\u00fcr \u00d6zel&#8217;den ziyaretler<\/p>\n<p>\u00d6zel, daha sonra 6 \u015eubat 2023&#8217;teki depremlerin ard\u0131ndan kentte olu\u015fturulan &#8220;deprem \u015fehitli\u011fi&#8221;ni ziyaret etti.<\/p>\n<p>Mezarlara karanfil b\u0131rakan \u00d6zel, afette o\u011flu, gelini ve torunlar\u0131n\u0131 kaybeden Meral ve Ahmet Asker ile g\u00f6r\u00fc\u015ft\u00fc, aileye ba\u015fsa\u011fl\u0131\u011f\u0131 diledi.<\/p>\n<p>Kur&#8217;an-\u0131 Kerim tilaveti ve dua edilmesinin ard\u0131ndan \u00d6zel, mezarl\u0131ktaki \u015fehitli\u011fi de ziyaret etti.<\/p>\n<p>\u00d6zel, Kara\u00e7ay Ge\u00e7ici Bar\u0131nma Merkezi&#8217;ne de giderek burada kalan ailelerle bir araya geldi.<\/p>\n","protected":false},"excerpt":{"rendered":"<p>CHP Genel Ba\u015fkan\u0131 \u00d6zg\u00fcr \u00d6zel, &#8220;Biz depremden siyaset \u00e7\u0131karmad\u0131k.<\/p>\n","protected":false},"author":1,"featured_media":33013,"comment_status":"open","ping_status":"open","sticky":false,"template":"","format":"standard","meta":{"footnotes":""},"categories":[12],"tags":[516,3476,60,3486,2515],"class_list":["post-33012","post","type-post","status-publish","format-standard","has-post-thumbnail","hentry","category-siyaset","tag-baskan","tag-belediyeler","tag-deprem","tag-deprem-bolgesi","tag-osmaniye"],"_links":{"self":[{"href":"https:\/\/bihavadis.com\/index.php\/wp-json\/wp\/v2\/posts\/33012","targetHints":{"allow":["GET"]}}],"collection":[{"href":"https:\/\/bihavadis.com\/index.php\/wp-json\/wp\/v2\/posts"}],"about":[{"href":"https:\/\/bihavadis.com\/index.php\/wp-json\/wp\/v2\/types\/post"}],"author":[{"embeddable":true,"href":"https:\/\/bihavadis.com\/index.php\/wp-json\/wp\/v2\/users\/1"}],"replies":[{"embeddable":true,"href":"https:\/\/bihavadis.com\/index.php\/wp-json\/wp\/v2\/comments?post=33012"}],"version-history":[{"count":1,"href":"https:\/\/bihavadis.com\/index.php\/wp-json\/wp\/v2\/posts\/33012\/revisions"}],"predecessor-version":[{"id":33014,"href":"https:\/\/bihavadis.com\/index.php\/wp-json\/wp\/v2\/posts\/33012\/revisions\/33014"}],"wp:featuredmedia":[{"embeddable":true,"href":"https:\/\/bihavadis.com\/index.php\/wp-json\/wp\/v2\/media\/33013"}],"wp:attachment":[{"href":"https:\/\/bihavadis.com\/index.php\/wp-json\/wp\/v2\/media?parent=33012"}],"wp:term":[{"taxonomy":"category","embeddable":true,"href":"https:\/\/bihavadis.com\/index.php\/wp-json\/wp\/v2\/categories?post=33012"},{"taxonomy":"post_tag","embeddable":true,"href":"https:\/\/bihavadis.com\/index.php\/wp-json\/wp\/v2\/tags?post=33012"}],"curies":[{"name":"wp","href":"https:\/\/api.w.org\/{rel}","templated":true}]}}