{"id":3304,"date":"2026-01-28T09:49:04","date_gmt":"2026-01-28T09:49:04","guid":{"rendered":"https:\/\/bihavadis.com\/?p=3304"},"modified":"2026-01-28T09:49:04","modified_gmt":"2026-01-28T09:49:04","slug":"samsun-tsoda-ihracat-vurgusu-tercih-degil-stratejik-zorunluluk","status":"publish","type":"post","link":"https:\/\/bihavadis.com\/index.php\/2026\/01\/28\/samsun-tsoda-ihracat-vurgusu-tercih-degil-stratejik-zorunluluk\/","title":{"rendered":"Samsun TSO&#8217;da ihracat vurgusu: &#8220;Tercih de\u011fil, stratejik zorunluluk&#8221;"},"content":{"rendered":"<p> Samsun Ticaret ve Sanayi Odas\u0131 (TSO) Y\u00f6netim Kurulu Ba\u015fkan\u0131 Salih Zeki Murzio\u011flu, 2025 y\u0131l\u0131 y\u00f6netim kurulu faaliyetleri ile 2025 y\u0131l\u0131n\u0131n faaliyet raporu ve gelir-gider bilan\u00e7osunun oy birli\u011fi ile kabul edildi\u011fi 2026 y\u0131l\u0131n\u0131n ilk meclis toplant\u0131s\u0131nda yapt\u0131\u011f\u0131 konu\u015fmada, &#8220;\u0130hracat bizim i\u00e7in bir tercih de\u011fil, stratejik bir zorunluluktur. \u015eehrimizin ihracat\u0131n\u0131n s\u00fcrd\u00fcr\u00fclebilir \u015fekilde artmas\u0131 i\u00e7in t\u00fcm imkanlar\u0131m\u0131z\u0131 seferber ediyoruz&#8221; dedi.<\/p>\n<p>Samsun TSO Meclisi, 2026 y\u0131l\u0131n\u0131n ilk meclis toplant\u0131s\u0131n\u0131 Meclis Ba\u015fkan\u0131 Haluk Aky\u00fcz ba\u015fkanl\u0131\u011f\u0131nda ger\u00e7ekle\u015ftirdi. Mecliste s\u00f6z alan Samsun TSO Y\u00f6netim Kurulu Ba\u015fkan\u0131 Salih Zeki Murzio\u011flu, 2025 y\u0131l\u0131nda y\u00fcr\u00fctt\u00fckleri faaliyetler hakk\u0131nda meclisi bilgilendirdi. Toplant\u0131da konu\u015fan Samsun TSO Y\u00f6netim Kurulu Ba\u015fkan\u0131 Salih Zeki Murzio\u011flu, k\u00fcresel belirsizliklerin ve ekonomik dalgalanmalar\u0131n yo\u011fun \u015fekilde hissedildi\u011fi bir y\u0131lda, \u00fcyelerinin yan\u0131nda duran, sahadan kopmayan bir anlay\u0131\u015fla \u00e7al\u0131\u015ft\u0131klar\u0131n\u0131 vurgulayarak meclis \u00fcyelerine desteklerinden dolay\u0131 te\u015fekk\u00fcr etti.<\/p>\n<p>&#8220;\u0130hracat bizim i\u00e7in tercih de\u011fil, stratejik bir zorunluluktur&#8221;<\/p>\n<p>Oda \u00e7al\u0131\u015fmalar\u0131n\u0131n merkezinde ihracat\u0131n yer ald\u0131\u011f\u0131n\u0131 vurgulayarak s\u00f6zlerine devam eden Murzio\u011flu, 2022\u20132025 Stratejik Plan\u0131 do\u011frultusunda \u015fehrin k\u00fcresel pazarlardaki g\u00fcc\u00fcn\u00fc art\u0131rmaya odakland\u0131klar\u0131n\u0131 s\u00f6yledi. Murzio\u011flu, &#8220;\u0130hracat bizim i\u00e7in bir tercih de\u011fil, stratejik bir zorunluluktur. \u015eehrimizin ihracat\u0131n\u0131n s\u00fcrd\u00fcr\u00fclebilir \u015fekilde artmas\u0131 i\u00e7in t\u00fcm imkanlar\u0131m\u0131z\u0131 seferber ediyoruz. Koordinat\u00f6rl\u00fc\u011f\u00fcn\u00fc y\u00fcr\u00fctt\u00fc\u011f\u00fcm\u00fcz Avrupa \u0130\u015fletmeler A\u011f\u0131 Projemiz bu vizyonun en somut \u00f6rneklerinden biridir. 2025 y\u0131l\u0131 boyunca proje kapsam\u0131nda y\u00fcr\u00fctt\u00fc\u011f\u00fcm\u00fcz faaliyetler ve dan\u0131\u015fmanl\u0131k hizmetleriyle 1477 ki\u015fiye ula\u015ft\u0131k, 64 firmaya \u00fccretsiz ihracat dan\u0131\u015fmanl\u0131\u011f\u0131 sunduk. Firmalar\u0131m\u0131za ihracat istihbarat\u0131, pazar ara\u015ft\u0131rmas\u0131 ve potansiyel al\u0131c\u0131ya eri\u015fim konular\u0131nda g\u00fc\u00e7l\u00fc destekler sa\u011flad\u0131k. MEDOS \u00fczerinden men\u015fe ve dola\u015f\u0131m belgelerinin onay\u0131n\u0131 7 g\u00fcn 24 saat kesintisiz \u015fekilde vererek, yaln\u0131zca 2025 y\u0131l\u0131nda 32 bin 250 belgeyi onaylad\u0131k. \u0130hracatta kal\u0131c\u0131 ba\u015far\u0131n\u0131n nitelikli insan kayna\u011f\u0131yla m\u00fcmk\u00fcn oldu\u011funa inan\u0131yoruz; bu anlay\u0131\u015fla d\u00fczenledi\u011fimiz d\u0131\u015f ticaret e\u011fitimleriyle 95 kat\u0131l\u0131mc\u0131ya ula\u015ft\u0131k. Ayr\u0131ca Polonya\u2013Var\u015fova \u0130\u015f Forumu ve ikili i\u015f g\u00f6r\u00fc\u015fmeleri kapsam\u0131nda firmalar\u0131m\u0131z i\u00e7in 60&#8217;\u0131n \u00fczerinde B2B g\u00f6r\u00fc\u015fme ger\u00e7ekle\u015ftirerek yeni i\u015f birliklerinin \u00f6n\u00fcn\u00fc a\u00e7t\u0131k. Etkinliklerimizin yan\u0131 s\u0131ra servislerimizde verdi\u011fimiz baz\u0131 hizmetlere ili\u015fkin birka\u00e7 rakam vermek istiyorum. 2025 y\u0131l\u0131nda 1394 yeni \u00fcye kayd\u0131, 455 firma kayd\u0131 kapan\u0131\u015f i\u015flemi ger\u00e7ekle\u015ftirdik. 169 adet Yerli Mal\u0131 Belgesi tanzim ettik. 309 Sanayicimize Kapasite Raporu d\u00fczenledik. 2 bin 511 adet say\u0131sal takograf teslimat\u0131 yapt\u0131k. 418 adet \u0130\u015f Makinesi Tescil Belgesi d\u00fczenledik. 53 adet t\u0131r karnesi onay\u0131 ve 387 adet dozvola sat\u0131\u015f i\u015flemi hizmeti verdik&#8221; diye konu\u015ftu.<\/p>\n<p>2025 y\u0131l\u0131nda 181 \u00fclkeye ihracat yap\u0131ld\u0131<\/p>\n<p>Konu\u015fmas\u0131nda ihracat rakamlar\u0131na da de\u011finen &#8220;Murzio\u011flu, 2025 y\u0131l\u0131 itibar\u0131yla Samsun&#8217;un 1 milyar 673 bin dolarl\u0131k ihracatla T\u00fcrkiye&#8217;de 33 il aras\u0131nda 23. s\u0131rada yer ald\u0131\u011f\u0131n\u0131 belirterek, &#8220;T\u00dc\u0130K verilerine g\u00f6re \u015fehrimizden 181 \u00fclkeye ihracat ger\u00e7ekle\u015ftiriyoruz ve ba\u015fl\u0131ca partnerlerimiz Rusya, ABD, \u0130talya, G\u00fcrcistan ve Almanya. Fas\u0131la g\u00f6re 93, uluslararas\u0131 standart sanayi s\u0131n\u0131flamas\u0131na g\u00f6re ise 160 \u00fcr\u00fcn \u00e7e\u015fidini ihra\u00e7 ediyoruz. En \u00e7ok ihra\u00e7 edilen \u00fcr\u00fcnlerimiz aras\u0131nda de\u011ferli ana metaller ve di\u011fer demir d\u0131\u015f\u0131 metaller, motorlu kara ta\u015f\u0131tlar\u0131 i\u00e7in par\u00e7alar ve aksesuarlar, silah ve m\u00fchimmat, di\u011fer elektronik ve elektrik telleri ile kablolar ve t\u00fct\u00fcn \u00fcr\u00fcnleri yer al\u0131yor. Bu \u00e7e\u015fitlilik, Samsun&#8217;un sanayi ve ticaret potansiyelinin ne kadar geni\u015f oldu\u011funu a\u00e7\u0131k\u00e7a ortaya koyuyor. \u0130hracat ba\u015far\u0131s\u0131n\u0131n yan\u0131 s\u0131ra \u00e7a\u011f\u0131n gere\u011fi dijital d\u00f6n\u00fc\u015f\u00fcme de b\u00fcy\u00fck \u00f6nem verdik. Dijitalle\u015fme yaln\u0131zca teknoloji de\u011fil, ayn\u0131 zamanda bir zihniyet d\u00f6n\u00fc\u015f\u00fcm\u00fcd\u00fcr. Bu anlay\u0131\u015fla e-ticaret, e-ihracat, yapay zeka ve veri odakl\u0131 i\u015f modelleri ekseninde KOB\u0130&#8217;leri gelece\u011fe haz\u0131rlayan toplant\u0131lar, e\u011fitimler ve i\u015f birlikleri d\u00fczenledik. \u00d6zellikle gen\u00e7 giri\u015fimcilerimizin motivasyonu ile ger\u00e7ekle\u015ftirdi\u011fimiz yapay zeka destekli B2B etkinli\u011finde 1400&#8217;\u00fcn \u00fczerinde kat\u0131l\u0131mc\u0131 ve 2 bin 194 birebir g\u00f6r\u00fc\u015fme ile 1,37 milyar TL&#8217;lik ticari potansiyel olu\u015fturduk ve etkinlik sonras\u0131 al\u0131nan \u015fifai geri bildirimler, \u00f6nemli i\u015f birliklerinin sa\u011fland\u0131\u011f\u0131n\u0131 g\u00f6sterdi. Y\u0131l boyunca d\u00fczenledi\u011fimiz dijitalle\u015fme e\u011fitimleri ve rehberlik faaliyetleriyle firmalar\u0131m\u0131z\u0131n bu s\u00fcrece uyumunu kolayla\u015ft\u0131rmay\u0131 hedefledik ve gelece\u011fe g\u00fc\u00e7l\u00fc bir ad\u0131m att\u0131k&#8221; ifadelerini kulland\u0131.<\/p>\n<p>Do\u011fudan-bat\u0131ya s\u00fcrd\u00fcr\u00fclebilir i\u015f a\u011f\u0131 kuruluyor<\/p>\n<p>Konu\u015fmas\u0131nda Avrupa Birli\u011fi&#8217;nden destekli uluslararas\u0131 projelere de de\u011finen Ba\u015fkan Murzio\u011flu, konu\u015fmas\u0131n\u0131 \u015f\u00f6yle s\u00fcrd\u00fcrd\u00fc: <\/p>\n<p>&#8220;Avrupa Birli\u011fi destekli projelerimizle s\u00fcrd\u00fcr\u00fclebilirli\u011fi i\u015f d\u00fcnyas\u0131n\u0131n merkezine ta\u015f\u0131yoruz. T\u00fcrkiye\u2013AB \u0130\u015f D\u00fcnyas\u0131 Diyalo\u011fu II Program\u0131 kapsam\u0131nda hayata ge\u00e7irdi\u011fimiz &#8216;Do\u011fudan Bat\u0131ya S\u00fcrd\u00fcr\u00fclebilirlik K\u00f6pr\u00fcs\u00fc&#8217; projesinde, Romanya ve Adana Ticaret ve Sanayi Odalar\u0131 ile i\u015f birli\u011fi i\u00e7inde 20 KOB\u0130&#8217;nin karbon emisyon \u00f6l\u00e7\u00fcmleri ve yol haritalar\u0131n\u0131 haz\u0131rlayacak, dan\u0131\u015fman yeti\u015ftirme programlar\u0131 ve s\u00fcrd\u00fcr\u00fclebilirlik odakl\u0131 i\u015f forumlar\u0131 d\u00fczenleyece\u011fiz; b\u00f6ylece firmalar\u0131m\u0131z\u0131n karbon d\u00fczenlemelerine uyum kapasitesini art\u0131r\u0131rken T\u00fcrkiye-Romanya aras\u0131nda s\u00fcrd\u00fcr\u00fclebilir bir i\u015f a\u011f\u0131 kurmay\u0131 hedefliyoruz. Bunun yan\u0131 s\u0131ra Karadeniz S\u0131n\u0131r \u00d6tesi \u0130\u015fbirli\u011fi Program\u0131 \u00e7er\u00e7evesinde y\u00fcr\u00fctt\u00fc\u011f\u00fcm\u00fcz &#8216;Karadeniz Havzas\u0131 S\u00fcrd\u00fcr\u00fclebilir Lojistik ve \u0130\u015f Birli\u011fi A\u011f\u0131&#8217; projesiyle Acara ve Varna Ticaret Sanayi Odalar\u0131 ile g\u00fc\u00e7 birli\u011fi yaparak, b\u00f6lgedeki kurumlar aras\u0131 i\u015fbirli\u011fini ve g\u00fcveni art\u0131racak, s\u0131n\u0131r \u00f6tesi ticareti geli\u015ftirece\u011fiz. Samsun&#8217;un \u00fcretim, ihracat ve lojistik g\u00fcc\u00fcn\u00fc ye\u015fil d\u00f6n\u00fc\u015f\u00fcm vizyonumuzla birle\u015ftirerek, \u015fehrimizi ve b\u00f6lgeyi s\u00fcrd\u00fcr\u00fclebilir kalk\u0131nman\u0131n merkezi haline getirecek bir yol haritas\u0131 \u00e7iziyoruz.&#8221;<\/p>\n<p>Samsun TSO Kamp\u00fcs\u00fc&#8217;nde geri say\u0131m<\/p>\n<p>Samsun TSO Kamp\u00fcs\u00fc projesinin 2025 y\u0131l\u0131nda \u00f6nemli bir e\u015fi\u011fi a\u015ft\u0131\u011f\u0131n\u0131 dile getiren Murzio\u011flu, arazi birle\u015ftirme, mimari tasar\u0131m ve uygulama projelerinin tamamland\u0131\u011f\u0131n\u0131, ruhsat s\u00fcrecinin Canik Belediyesi&#8217;nde devam etti\u011fini a\u00e7\u0131klad\u0131. Murzio\u011flu, projenin, odan\u0131n gelece\u011fine yap\u0131lan uzun vadeli bir yat\u0131r\u0131m oldu\u011funun alt\u0131n\u0131 \u00e7izdi. 2022\u20132025 Stratejik Plan\u0131&#8217;n\u0131n tamamlanmas\u0131yla birlikte 2026\u20132029 d\u00f6nemine g\u00fc\u00e7l\u00fc bir vizyonla girildi\u011fini ifade eden Murzio\u011flu, yeni d\u00f6nemin &#8220;G\u00fc\u00e7l\u00fc Oda, G\u00fc\u00e7l\u00fc Samsun, G\u00fc\u00e7l\u00fc T\u00fcrkiye&#8221; anlay\u0131\u015f\u0131yla \u015fekillendi\u011fini s\u00f6yledi. \u00dcyelerin rekabet g\u00fcc\u00fcn\u00fc art\u0131rmaya ve b\u00f6lgesel kalk\u0131nmaya \u00f6nc\u00fcl\u00fck etmeye devam edeceklerini vurgulayan Murzio\u011flu, meclis \u00fcyelerine destekleri i\u00e7in te\u015fekk\u00fcr ederek konu\u015fmas\u0131n\u0131 tamamlad\u0131.<\/p>\n<p>Oy birli\u011fi ile ibra edildi<\/p>\n<p>Murzio\u011flu&#8217;nun konu\u015fmas\u0131n\u0131n ard\u0131ndan s\u00f6z alan Samsun TSO Y\u00f6netim Kurulu Sayman \u00dcyesi Fahri Eldemir, 2025 y\u0131l\u0131n\u0131n 31 Aral\u0131k tarihi itibariyle ger\u00e7ekle\u015fen odan\u0131n kesin gelir-gider b\u00fct\u00e7esiyle ilgili meclis \u00fcyelerine sunum yapt\u0131. Daha sonra ise meclise sunulan 2025 y\u0131l\u0131n\u0131n 31 Aral\u0131k tarihi itibariyle ger\u00e7ekle\u015fen TSO&#8217;nun kesin gelir-gider b\u00fct\u00e7esi ve faaliyet raporu oy birli\u011fi ile kabul edildi. Meclis ayr\u0131ca, y\u00f6netim kurulu 2025 y\u0131l\u0131 faaliyetlerini de oy birli\u011fi ile ibra etti. Tekrar s\u00f6z alan Samsun TSO Y\u00f6netim Kurulu Ba\u015fkan\u0131 Salih Zeki Murzio\u011flu, oda olarak ortaya koyduklar\u0131 hedeflerin ger\u00e7ekle\u015fmesi noktas\u0131nda verdikleri destek ve g\u00fcven i\u00e7in meclis \u00fcyelerine te\u015fekk\u00fcr etti. Meclis, di\u011fer g\u00fcndem maddelerinin g\u00f6r\u00fc\u015f\u00fcl\u00fcp karara ba\u011flanmas\u0131n\u0131n ard\u0131ndan sona erdi. &#8211; SAMSUN<\/p>\n","protected":false},"excerpt":{"rendered":"<p>Samsun Ticaret ve Sanayi Odas\u0131 (TSO) Y\u00f6netim Kurulu Ba\u015fkan\u0131 Salih Zeki Murzio\u011flu, 2025 y\u0131l\u0131 y\u00f6netim kurulu faaliyetleri ile 2025 y\u0131l\u0131n\u0131n faaliyet raporu ve gelir-gider bilan\u00e7osunun oy birli\u011fi ile kabul edildi\u011fi 2026 y\u0131l\u0131n\u0131n ilk meclis toplant\u0131s\u0131nda yapt\u0131\u011f\u0131 konu\u015fmada, &#8220;\u0130hracat bizim i\u00e7in bir&#8230;<\/p>\n","protected":false},"author":1,"featured_media":3305,"comment_status":"open","ping_status":"open","sticky":false,"template":"","format":"standard","meta":{"footnotes":""},"categories":[1],"tags":[398,396,395,397,385],"class_list":["post-3304","post","type-post","status-publish","format-standard","has-post-thumbnail","hentry","category-uncategorized","tag-2025-yili","tag-ihracat","tag-is","tag-meclis","tag-samsun"],"_links":{"self":[{"href":"https:\/\/bihavadis.com\/index.php\/wp-json\/wp\/v2\/posts\/3304","targetHints":{"allow":["GET"]}}],"collection":[{"href":"https:\/\/bihavadis.com\/index.php\/wp-json\/wp\/v2\/posts"}],"about":[{"href":"https:\/\/bihavadis.com\/index.php\/wp-json\/wp\/v2\/types\/post"}],"author":[{"embeddable":true,"href":"https:\/\/bihavadis.com\/index.php\/wp-json\/wp\/v2\/users\/1"}],"replies":[{"embeddable":true,"href":"https:\/\/bihavadis.com\/index.php\/wp-json\/wp\/v2\/comments?post=3304"}],"version-history":[{"count":1,"href":"https:\/\/bihavadis.com\/index.php\/wp-json\/wp\/v2\/posts\/3304\/revisions"}],"predecessor-version":[{"id":3306,"href":"https:\/\/bihavadis.com\/index.php\/wp-json\/wp\/v2\/posts\/3304\/revisions\/3306"}],"wp:featuredmedia":[{"embeddable":true,"href":"https:\/\/bihavadis.com\/index.php\/wp-json\/wp\/v2\/media\/3305"}],"wp:attachment":[{"href":"https:\/\/bihavadis.com\/index.php\/wp-json\/wp\/v2\/media?parent=3304"}],"wp:term":[{"taxonomy":"category","embeddable":true,"href":"https:\/\/bihavadis.com\/index.php\/wp-json\/wp\/v2\/categories?post=3304"},{"taxonomy":"post_tag","embeddable":true,"href":"https:\/\/bihavadis.com\/index.php\/wp-json\/wp\/v2\/tags?post=3304"}],"curies":[{"name":"wp","href":"https:\/\/api.w.org\/{rel}","templated":true}]}}