{"id":33152,"date":"2026-02-14T12:06:06","date_gmt":"2026-02-14T12:06:06","guid":{"rendered":"https:\/\/bihavadis.com\/?p=33152"},"modified":"2026-02-14T12:06:06","modified_gmt":"2026-02-14T12:06:06","slug":"ergin-atamanin-aci-gunu-annesi-hayatini-kaybetti","status":"publish","type":"post","link":"https:\/\/bihavadis.com\/index.php\/2026\/02\/14\/ergin-atamanin-aci-gunu-annesi-hayatini-kaybetti\/","title":{"rendered":"Ergin Ataman&#8217;\u0131n ac\u0131 g\u00fcn\u00fc: Annesi hayat\u0131n\u0131 kaybetti"},"content":{"rendered":"<p>A Milli Erkek Basketbol Tak\u0131m\u0131m\u0131z ve Panathinaikos Ba\u015fantren\u00f6r\u00fc Ergin Ataman&#8217;\u0131n ac\u0131 g\u00fcn\u00fc&#8230;<\/p>\n<p>Ataman&#8217;\u0131n annesi G\u00fclten Ataman ya\u015fam\u0131n\u0131 yitirdi.<\/p>\n<p>G\u00fclten Ataman&#8217;\u0131n cenazesi \u00c7ar\u015famba g\u00fcn\u00fc Zincirlikuyu Camii&#8217;nde ikindi namaz\u0131n\u0131 m\u00fcteakip Zincirlikuyu Mezarl\u0131\u011f\u0131&#8217;na defnedilecek.<\/p>\n<p><strong>ANNES\u0130N\u0130 KAYBETT\u0130<\/strong><\/p>\n<p>\u00d6te yandan\u00a0T\u00fcrkiye Basketbol Federasyonu (TBF), A Milli Erkek Basketbol Tak\u0131m\u0131 ve Panathinaikos Ba\u015fantren\u00f6r\u00fc Ergin Ataman&#8217;\u0131n annesi G\u00fclten Ataman&#8217;\u0131n vefat etti\u011fini duyurdu.<\/p>\n<p>TBF&#8217;den yap\u0131lan a\u00e7\u0131klama \u015fu \u015fekilde:<\/p>\n<p>&#8220;A Erkek Milli Tak\u0131m Ba\u015fantren\u00f6r\u00fcm\u00fcz Ergin Ataman&#8217;\u0131n annesi G\u00fclten Ataman&#8217;\u0131n vefat\u0131n\u0131 derin bir \u00fcz\u00fcnt\u00fcyle \u00f6\u011frenmi\u015f bulunuyoruz. T\u00fcrkiye Basketbol Federasyonu olarak merhumeye Allah&#8217;tan rahmet, k\u0131ymetli ailesi ve sevenlerine ba\u015fsa\u011fl\u0131\u011f\u0131 dileriz.&#8221;<\/p>\n<p><img decoding=\"async\" src=\"https:\/\/bihavadis.com\/wp-content\/uploads\/2026\/02\/ergin-atamanin-aci-gunu-annesi-hayatini-kaybetti-0-WADg9sn6.jpg\"\/><\/p>\n","protected":false},"excerpt":{"rendered":"<p>Panathinaikos ve A Milli Basketnol Tak\u0131m\u0131 Ba\u015fantren\u00f6r\u00fc Ergin Ataman&#8217;\u0131n annesi G\u00fclten Ataman hayat\u0131n\u0131 kaybetti.<\/p>\n","protected":false},"author":1,"featured_media":33153,"comment_status":"open","ping_status":"open","sticky":false,"template":"","format":"standard","meta":{"footnotes":""},"categories":[14],"tags":[4971],"class_list":["post-33152","post","type-post","status-publish","format-standard","has-post-thumbnail","hentry","category-spor","tag-atamanin"],"_links":{"self":[{"href":"https:\/\/bihavadis.com\/index.php\/wp-json\/wp\/v2\/posts\/33152","targetHints":{"allow":["GET"]}}],"collection":[{"href":"https:\/\/bihavadis.com\/index.php\/wp-json\/wp\/v2\/posts"}],"about":[{"href":"https:\/\/bihavadis.com\/index.php\/wp-json\/wp\/v2\/types\/post"}],"author":[{"embeddable":true,"href":"https:\/\/bihavadis.com\/index.php\/wp-json\/wp\/v2\/users\/1"}],"replies":[{"embeddable":true,"href":"https:\/\/bihavadis.com\/index.php\/wp-json\/wp\/v2\/comments?post=33152"}],"version-history":[{"count":1,"href":"https:\/\/bihavadis.com\/index.php\/wp-json\/wp\/v2\/posts\/33152\/revisions"}],"predecessor-version":[{"id":33155,"href":"https:\/\/bihavadis.com\/index.php\/wp-json\/wp\/v2\/posts\/33152\/revisions\/33155"}],"wp:featuredmedia":[{"embeddable":true,"href":"https:\/\/bihavadis.com\/index.php\/wp-json\/wp\/v2\/media\/33153"}],"wp:attachment":[{"href":"https:\/\/bihavadis.com\/index.php\/wp-json\/wp\/v2\/media?parent=33152"}],"wp:term":[{"taxonomy":"category","embeddable":true,"href":"https:\/\/bihavadis.com\/index.php\/wp-json\/wp\/v2\/categories?post=33152"},{"taxonomy":"post_tag","embeddable":true,"href":"https:\/\/bihavadis.com\/index.php\/wp-json\/wp\/v2\/tags?post=33152"}],"curies":[{"name":"wp","href":"https:\/\/api.w.org\/{rel}","templated":true}]}}