{"id":33172,"date":"2026-02-14T12:24:06","date_gmt":"2026-02-14T12:24:06","guid":{"rendered":"https:\/\/bihavadis.com\/?p=33172"},"modified":"2026-02-14T12:24:06","modified_gmt":"2026-02-14T12:24:06","slug":"ermenistan-abdden-11-milyon-dolara-iha-aldi","status":"publish","type":"post","link":"https:\/\/bihavadis.com\/index.php\/2026\/02\/14\/ermenistan-abdden-11-milyon-dolara-iha-aldi\/","title":{"rendered":"Ermenistan, ABD&#8217;den 11 milyon dolara \u0130HA ald\u0131"},"content":{"rendered":"<p>ABD Ba\u015fkan Yard\u0131mc\u0131s\u0131 James David Vance, resmi ziyarette bulundu\u011fu Ermenistan&#8217;\u0131n ba\u015fkenti Erivan&#8217;da Ba\u015fbakan Nikol Pa\u015finyan ile bir araya geldi.<\/p>\n<p>ABD Ba\u015fkan\u0131 Donald Trump&#8217;\u0131n ziyaret etti\u011fi \u00fclkelere bir tacir edas\u0131yla y\u00fcksek mebla\u011fl\u0131 sat\u0131\u015flar yapmas\u0131 gelene\u011fini JD Vance de s\u00fcrd\u00fcrd\u00fc.<\/p>\n<p><strong>11 M\u0130LYON DOLARLIK DRONE SATI\u015eI<\/strong><\/p>\n<p>Bu kapsamda Vance, Ermenistan&#8217;a 11 milyon dolara \u0130HA satt\u0131.<\/p>\n<p>Pa\u015finyan ve Vance, sat\u0131\u015f\u0131 yap\u0131lan \u0130HA&#8217;y\u0131 incelerken o anlardan bir de foto\u011fraf yay\u0131nland\u0131.<\/p>\n<p>G\u00f6r\u00fc\u015fmenin ard\u0131ndan Vance ve Pa\u015finyan, ortak bas\u0131n toplant\u0131s\u0131 d\u00fczenledi.<\/p>\n<p><img decoding=\"async\" src=\"https:\/\/bihavadis.com\/wp-content\/uploads\/2026\/02\/ermenistan-abdden-11-milyon-dolara-iha-aldi-0-f6leWRwY.jpg\"\/><\/p>\n<p><strong>&#8220;ERMEN\u0130STAN&#8217;IN G\u00dcVENL\u011e\u0130 \u0130\u00c7\u0130N KULLANILACAK&#8221;<\/strong><\/p>\n<p>Ermenistan&#8217;a 11 milyon dolarl\u0131k V-BAT tipi g\u00f6zetleme ama\u00e7l\u0131 \u0130HA sat\u0131\u015f\u0131 i\u00e7in yeni bir savunma anla\u015fmas\u0131 oldu\u011funu duyuran Vance,<em><b> &#8220;\u0130lk kez b\u00fcy\u00fck bir askeri teknoloji sat\u0131\u015f\u0131 duyuruyoruz. 11 milyon dolarl\u0131k g\u00f6zetleme ama\u00e7l\u0131 \u0130HA teknolojisi. Bu \u0130HA&#8217;lar Ermenistan&#8217;\u0131n g\u00fcvenli\u011fi i\u00e7in kullan\u0131lacakt\u0131r. Bu, ABD i\u00e7in de savunma teknolojisi sekt\u00f6r\u00fcnde yeni i\u015f imkanlar\u0131 ve yat\u0131r\u0131mlar anlam\u0131na geliyor&#8221;<\/b><\/em> dedi.<\/p>\n<p><img decoding=\"async\" src=\"https:\/\/bihavadis.com\/wp-content\/uploads\/2026\/02\/ermenistan-abdden-11-milyon-dolara-iha-aldi-1-D2sN4M7K.jpg\"\/><\/p>\n<p><strong>&#8220;PA\u015e\u0130NYAN B\u0130Z\u0130MLE \u00c7OK \u0130Y\u0130 B\u0130R \u0130L\u0130\u015eK\u0130 KURDU&#8221;<\/strong><\/p>\n<p>\u00a0Azerbaycan ile yap\u0131lan bar\u0131\u015fa da de\u011finen ve bar\u0131\u015f\u0131n ge\u00e7mi\u015fe odaklanan de\u011fil gelece\u011fe odaklanan insanlar taraf\u0131ndan yap\u0131laca\u011f\u0131n\u0131 belirten Vance, <em><b>&#8220;Ba\u015fbakan Pa\u015finyan, \u00e7ok b\u00fcy\u00fck ilerleme kaydetti, hem benimle hem de ABD Ba\u015fkan\u0131 Donald Trump ile \u00e7ok iyi bir ili\u015fki kurdu. Bu nedenle yaln\u0131zca Ermenistan i\u00e7in bar\u0131\u015f in\u015fa etmiyoruz, ayn\u0131 zamanda Ermenistan ve ABD i\u00e7in birlikte ger\u00e7ek bir refah olu\u015fturuyoruz&#8221;<\/b><\/em> dedi.<\/p>\n<p>Ermenistan Ba\u015fbakan\u0131 Nikol Pa\u015finyan ise, Ermenistan ve ABD aras\u0131nda askeri ve savunma i\u015fbirli\u011fi alan\u0131nda \u00f6nemli ilerlemeler kaydedildi\u011fini belirterek, <em><b>&#8220;Bu, savunmam\u0131z\u0131 g\u00fc\u00e7lendirmeye \u00f6nemli bir katk\u0131 sa\u011flayacak. ABD&#8217;nin yabanc\u0131 \u00fclkelere askeri te\u00e7hizat sat\u0131\u015f\u0131 program\u0131 \u00e7er\u00e7evesinde uygulanan bu anla\u015fman\u0131n, gelecekteki i\u015fbirli\u011fimizi geni\u015fletmek i\u00e7in sa\u011flam bir temel olu\u015fturaca\u011f\u0131n\u0131 umuyorum&#8221; <\/b><\/em>dedi.<\/p>\n<p><strong>&#8220;TRUMP&#8217;IN NOBEL&#8217;\u0130 ALMASINI UMUYORUM&#8221;<\/strong><\/p>\n<p>Azerbaycan ile bar\u0131\u015f s\u00fcrecine katk\u0131lar\u0131ndan ve 8 A\u011fustos 2025&#8217;te ABD&#8217;nin ba\u015fkenti Washington DC&#8217;de d\u00fczenlenen zirveyi organize etmesinden dolay\u0131 ABD Ba\u015fkan\u0131 Donald Trump&#8217;a da te\u015fekk\u00fcrlerini ifade eden Pa\u015finyan, <em><b>&#8220;Washington zirvesi sayesinde Ermenistan ve ABD aras\u0131ndaki ikili ili\u015fkilere g\u00fc\u00e7l\u00fc bir ivme kazand\u0131rd\u0131k ve Ba\u015fkan Trump&#8217;\u0131n kat\u0131l\u0131m\u0131yla Ermenistan ve Azerbaycan aras\u0131nda bar\u0131\u015f\u0131 sa\u011flad\u0131k. Washington bar\u0131\u015f zirvesinden sonra Azerbaycan Cumhurba\u015fkan\u0131 \u0130lham Aliyev ile ortak bir mektupta Ba\u015fkan Trump&#8217;\u0131 Nobel Bar\u0131\u015f \u00d6d\u00fcl\u00fc&#8217;ne aday g\u00f6sterdik ve bu \u00f6d\u00fcle lay\u0131k olmas\u0131n\u0131 \u00e7ok umuyorum&#8221;<\/b><\/em> dedi.<\/p>\n<p>Bas\u0131n toplant\u0131s\u0131nda ayr\u0131ca ABD ve Ermenistan aras\u0131nda n\u00fckleer enerji alan\u0131nda bar\u0131\u015f\u00e7\u0131l i\u015fbirli\u011fine ili\u015fkin bir mutabakat zapt\u0131 imzaland\u0131.<\/p>\n<p><strong>ERMEN\u0130STAN&#8217;IN K\u00d6T\u00dc BAYRAKTAR TB2 ANILARI<\/strong><\/p>\n<p>Ermenistan&#8217;\u0131n 11 milyon dolarl\u0131k \u0130HA anla\u015fmad\u0131 uluslararas\u0131 bas\u0131nda geni\u015f yer buldu. Da\u011fl\u0131k Karaba\u011f Sava\u015f\u0131&#8217;nda T\u00fcrkiye&#8217;nin deste\u011fi ile tarih yazan Azerbaycan ordusu Bayraktar TB2 S\u0130HA&#8217;lar\u0131 ile adeta Ermenistan&#8217;\u0131 sahadan silmi\u015fti.<\/p>\n<p>T\u00fcrk S\u0130HA&#8217;lar\u0131 sayesinde Ermenistan g\u00fcnler i\u00e7inde Azerbaycan kar\u015f\u0131s\u0131nda diz \u00e7\u00f6km\u00fc\u015f ve s\u00fcre\u00e7 Karaba\u011f&#8217;\u0131n Azerbaycan&#8217;a ba\u011flanmas\u0131yla ve bar\u0131\u015f anla\u015fmas\u0131yla sonu\u00e7lanm\u0131\u015ft\u0131.<\/p>\n","protected":false},"excerpt":{"rendered":"<p>ABD Ba\u015fkan Yard\u0131mc\u0131s\u0131 James David Vance&#8217;in resmi ziyaret kapsam\u0131nda geldi\u011fi Ermenistan&#8217;da, ABD ve Ermenistan aras\u0131nda 11 milyon dolar de\u011ferinde \u0130HA anla\u015fmas\u0131 ve n\u00fckleer i\u015fbirli\u011fi anla\u015fmas\u0131 imzaland\u0131.<\/p>\n","protected":false},"author":1,"featured_media":33173,"comment_status":"open","ping_status":"open","sticky":false,"template":"","format":"standard","meta":{"footnotes":""},"categories":[6],"tags":[272,1749,1888,1885,3720],"class_list":["post-33172","post","type-post","status-publish","format-standard","has-post-thumbnail","hentry","category-dunya","tag-abd","tag-azerbaycan","tag-baris","tag-ermenistan","tag-pasinyan"],"_links":{"self":[{"href":"https:\/\/bihavadis.com\/index.php\/wp-json\/wp\/v2\/posts\/33172","targetHints":{"allow":["GET"]}}],"collection":[{"href":"https:\/\/bihavadis.com\/index.php\/wp-json\/wp\/v2\/posts"}],"about":[{"href":"https:\/\/bihavadis.com\/index.php\/wp-json\/wp\/v2\/types\/post"}],"author":[{"embeddable":true,"href":"https:\/\/bihavadis.com\/index.php\/wp-json\/wp\/v2\/users\/1"}],"replies":[{"embeddable":true,"href":"https:\/\/bihavadis.com\/index.php\/wp-json\/wp\/v2\/comments?post=33172"}],"version-history":[{"count":1,"href":"https:\/\/bihavadis.com\/index.php\/wp-json\/wp\/v2\/posts\/33172\/revisions"}],"predecessor-version":[{"id":33176,"href":"https:\/\/bihavadis.com\/index.php\/wp-json\/wp\/v2\/posts\/33172\/revisions\/33176"}],"wp:featuredmedia":[{"embeddable":true,"href":"https:\/\/bihavadis.com\/index.php\/wp-json\/wp\/v2\/media\/33173"}],"wp:attachment":[{"href":"https:\/\/bihavadis.com\/index.php\/wp-json\/wp\/v2\/media?parent=33172"}],"wp:term":[{"taxonomy":"category","embeddable":true,"href":"https:\/\/bihavadis.com\/index.php\/wp-json\/wp\/v2\/categories?post=33172"},{"taxonomy":"post_tag","embeddable":true,"href":"https:\/\/bihavadis.com\/index.php\/wp-json\/wp\/v2\/tags?post=33172"}],"curies":[{"name":"wp","href":"https:\/\/api.w.org\/{rel}","templated":true}]}}