{"id":33188,"date":"2026-02-14T12:36:07","date_gmt":"2026-02-14T12:36:07","guid":{"rendered":"https:\/\/bihavadis.com\/?p=33188"},"modified":"2026-02-14T12:36:07","modified_gmt":"2026-02-14T12:36:07","slug":"erzurumda-cocuklar-uzayin-kapilarini-araliyor","status":"publish","type":"post","link":"https:\/\/bihavadis.com\/index.php\/2026\/02\/14\/erzurumda-cocuklar-uzayin-kapilarini-araliyor\/","title":{"rendered":"Erzurum\u2019da \u00e7ocuklar, uzay\u0131n kap\u0131lar\u0131n\u0131 aral\u0131yor"},"content":{"rendered":"<p>T\u00fcrkiye\u2019nin uzay alan\u0131ndaki \u00e7al\u0131\u015fmalar\u0131 ve insanl\u0131 uzay misyonlar\u0131, Erzurum\u2019da \u00e7ocuklar\u0131n ilgisini \u00e7eken \u00f6zel bir sergiyle tan\u0131t\u0131l\u0131yor. Cumhurba\u015fkanl\u0131\u011f\u0131 ve Sanayi ve Teknoloji Bakanl\u0131\u011f\u0131 \u00f6nc\u00fcl\u00fc\u011f\u00fcnde; T\u00dcB\u0130TAK ve T\u00fcrkiye Uzay Ajans\u0131 koordinasyonunda haz\u0131rlanan uzay temal\u0131 sergi, yakla\u015f\u0131k 1,5 ayd\u0131r Bilim Erzurum\u2019da ziyaret\u00e7ilerini a\u011f\u0131rl\u0131yor.<\/p>\n<p>T\u00fcrkiye Teknoloji Tak\u0131m\u0131 Vakf\u0131 ile Erzurum B\u00fcy\u00fck\u015fehir Belediyesi i\u015f birli\u011finde hayata ge\u00e7irilen etkinlikte, \u00e7ocuklar T\u00fcrkiye\u2019nin ilk astronotlar\u0131 Alper Gezeravc\u0131 ve Tuva Cihangir Atasever\u2019in uzay g\u00f6revlerinde kulland\u0131\u011f\u0131 k\u0131yafet ve ekipmanlar\u0131 yak\u0131ndan inceleme f\u0131rsat\u0131 buluyor.<\/p>\n<p><strong>UZAYI DENEY\u0130MLEYEREK \u00d6\u011eREN\u0130YORLAR<\/strong><\/p>\n<p><b><em>\u201cUfkun \u00d6tesinde Uzay Sergisi\u201d <\/em><\/b>alan\u0131nda, T\u00fcrkiye\u2019nin uzay teknolojilerindeki geli\u015fimini anlatan g\u00f6rseller, sinevizyon g\u00f6sterimleri ve etkile\u015fimli \u00f6\u011frenme b\u00f6l\u00fcmleri yer al\u0131yor. Labirent \u015feklinde tasarlanan sergi alan\u0131nda \u00e7ocuklar, uzay t\u00fcnelinden ge\u00e7erek uzay \u00e7al\u0131\u015fmalar\u0131yla ilgili temel bilgilere ula\u015f\u0131yor.<\/p>\n<p>Deneyim temelli i\u00e7erikler sayesinde \u00e7ocuklar\u0131n bilime ve uzaya olan ilgisinin art\u0131r\u0131lmas\u0131 hedefleniyor.<\/p>\n<p><img decoding=\"async\" src=\"https:\/\/bihavadis.com\/wp-content\/uploads\/2026\/02\/erzurumda-cocuklar-uzayin-kapilarini-araliyor-0-vPbL5Kuv.jpg\"\/><\/p>\n<p><strong>&#8220;\u00c7OCUKLARIMIZ T\u00dcRK\u0130YE&#8217;N\u0130N UZAYDAK\u0130 VARLI\u011eINI G\u00d6R\u00dcYOR&#8221;<\/strong><\/p>\n<p>Erzurum B\u00fcy\u00fck\u015fehir Belediyesi K\u00fclt\u00fcr ve Sosyal \u0130\u015fler Daire Ba\u015fkan\u0131 Erg\u00fcn Engin, serginin \u00f6zellikle 6-14 ya\u015f grubuna hitap etti\u011fini belirtti.<\/p>\n<p>Uzay filmleriyle b\u00fcy\u00fcyen bir nesil olduklar\u0131n\u0131 ifade eden Engin, \u015funlar\u0131 s\u00f6yledi:<\/p>\n<p>Biz uzay\u0131 filmlerle hayal ediyorduk. Bug\u00fcn \u00e7ocuklar\u0131m\u0131z ise T\u00fcrkiye\u2019nin de uzayda s\u00f6z sahibi oldu\u011funu, uydular\u0131m\u0131z\u0131n y\u00f6r\u00fcngede yer ald\u0131\u011f\u0131n\u0131 ve iki astronotumuzun uzayda deneyler yapt\u0131\u011f\u0131n\u0131 g\u00f6r\u00fcyor. Bu fark\u0131ndal\u0131k, onlar\u0131n ufkunu \u00e7ok daha ileriye ta\u015f\u0131yacak.<\/p>\n<p><img decoding=\"async\" src=\"https:\/\/bihavadis.com\/wp-content\/uploads\/2026\/02\/erzurumda-cocuklar-uzayin-kapilarini-araliyor-1-uSZ1J9VB.jpg\"\/><\/p>\n<p><strong>15 B\u0130N Z\u0130YARET\u00c7\u0130, B\u00dcY\u00dcLEYEN HAYALLER<\/strong><\/p>\n<p>Serginin i\u00e7eri\u011fine ili\u015fkin bilgi veren Engin, \u00e7ocuklar\u0131n sergiye sorularla ba\u015flay\u0131p bir zaman t\u00fcnelinden ge\u00e7erek T\u00fcrkiye\u2019nin uzay ser\u00fcvenini ad\u0131m ad\u0131m \u00f6\u011frendi\u011fini anlatt\u0131. Astronotlar\u0131n kendi anlat\u0131mlar\u0131yla deney s\u00fcre\u00e7lerinin aktar\u0131ld\u0131\u011f\u0131n\u0131 belirten Engin, \u015f\u00f6yle devam etti:<\/p>\n<p>\u00c7ocuklar g\u00f6rd\u00fckleriyle sadece \u00f6\u011frenmiyor, ayn\u0131 zamanda gelecekte neler yapabileceklerini de tasarlamaya ba\u015fl\u0131yor. T\u00fcrkiye\u2019yi dola\u015fan bu sergiyle, \u00e7ocuklar\u0131m\u0131z\u0131n bu ufka al\u0131\u015fmas\u0131n\u0131 istiyoruz. Sergimizi \u015fu ana kadar yakla\u015f\u0131k 15 bin ki\u015fi gezdi. Daha fazla \u00e7ocu\u011fa ula\u015fmay\u0131 hedefliyoruz.<\/p>\n<p><strong>SOMUT MATERYALLER \u0130LHAM KAYNA\u011eI OLUYOR<\/strong><\/p>\n<p>Ger\u00e7ek ekipmanlar\u0131n ve astronot k\u0131yafetlerinin \u00e7ocuklar \u00fczerindeki etkisine dikkat \u00e7eken Engin, <b><em>\u201cSomut olarak bir \u015feyi g\u00f6rmek, \u00e7ocuklar\u0131n zihninde yeni \u0131\u015f\u0131klar yak\u0131yor. Bunu birebir g\u00f6zlemliyoruz\u201d <\/em><\/b>dedi.<\/p>\n<p><strong>&#8220;BEN DE UZAYA G\u0130TMEK \u0130ST\u0130YORUM&#8221;<\/strong><\/p>\n<p>Sergiyi gezen 7 ya\u015f\u0131ndaki Defne Esila D\u00fczg\u00fcn, en \u00e7ok uzay t\u00fcnelini sevdi\u011fini s\u00f6ylerken, 8 ya\u015f\u0131ndaki Hamza Yekta S\u00fcrek ise astronot k\u0131yafetlerinden etkilendi\u011fini dile getirdi.<\/p>\n<p>Uzaya \u00e7\u0131kma hayalini payla\u015fan S\u00fcrek, <b><em>\u201cBen de uzaya gitmek istiyorum. Mars\u2019a gidip incelemeler yapar\u0131m. En \u00e7ok uzay k\u0131yafetini be\u011fendim\u201d<\/em><\/b> ifadelerini kulland\u0131.<\/p>\n<p><img decoding=\"async\" src=\"https:\/\/bihavadis.com\/wp-content\/uploads\/2026\/02\/erzurumda-cocuklar-uzayin-kapilarini-araliyor-2-YAbKYwHI.jpg\"\/><\/p>\n","protected":false},"excerpt":{"rendered":"<p>Erzurum\u2019da a\u00e7\u0131lan &#8216;Ufkun \u00d6tesinde Uzay Sergisi&#8217;, \u00e7ocuklar\u0131 T\u00fcrkiye\u2019nin uzay \u00e7al\u0131\u015fmalar\u0131yla bulu\u015fturuyor.<\/p>\n","protected":false},"author":1,"featured_media":33189,"comment_status":"open","ping_status":"open","sticky":false,"template":"","format":"standard","meta":{"footnotes":""},"categories":[16],"tags":[4972,683,1989,2300,3058],"class_list":["post-33188","post","type-post","status-publish","format-standard","has-post-thumbnail","hentry","category-teknoloji","tag-astronot","tag-cocuklar","tag-engin","tag-sergi","tag-uzay"],"_links":{"self":[{"href":"https:\/\/bihavadis.com\/index.php\/wp-json\/wp\/v2\/posts\/33188","targetHints":{"allow":["GET"]}}],"collection":[{"href":"https:\/\/bihavadis.com\/index.php\/wp-json\/wp\/v2\/posts"}],"about":[{"href":"https:\/\/bihavadis.com\/index.php\/wp-json\/wp\/v2\/types\/post"}],"author":[{"embeddable":true,"href":"https:\/\/bihavadis.com\/index.php\/wp-json\/wp\/v2\/users\/1"}],"replies":[{"embeddable":true,"href":"https:\/\/bihavadis.com\/index.php\/wp-json\/wp\/v2\/comments?post=33188"}],"version-history":[{"count":1,"href":"https:\/\/bihavadis.com\/index.php\/wp-json\/wp\/v2\/posts\/33188\/revisions"}],"predecessor-version":[{"id":33193,"href":"https:\/\/bihavadis.com\/index.php\/wp-json\/wp\/v2\/posts\/33188\/revisions\/33193"}],"wp:featuredmedia":[{"embeddable":true,"href":"https:\/\/bihavadis.com\/index.php\/wp-json\/wp\/v2\/media\/33189"}],"wp:attachment":[{"href":"https:\/\/bihavadis.com\/index.php\/wp-json\/wp\/v2\/media?parent=33188"}],"wp:term":[{"taxonomy":"category","embeddable":true,"href":"https:\/\/bihavadis.com\/index.php\/wp-json\/wp\/v2\/categories?post=33188"},{"taxonomy":"post_tag","embeddable":true,"href":"https:\/\/bihavadis.com\/index.php\/wp-json\/wp\/v2\/tags?post=33188"}],"curies":[{"name":"wp","href":"https:\/\/api.w.org\/{rel}","templated":true}]}}