{"id":33213,"date":"2026-02-14T12:54:07","date_gmt":"2026-02-14T12:54:07","guid":{"rendered":"https:\/\/bihavadis.com\/?p=33213"},"modified":"2026-02-14T12:54:07","modified_gmt":"2026-02-14T12:54:07","slug":"turkiyenin-havacilikta-hizli-buyumesi","status":"publish","type":"post","link":"https:\/\/bihavadis.com\/index.php\/2026\/02\/14\/turkiyenin-havacilikta-hizli-buyumesi\/","title":{"rendered":"T\u00fcrkiye&#8217;nin Havac\u0131l\u0131kta H\u0131zl\u0131 B\u00fcy\u00fcmesi"},"content":{"rendered":"<p>Ula\u015ft\u0131rma ve Altyap\u0131 Bakan\u0131 Abdulkadir Uralo\u011flu, &#8220;D\u0131\u015f hatlarda 50 \u00fclkede 60 noktaya u\u00e7u\u015f ger\u00e7ekle\u015ftiriliyorken bug\u00fcn 133 \u00fclkede 356 noktaya u\u00e7uyoruz&#8221; dedi.<\/p>\n<p>Bakan Uralo\u011flu, Sivil Havac\u0131l\u0131k Genel M\u00fcd\u00fcrl\u00fc\u011f\u00fc taraf\u0131ndan haz\u0131rlanan 2025 verilerini de\u011ferlendirdi. Uralo\u011flu, T\u00fcrkiye&#8217;de sivil havac\u0131l\u0131k sekt\u00f6r\u00fcn\u00fcn 23 y\u0131lda u\u00e7ak filolar\u0131ndan koltuk ve kargo kapasitesine, i\u00e7 ve d\u0131\u015f hat u\u00e7u\u015f a\u011f\u0131ndan lisansl\u0131 personel say\u0131s\u0131na kadar her alanda g\u00fc\u00e7l\u00fc bir b\u00fcy\u00fcme kaydetti\u011fini belirtti.<\/p>\n<p>T\u00fcrkiye&#8217;nin, k\u0131talar\u0131n kesi\u015fim noktas\u0131nda yer alarak d\u00f6rt saatlik u\u00e7u\u015f mesafesinde 1,5 milyar n\u00fcfusa sahip 67 \u00fclkenin merkezinde bulundu\u011funu belirten Uralo\u011flu, bu co\u011frafi avantaj\u0131n do\u011fru okunarak havac\u0131l\u0131k politikalar\u0131na y\u00f6n verdiklerini ifade etti. Uralo\u011flu, &#8220;Bakanl\u0131k olarak havac\u0131l\u0131kta \u00e7ok h\u0131zl\u0131 ve ba\u015far\u0131l\u0131 bir b\u00fcy\u00fcme d\u00f6nemi ba\u015flatt\u0131k. \u00dclkemizi d\u00fcnyan\u0131n en geni\u015f u\u00e7u\u015f a\u011f\u0131na sahip \u00fclkelerinden biri haline getirdik&#8221; ifadelerini kulland\u0131.<\/p>\n<p>&#8220;Bug\u00fcn 133 \u00fclkede 356 noktaya u\u00e7uyoruz&#8221;<\/p>\n<p>Bakan Uralo\u011flu, 2003 y\u0131l\u0131nda yaln\u0131zca 81 olan hava ula\u015ft\u0131rma anla\u015fmas\u0131 say\u0131s\u0131n\u0131 bug\u00fcn 175&#8217;e \u00e7\u0131kard\u0131klar\u0131n\u0131 belirterek a\u00e7\u0131klamas\u0131nda \u015fu ifadelere yer verdi: <\/p>\n<p>&#8220;2025 y\u0131l\u0131nda 24 \u00fclke ile m\u00fczakere ger\u00e7ekle\u015ftirdik ve Leeds, Newcastle, Bristol, Cork, Port Sudan, Sevilla ve Phonom Penh&#8217;e u\u00e7u\u015f ba\u015flatt\u0131k. 2002&#8217;den bu yana ise 700&#8217;\u00fc a\u015fan m\u00fczakere ger\u00e7ekle\u015ftirdik. D\u0131\u015f hatlarda 50 \u00fclkede 60 noktaya u\u00e7u\u015f ger\u00e7ekle\u015ftiriliyorken bug\u00fcn 133 \u00fclkede 356 noktaya u\u00e7uyoruz.&#8221;<\/p>\n<p>U\u00e7ak say\u0131s\u0131 162&#8217;den 800&#8217;e y\u00fckseldi<\/p>\n<p>Uralo\u011flu, 2003 y\u0131l\u0131nda 159 olan toplam havac\u0131l\u0131k i\u015fletmesi say\u0131s\u0131n\u0131n y\u00fczde 187&#8217;lik art\u0131\u015fla 2025&#8217;te 457&#8217;ye ula\u015ft\u0131\u011f\u0131n\u0131 belirterek, 2025 y\u0131l\u0131nda havayolu i\u015fletmesi say\u0131s\u0131n\u0131n 14, hava taksi i\u015fletmesi say\u0131s\u0131n\u0131n 46, genel havac\u0131l\u0131k i\u015fletmesi say\u0131s\u0131n\u0131n 102 ve balon i\u015fletmesi say\u0131s\u0131n\u0131n ise 71 oldu\u011funu ifade etti. Uralo\u011flu ayr\u0131ca, 2025 sonu itibar\u0131yla T\u00fcrkiye&#8217;de 13 \u00e7ok hafif hava arac\u0131 i\u015fletmesinin, 165 bak\u0131m kurulu\u015funun ve 46 yer hizmeti kurulu\u015funun hizmet verdi\u011fini s\u00f6yledi.<\/p>\n<p>&#8220;Yolcu ve kargo u\u00e7a\u011f\u0131 say\u0131s\u0131 2003&#8217;e g\u00f6re y\u00fczde 394 art\u0131\u015fla 2025 y\u0131l\u0131nda 800&#8217;e y\u00fckseldi&#8221;<\/p>\n<p>Bakan Uralo\u011flu, 2003 y\u0131l\u0131nda 162 olan yolcu ve kargo u\u00e7a\u011f\u0131 say\u0131s\u0131n\u0131n 2025 sonu itibar\u0131yla y\u00fczde 394&#8217;l\u00fck bir art\u0131\u015f ile 800&#8217;e y\u00fckseldi\u011fini ifade ederek, &#8220;\u00dclkemizin u\u00e7ak filosu 2003 y\u0131l\u0131ndan bu yana yakla\u015f\u0131k be\u015f kat b\u00fcy\u00fcd\u00fc&#8221; diye konu\u015ftu.<\/p>\n<p>Hava arac\u0131 say\u0131lar\u0131ndaki art\u0131\u015fa dikkati \u00e7eken Uralo\u011flu, yolcu ve kargo u\u00e7aklar, hava taksiler, genel havac\u0131l\u0131kta kullan\u0131lan hava ara\u00e7lar\u0131 ile balon ve \u00e7ok hafif hava ara\u00e7lar\u0131 da dahil olmak \u00fczere toplam hava arac\u0131 say\u0131s\u0131n\u0131n 2 bin 218&#8217;e \u00e7\u0131kt\u0131\u011f\u0131n\u0131 kaydetti.<\/p>\n<p>&#8220;Toplam koltuk kapasitesi yakla\u015f\u0131k 6 kat art\u0131\u015fla 2025 y\u0131l\u0131nda 157 bin 785&#8217;e ula\u015ft\u0131&#8221;<\/p>\n<p>Uralo\u011flu, yolcu ta\u015f\u0131mac\u0131l\u0131\u011f\u0131ndaki kapasite art\u0131\u015f\u0131na dikkat \u00e7ekerek, &#8220;2003 y\u0131l\u0131nda 27 bin 599 olan toplam koltuk kapasitesi yakla\u015f\u0131k 6 kat art\u0131\u015fla 2025 y\u0131l\u0131nda 157 bin 785&#8217;e ula\u015ft\u0131&#8221; a\u00e7\u0131klamas\u0131nda bulundu. Bu art\u0131\u015f\u0131n, i\u00e7 ve d\u0131\u015f hatlarda eri\u015filebilirli\u011fi g\u00fc\u00e7lendirdi\u011fini belirten Uralo\u011flu, yolcu ta\u015f\u0131mac\u0131l\u0131\u011f\u0131nda s\u00fcrd\u00fcr\u00fclebilir b\u00fcy\u00fcmenin altyap\u0131s\u0131n\u0131n olu\u015fturuldu\u011funu s\u00f6yledi.<\/p>\n<p>Kargo kapasitesi 23 y\u0131lda 9,5 kat\u0131na \u00e7\u0131kt\u0131<\/p>\n<p>Hava kargo ta\u015f\u0131mac\u0131l\u0131\u011f\u0131n\u0131n son y\u0131llarda stratejik bir boyut kazand\u0131\u011f\u0131n\u0131 ifade eden Uralo\u011flu, 2003&#8217;te 302 bin 737 kilogram olan toplam kargo kapasitesinin, 2025&#8217;te 2 milyon 902 bin 725 kilograma y\u00fckseldi\u011fini a\u00e7\u0131klad\u0131. B\u00f6ylece kargo kapasitesinde yakla\u015f\u0131k 9,5 katl\u0131k bir b\u00fcy\u00fcme sa\u011fland\u0131\u011f\u0131n\u0131 belirtti.<\/p>\n<p>Lisansl\u0131 personel say\u0131s\u0131 26 bin 888&#8217;e ula\u015ft\u0131<\/p>\n<p>Sekt\u00f6r\u00fcn insan kayna\u011f\u0131ndaki geli\u015fime de de\u011finen Uralo\u011flu, 2025 y\u0131l\u0131 itibar\u0131yla toplam 26 bin 888 lisansl\u0131 personelin g\u00f6rev yapt\u0131\u011f\u0131n\u0131 belirtti. Bakan Uralo\u011flu, &#8220;Toplam pilot say\u0131m\u0131z ge\u00e7en y\u0131la g\u00f6re y\u00fczde 10 art\u0131\u015fla 17 bin 910&#8217;a, toplam lisansl\u0131 teknik personel say\u0131s\u0131 ise bir y\u0131lda y\u00fczde 8 art\u0131\u015fla 8 bin 978&#8217;e ula\u015ft\u0131&#8221; \u015feklinde konu\u015ftu. &#8211; ANKARA<\/p>\n","protected":false},"excerpt":{"rendered":"<p>Bakan Uralo\u011flu, T\u00fcrkiye&#8217;nin u\u00e7u\u015f a\u011f\u0131n\u0131n 133 \u00fclkede 356 noktaya ula\u015ft\u0131\u011f\u0131n\u0131 a\u00e7\u0131klad\u0131.<\/p>\n","protected":false},"author":1,"featured_media":33214,"comment_status":"open","ping_status":"open","sticky":false,"template":"","format":"standard","meta":{"footnotes":""},"categories":[8],"tags":[459,1238,2135,3822,267],"class_list":["post-33213","post","type-post","status-publish","format-standard","has-post-thumbnail","hentry","category-ekonomi","tag-hava","tag-havacilik","tag-kargo","tag-ulasti","tag-uraloglu"],"_links":{"self":[{"href":"https:\/\/bihavadis.com\/index.php\/wp-json\/wp\/v2\/posts\/33213","targetHints":{"allow":["GET"]}}],"collection":[{"href":"https:\/\/bihavadis.com\/index.php\/wp-json\/wp\/v2\/posts"}],"about":[{"href":"https:\/\/bihavadis.com\/index.php\/wp-json\/wp\/v2\/types\/post"}],"author":[{"embeddable":true,"href":"https:\/\/bihavadis.com\/index.php\/wp-json\/wp\/v2\/users\/1"}],"replies":[{"embeddable":true,"href":"https:\/\/bihavadis.com\/index.php\/wp-json\/wp\/v2\/comments?post=33213"}],"version-history":[{"count":1,"href":"https:\/\/bihavadis.com\/index.php\/wp-json\/wp\/v2\/posts\/33213\/revisions"}],"predecessor-version":[{"id":33215,"href":"https:\/\/bihavadis.com\/index.php\/wp-json\/wp\/v2\/posts\/33213\/revisions\/33215"}],"wp:featuredmedia":[{"embeddable":true,"href":"https:\/\/bihavadis.com\/index.php\/wp-json\/wp\/v2\/media\/33214"}],"wp:attachment":[{"href":"https:\/\/bihavadis.com\/index.php\/wp-json\/wp\/v2\/media?parent=33213"}],"wp:term":[{"taxonomy":"category","embeddable":true,"href":"https:\/\/bihavadis.com\/index.php\/wp-json\/wp\/v2\/categories?post=33213"},{"taxonomy":"post_tag","embeddable":true,"href":"https:\/\/bihavadis.com\/index.php\/wp-json\/wp\/v2\/tags?post=33213"}],"curies":[{"name":"wp","href":"https:\/\/api.w.org\/{rel}","templated":true}]}}