{"id":33249,"date":"2026-02-14T13:18:05","date_gmt":"2026-02-14T13:18:05","guid":{"rendered":"https:\/\/bihavadis.com\/?p=33249"},"modified":"2026-02-14T13:18:05","modified_gmt":"2026-02-14T13:18:05","slug":"arac-kiralamaya-yonelik-duzenlemeler-hayata-gecirilecek","status":"publish","type":"post","link":"https:\/\/bihavadis.com\/index.php\/2026\/02\/14\/arac-kiralamaya-yonelik-duzenlemeler-hayata-gecirilecek\/","title":{"rendered":"Ara\u00e7 kiralamaya y\u00f6nelik d\u00fczenlemeler hayata ge\u00e7irilecek"},"content":{"rendered":"<p>Ya\u015fanan sorun ve a\u00e7\u0131klar\u0131 gidermek i\u00e7in ticaret hayat\u0131ndaki d\u00fczenlemeler devam ediyor.<\/p>\n<p>Ticaret Bakanl\u0131\u011f\u0131, bu kez da motorlu kara ta\u015f\u0131tlar\u0131n\u0131n kiralama s\u00fcre\u00e7lerinde, bir\u00e7ok alanda kapsaml\u0131 d\u00fczenlemeleri i\u00e7eren <b><em>&#8220;Motorlu Kara Ta\u015f\u0131tlar\u0131n\u0131n Kiralanmas\u0131 Hakk\u0131nda Y\u00f6netmelik Tasla\u011f\u0131&#8221;<\/em><\/b>n\u0131 haz\u0131rlad\u0131.<\/p>\n<p>Y\u00f6netmelik tasla\u011f\u0131, kamuoyu ve sekt\u00f6r payda\u015flar\u0131n\u0131n g\u00f6r\u00fc\u015f\u00fcne sunuldu.<\/p>\n<p>Otomotiv sekt\u00f6r\u00fcnde adil, rekabet\u00e7i ve istikrarl\u0131 bir piyasa yap\u0131s\u0131n\u0131n korunmas\u0131na ve t\u00fcketici memnuniyetinin en \u00fcst d\u00fczeye \u00e7\u0131kar\u0131lmas\u0131na y\u00f6nelik \u00e7al\u0131\u015fmalar devam ediyor.<\/p>\n<p><strong>KAYIT DI\u015eILIK \u00d6NLENECEK<\/strong><\/p>\n<p>Bu \u00e7er\u00e7evede, \u00fclke ekonomisi i\u00e7in stratejik \u00f6neme sahip olan motorlu kara ta\u015f\u0131t\u0131 kiralama sekt\u00f6r\u00fcnde, hizmet kalitesini art\u0131rmak, kay\u0131t d\u0131\u015f\u0131l\u0131\u011f\u0131 \u00f6nlemek ve t\u00fcketici ma\u011fduriyetlerini ortadan kald\u0131rmak amac\u0131yla <b><em>&#8220;Motorlu Kara Ta\u015f\u0131tlar\u0131n\u0131n Kiralanmas\u0131 Hakk\u0131nda Y\u00f6netmelik Tasla\u011f\u0131&#8221; <\/em><\/b>haz\u0131rland\u0131. Haz\u0131rlanan taslak, kamuoyunun ve sekt\u00f6r payda\u015flar\u0131n\u0131n g\u00f6r\u00fc\u015f\u00fcne sunuldu.<\/p>\n<p>Taslakla, ta\u015f\u0131t kiralama faaliyetlerinin kurumsal bir yap\u0131ya kavu\u015fturulmas\u0131 hedefiyle i\u015fletmeler ve kiralanan ta\u015f\u0131tlar i\u00e7in belirli standart ve kurallar getiriliyor. Kiralama s\u00fcre\u00e7lerinde \u015feffafl\u0131k ve hesap verebilirlik sa\u011flanmas\u0131, s\u00f6zle\u015fme \u015fartlar\u0131n\u0131n netle\u015ftirilmesi ve ara\u00e7lar\u0131n teknik yeterlilik standartlar\u0131n\u0131n y\u00fckseltilmesiyle, t\u00fcketicilerin daha iyi korunmas\u0131na katk\u0131 sa\u011flamay\u0131 ama\u00e7layan s\u00f6z konusu taslak \u00e7al\u0131\u015fma, sekt\u00f6rde adil rekabet ortam\u0131n\u0131n tesis edilmesini hedefliyor. \u00d6zellikle t\u00fcketicilerce ger\u00e7ekle\u015ftirilen kiralamalar y\u00f6netmelik tasla\u011f\u0131n\u0131n \u00e7er\u00e7evesinde yer al\u0131rken, i\u015fletmelere yap\u0131lan ve uzun s\u00fcreli kiralamalar ise kapsam d\u0131\u015f\u0131nda tutuluyor.<\/p>\n<p><img decoding=\"async\" src=\"https:\/\/bihavadis.com\/wp-content\/uploads\/2026\/02\/arac-kiralamaya-yonelik-duzenlemeler-hayata-gecirilecek-0-xuJzpmKT.jpg\"\/><\/p>\n<p><strong>&#8220;MOTORLU KARA TA\u015eITI K\u0130RALAMA B\u0130LG\u0130 S\u0130STEM\u0130&#8221; KURULACAK<\/strong><\/p>\n<p>Buna g\u00f6re, ticari faaliyet do\u011frultusunda ta\u015f\u0131t kiralayan her i\u015fletmenin, yetki belgesi almas\u0131 zorunlu olacak. Yetki belgesi verilmesi i\u00e7in i\u015fletmelerin meslek odas\u0131na kay\u0131tl\u0131 olmas\u0131, i\u015f yerinin ikamet veya ba\u015fka bir mesleki ya da ticari faaliyet amac\u0131yla kullan\u0131lmamas\u0131 ve vergi m\u00fckellefi olmas\u0131 gerekecek.<\/p>\n<p>Ayr\u0131ca, kiralama sorumlular\u0131n\u0131n en az ilk\u00f6\u011fretim mezunu olmas\u0131, belirli su\u00e7lardan h\u00fck\u00fcm giymemesi, Mesleki Yeterlilik Kurumu onayl\u0131 <b><em>&#8220;Seviye 4&#8221;<\/em><\/b> belgesini ta\u015f\u0131mas\u0131 \u015fart\u0131 da bulunacak.<\/p>\n<p>Bu \u00e7er\u00e7evede, motorlu kara ta\u015f\u0131t\u0131 kiralama faaliyetleri ile kiralamaya konu ta\u015f\u0131tlar\u0131n, takip ve kontrol\u00fc amac\u0131yla Bakanl\u0131k\u00e7a <b><em>&#8220;Motorlu Kara Ta\u015f\u0131t\u0131 Kiralama Bilgi Sistemi&#8221;<\/em><\/b> kurulacak. Yetki belgesi ba\u015fvurular\u0131 ve di\u011fer belgelendirme i\u015flemleri, bu sistem \u00fczerinden ger\u00e7ekle\u015ftirilecek.<\/p>\n<p><strong>\u00c7EVRE DOSTU ULA\u015eIM TE\u015eV\u0130K ED\u0130LECEK<\/strong><\/p>\n<p>\u00d6te yandan T\u00fcketici g\u00fcvenli\u011fi ve hizmet kalitesini art\u0131rmak amac\u0131yla kiralanacak ta\u015f\u0131tlara, ya\u015f, kilometre ve \u00e7evresel standartlar gibi niteliksel s\u0131n\u0131rlar getirilecek.<\/p>\n<p>Klasik ta\u015f\u0131tlar hari\u00e7 olmak \u00fczere, 100 bin kilometrenin \u00fczerinde veya 5 ya\u015f\u0131ndan b\u00fcy\u00fck ta\u015f\u0131tlar kiraya verilemeyecek. \u0130\u015fletmelerin en az 5&#8217;inin, kendine ait olmak \u00fczere, toplam en az 10 ta\u015f\u0131ta sahip olmas\u0131 gerekecek.<\/p>\n<p>B\u00fcy\u00fck\u015fehirlerde faaliyet g\u00f6steren i\u015fletmeler i\u00e7in birinin T\u00fcrkiye&#8217;de \u00fcretilmesi ko\u015fuluyla, en az 2 hibrit veya elektrikli ta\u015f\u0131t\u0131, filolar\u0131nda bulundurma zorunlulu\u011fu getirilerek, \u00e7evre dostu ula\u015f\u0131m te\u015fvik edilecek ve yerli \u00fcretim desteklenecek.<\/p>\n<p><strong>DEPOZ\u0130TO D\u00dcZENLEMES\u0130YLE T\u00dcKET\u0130C\u0130 MA\u011eDUR\u0130YETLER\u0130 \u00d6NLENECEK<\/strong><\/p>\n<p>Taslak, s\u00f6zle\u015fme ve \u00f6deme s\u00fcre\u00e7lerinde ya\u015fanan ma\u011fduriyetleri \u00f6nlemeye y\u00f6nelik de \u00f6nemli hususlar i\u00e7eriyor. Buna g\u00f6re, al\u0131nabilecek depozito tutar\u0131, 1-6 g\u00fcnl\u00fck kiralamalarda en fazla 3 g\u00fcnl\u00fck, 7-30 g\u00fcnl\u00fck veya haftal\u0131k kiralamalarda en fazla 7 g\u00fcnl\u00fck kira bedeliyle s\u0131n\u0131rland\u0131r\u0131lacak. Depozitodan kesinti yap\u0131labilecek durumlar da y\u00f6netmelikle belirlenecek. T\u00fcketicilerin en b\u00fcy\u00fck sorunlar\u0131ndan biri olan depozito iadesine y\u00f6nelik ad\u0131mlar da at\u0131l\u0131yor. Bu kapsamda, ta\u015f\u0131t\u0131n t\u00fcketici taraf\u0131ndan iade edildi\u011fi tarihi izleyen 7 g\u00fcn i\u00e7inde, depozito iadesinin yap\u0131lmas\u0131 zorunlu olacak.<\/p>\n<p>T\u00fcketicilere, \u00f6n \u00f6demeli rezervasyonlarda, teslim saatinden 24 saat \u00f6ncesine kadar hi\u00e7bir gerek\u00e7e g\u00f6stermeden ve kesinti olmaks\u0131z\u0131n, rezervasyonunu iptal edebilme hakk\u0131 tan\u0131nacak.<\/p>\n<p>Ayr\u0131ca ola\u011fan kullan\u0131mdan kaynaklanan a\u015f\u0131nma ve y\u0131pranmalar i\u00e7in t\u00fcketiciden herhangi bir bedel talep edilememesi, depozitodan herhangi bir kesinti yap\u0131lamamas\u0131 sa\u011flanacak.<\/p>\n<p><strong>PER\u0130YOD\u0130K BAKIMI ZAMANINDA YAPTIRILMAYAN TA\u015eITLAR K\u0130RAYA VER\u0130LEMEYECEK<\/strong><\/p>\n<p>Mevsim \u015fartlar\u0131n\u0131n gerekli k\u0131ld\u0131\u011f\u0131 d\u00f6nemlerde, kirac\u0131 taraf\u0131ndan talep edilmesi halinde, i\u015fletme taraf\u0131ndan k\u0131\u015f lasti\u011fi sa\u011flanmas\u0131 zorunlu olacak. Periyodik bak\u0131m\u0131 zaman\u0131nda yapt\u0131r\u0131lmayan ta\u015f\u0131tlar\u0131n, kiraya verilmesi engellenecek. Kasko ve sigorta g\u00fcvenceleri, kiralama bedeline dahil edilerek, kirac\u0131n\u0131n sigorta ve kaskodan yararlanma hakk\u0131n\u0131n, ek bir \u00fccret veya \u015farta ba\u011flanamamas\u0131 sa\u011flanacak. Kiralama i\u015fletmelerine, hasar ve ar\u0131za durumlar\u0131nda kirac\u0131n\u0131n her an kolayca ula\u015fabilmesi i\u00e7in ileti\u015fim imkan\u0131 sunma, s\u00fcrekli ve eri\u015filebilir bir bildirim altyap\u0131s\u0131 olu\u015fturma y\u00fck\u00fcml\u00fcl\u00fc\u011f\u00fc getirilecek.<\/p>\n<p>\u0130\u015fletme ile kirac\u0131n\u0131n anla\u015fmaya vard\u0131\u011f\u0131 durumlar hari\u00e7 olmak \u00fczere, mahkeme karar\u0131 olmadan kirac\u0131dan <b><em>&#8220;de\u011fer kayb\u0131&#8221;<\/em><\/b> ad\u0131 alt\u0131nda herhangi bir \u00fccret talep edilemeyecek. B\u00f6ylece keyfi uygulamalar\u0131n \u00f6n\u00fcne ge\u00e7ilecek ve t\u00fcketicinin ma\u011fdur edilmesi \u00f6nlenecek.<\/p>\n<p>Kirac\u0131n\u0131n talebi halinde bebek koltu\u011fu, navigasyon ve h\u0131zl\u0131 ge\u00e7i\u015f sisteminin (HGS) i\u015fletme taraf\u0131ndan bedelsiz sa\u011flanmas\u0131 zorunlu olacak.<\/p>\n<p>\u0130lan siteleri ve \u00e7evrim i\u00e7i platformlar, ta\u015f\u0131t kiralama ilan\u0131 veren i\u015fletmelerin, yetki belgesine sahip olup olmad\u0131\u011f\u0131n\u0131 kontrol etmekle y\u00fck\u00fcml\u00fc olacak. Yetki belgesi olmayan i\u015fletmelerin, bu platformlarda ilan vermesi engellenecek. Sekt\u00f6r\u00fcn bu yeni yap\u0131ya uyum sa\u011flamas\u0131n\u0131 kolayla\u015ft\u0131rmak amac\u0131yla mevcut i\u015fletmelere yetki belgesi almalar\u0131 i\u00e7in 1 Ocak 2027&#8217;e kadar s\u00fcre tan\u0131nacak.<\/p>\n","protected":false},"excerpt":{"rendered":"<p>Motorlu kara ta\u015f\u0131tlar\u0131n\u0131n kiralama s\u00fcrecine y\u00f6nelik getirilecek d\u00fczenlemeler, ticari dengenin korunmas\u0131 ve t\u00fcketicilerin haklar\u0131n\u0131n g\u00fcvence alt\u0131na al\u0131nmas\u0131n\u0131 hedefliyor. Otomotiv sekt\u00f6r\u00fcnde yap\u0131lacak d\u00fczenlemelerin sekt\u00f6re sa\u011flayaca\u011f\u0131 katk\u0131lar merakla bekleniyor.<\/p>\n","protected":false},"author":1,"featured_media":33250,"comment_status":"open","ping_status":"open","sticky":false,"template":"","format":"standard","meta":{"footnotes":""},"categories":[8],"tags":[2157,842,4976,4977,1143],"class_list":["post-33249","post","type-post","status-publish","format-standard","has-post-thumbnail","hentry","category-ekonomi","tag-isletmeler","tag-kira","tag-kiralama","tag-tasit","tag-tuketici"],"_links":{"self":[{"href":"https:\/\/bihavadis.com\/index.php\/wp-json\/wp\/v2\/posts\/33249","targetHints":{"allow":["GET"]}}],"collection":[{"href":"https:\/\/bihavadis.com\/index.php\/wp-json\/wp\/v2\/posts"}],"about":[{"href":"https:\/\/bihavadis.com\/index.php\/wp-json\/wp\/v2\/types\/post"}],"author":[{"embeddable":true,"href":"https:\/\/bihavadis.com\/index.php\/wp-json\/wp\/v2\/users\/1"}],"replies":[{"embeddable":true,"href":"https:\/\/bihavadis.com\/index.php\/wp-json\/wp\/v2\/comments?post=33249"}],"version-history":[{"count":1,"href":"https:\/\/bihavadis.com\/index.php\/wp-json\/wp\/v2\/posts\/33249\/revisions"}],"predecessor-version":[{"id":33252,"href":"https:\/\/bihavadis.com\/index.php\/wp-json\/wp\/v2\/posts\/33249\/revisions\/33252"}],"wp:featuredmedia":[{"embeddable":true,"href":"https:\/\/bihavadis.com\/index.php\/wp-json\/wp\/v2\/media\/33250"}],"wp:attachment":[{"href":"https:\/\/bihavadis.com\/index.php\/wp-json\/wp\/v2\/media?parent=33249"}],"wp:term":[{"taxonomy":"category","embeddable":true,"href":"https:\/\/bihavadis.com\/index.php\/wp-json\/wp\/v2\/categories?post=33249"},{"taxonomy":"post_tag","embeddable":true,"href":"https:\/\/bihavadis.com\/index.php\/wp-json\/wp\/v2\/tags?post=33249"}],"curies":[{"name":"wp","href":"https:\/\/api.w.org\/{rel}","templated":true}]}}