{"id":33294,"date":"2026-02-14T13:51:37","date_gmt":"2026-02-14T13:51:37","guid":{"rendered":"https:\/\/bihavadis.com\/?p=33294"},"modified":"2026-02-14T13:51:37","modified_gmt":"2026-02-14T13:51:37","slug":"bakan-kurum-asrin-felaketinin-3uncu-yil-donumunde-osmaniyede-bulusacagiz","status":"publish","type":"post","link":"https:\/\/bihavadis.com\/index.php\/2026\/02\/14\/bakan-kurum-asrin-felaketinin-3uncu-yil-donumunde-osmaniyede-bulusacagiz\/","title":{"rendered":"Bakan Kurum: &#8216;Asr\u0131n Felaketi&#8217;nin 3&#8217;\u00fcnc\u00fc y\u0131l d\u00f6n\u00fcm\u00fcnde Osmaniye&#8217;de bulu\u015faca\u011f\u0131z"},"content":{"rendered":"<p>\n<p>\u00c7EVRE, \u015eehircilik ve \u0130klim De\u011fi\u015fikli\u011fi Bakan\u0131 Murat Kurum, &#8220;6 \u015eubat &#8216;Asr\u0131n Felaketi&#8217;nin 3&#8217;\u00fcnc\u00fc y\u0131l\u0131nda liderimiz Say\u0131n Cumhurba\u015fkan\u0131m\u0131z Recep Tayyip Erdo\u011fan ve MHP Genel Ba\u015fkan\u0131 Say\u0131n Devlet Bah\u00e7eli&#8217;nin te\u015frifleriyle Osmaniye&#8217;de bulu\u015faca\u011f\u0131z&#8221; dedi.<\/p>\n<p>Bakanl\u0131ktan yap\u0131lan a\u00e7\u0131klamaya g\u00f6re; Kahramanmara\u015f Pazarc\u0131k&#8217;ta 6 \u015eubat 2023&#8217;te saat 04.17&#8217;de meydana gelen 7.7 ve yakla\u015f\u0131k 9 saat sonra 13.24&#8217;te Elbistan&#8217;da meydana gelen 7.6 b\u00fcy\u00fckl\u00fc\u011f\u00fcndeki depremler 108 bin kilometrekarelik alanda 14 milyon ki\u015fiyi etkiledi. 50 binden fazla vatanda\u015f\u0131n hayat\u0131n\u0131 kaybetti\u011fi depremler sonras\u0131 Cumhurba\u015fkan\u0131 Recep Tayyip Erdo\u011fan&#8217;\u0131n talimat\u0131yla deprem b\u00f6lgesi illerinde &#8216;Asr\u0131n \u0130n\u015fa Seferberli\u011fi&#8217; ba\u015flat\u0131ld\u0131. Tarihte e\u015fi benzeri g\u00f6r\u00fclmemi\u015f bir h\u0131zla ilk konutlar\u0131n temelleri 15&#8217;inci g\u00fcnde at\u0131ld\u0131. 45&#8217;inci g\u00fcnde ilk k\u00f6y evleri Gaziantep&#8217;in Nurda\u011f\u0131 il\u00e7esindeki Belp\u0131nar ve Mesth\u00fcy\u00fck k\u00f6ylerinde teslim edildi. 174 ayr\u0131 alandaki 3 bin 481 \u015fantiyede 200 bin ki\u015filik ekiple y\u00fcr\u00fct\u00fclen \u00e7al\u0131\u015fmalar kapsam\u0131nda n\u00fcfus bak\u0131m\u0131ndan Litvanya, y\u00fcz\u00f6l\u00e7\u00fcm\u00fc a\u00e7\u0131s\u0131ndan Bulgaristan, \u0130zlanda kadar alan in\u015fa edildi. Son 1 y\u0131lda 254 bin ba\u011f\u0131ms\u0131z b\u00f6l\u00fcm daha tamamland\u0131 ve 27 Aral\u0131k 2025&#8217;te Hatay&#8217;da 455 bininci son konut da Cumhurba\u015fkan\u0131 Erdo\u011fan&#8217;\u0131n kat\u0131ld\u0131\u011f\u0131 t\u00f6rende teslim edildi. B\u00f6ylece deprem b\u00f6lgesinde toplam 455 bin 357 ba\u011f\u0131ms\u0131z b\u00f6l\u00fcm in\u015fa edilerek &#8216;Asr\u0131n \u0130n\u015fa Seferberli\u011fi&#8217; tamamlanm\u0131\u015f oldu. <\/p>\n<p>OSMAN\u0130YE&#8217;DE ANMA T\u00d6REN\u0130 D\u00dcZENLENECEK<\/p>\n<p>T\u00fcrkiye&#8217;yi sarsan deprem felaketinin \u00fczerinden 3 y\u0131l ge\u00e7ti. B\u00f6lgede in\u015fa \u00e7al\u0131\u015fmalar\u0131n\u0131 tamamlayan \u00c7evre, \u015eehircilik ve \u0130klim De\u011fi\u015fikli\u011fi Bakanl\u0131\u011f\u0131, bu y\u0131l deprem \u015fehitlerini anmak i\u00e7in Osmaniye&#8217;de Cumhurba\u015fkan\u0131 Recep Tayyip Erdo\u011fan ve MHP Genel Ba\u015fkan\u0131 Devlet Bah\u00e7eli&#8217;nin de kat\u0131laca\u011f\u0131 kapsaml\u0131 bir anma program\u0131 d\u00fczenleyecek. &#8216;T\u00fcrkiye&#8217;min G\u00fcc\u00fcne Bak&#8217; temal\u0131 t\u00f6rende, deprem \u015fehitleri i\u00e7in dualar edilecek, tamamlanan &#8216;Asr\u0131n \u0130n\u015fa Seferberli\u011fi&#8217; ile ilgili programlar d\u00fczenlenecek. \u00c7evre, \u015eehircilik ve \u0130klim De\u011fi\u015fikli\u011fi Bakan\u0131 Murat Kurum t\u00f6rene ili\u015fkin sanal medya hesab\u0131ndan &#8216;G\u00fcn A\u011far\u0131r&#8217; isimli a\u011f\u0131d\u0131 payla\u015farak, &#8220;G\u00fcn a\u011fard\u0131, yaralar\u0131 sard\u0131k. Biz yine k\u00fcllerimizden dipdiri aya\u011fa kalkarak yeniden umutla, gururla do\u011fduk. 6 \u015eubat &#8216;Asr\u0131n Felaketi&#8217;nin 3&#8217;\u00fcnc\u00fc y\u0131l\u0131nda; elini milletinin \u00fczerinden bir an olsun \u00e7ekmeyen liderimiz Say\u0131n Cumhurba\u015fkan\u0131m\u0131z Recep Tayyip Erdo\u011fan&#8217;\u0131n ve MHP Genel Ba\u015fkan\u0131 Say\u0131n Devlet Bah\u00e7eli&#8217;nin te\u015frifleriyle Osmaniye&#8217;de bulu\u015faca\u011f\u0131z&#8221; mesaj\u0131n\u0131 verdi.<\/p>\n<p>&#8216;B\u0130R EL UZANIR, YARINLARA VARILIR&#8217;<\/p>\n<p>\u015eark\u0131c\u0131 Simge Sa\u011f\u0131n&#8217;\u0131n seslendirdi\u011fi &#8216;G\u00fcn A\u011far\u0131r&#8217; isimli a\u011f\u0131d\u0131n g\u00f6r\u00fcnt\u00fclerinde deprem b\u00f6lgesinde yeniden in\u015fa edilen 11 ilden \u00e7al\u0131\u015fmalara yer verildi. Cumhurba\u015fkan\u0131 Erdo\u011fan&#8217;\u0131n &#8216;Bize g\u00fcvenin, bize inan\u0131n, biz vatanda\u015f\u0131m\u0131z\u0131 darda, yoklukta, sokakta b\u0131rakmad\u0131k ve b\u0131rakamay\u0131z&#8217; s\u00f6zleri yer ald\u0131. Deprem b\u00f6lgesi i\u00e7in haz\u0131rlanan a\u011f\u0131t, &#8220;Do\u011far yeniden\/Umutla gururla\/ Ufuklara yol olur\/Bitmez azmimiz\/G\u00fcn a\u011far\u0131r\/Yaralar\u0131m sar\u0131l\u0131r\/Memleketimin a\u015fk\u0131\/Kalbimde \u00c7o\u011fal\u0131r\/A\u011flama sen\/Umut her zaman buradad\u0131r\/Bir el uzan\u0131r\/Yar\u0131nlara Var\u0131l\u0131r&#8221; dizelerinden olu\u015ftu. <\/p>\n","protected":false},"excerpt":{"rendered":"<p>\u00c7EVRE, \u015eehircilik ve \u0130klim De\u011fi\u015fikli\u011fi Bakan\u0131 Murat Kurum, &#8220;6 \u015eubat &#8216;Asr\u0131n Felaketi&#8217;nin 3&#8217;\u00fcnc\u00fc y\u0131l\u0131nda liderimiz Say\u0131n Cumhurba\u015fkan\u0131m\u0131z Recep Tayyip Erdo\u011fan ve MHP Genel Ba\u015fkan\u0131 Say\u0131n Devlet Bah\u00e7eli&#8217;nin te\u015frifleriyle Osmaniye&#8217;de bulu\u015faca\u011f\u0131z&#8221; dedi.<\/p>\n","protected":false},"author":1,"featured_media":33295,"comment_status":"open","ping_status":"open","sticky":false,"template":"","format":"standard","meta":{"footnotes":""},"categories":[9,4,13],"tags":[1297,60,1526,362],"class_list":["post-33294","post","type-post","status-publish","format-standard","has-post-thumbnail","hentry","category-genel","category-gundem","category-son-dakika","tag-cumhurbaskani","tag-deprem","tag-erdogan","tag-insa"],"_links":{"self":[{"href":"https:\/\/bihavadis.com\/index.php\/wp-json\/wp\/v2\/posts\/33294","targetHints":{"allow":["GET"]}}],"collection":[{"href":"https:\/\/bihavadis.com\/index.php\/wp-json\/wp\/v2\/posts"}],"about":[{"href":"https:\/\/bihavadis.com\/index.php\/wp-json\/wp\/v2\/types\/post"}],"author":[{"embeddable":true,"href":"https:\/\/bihavadis.com\/index.php\/wp-json\/wp\/v2\/users\/1"}],"replies":[{"embeddable":true,"href":"https:\/\/bihavadis.com\/index.php\/wp-json\/wp\/v2\/comments?post=33294"}],"version-history":[{"count":1,"href":"https:\/\/bihavadis.com\/index.php\/wp-json\/wp\/v2\/posts\/33294\/revisions"}],"predecessor-version":[{"id":33296,"href":"https:\/\/bihavadis.com\/index.php\/wp-json\/wp\/v2\/posts\/33294\/revisions\/33296"}],"wp:featuredmedia":[{"embeddable":true,"href":"https:\/\/bihavadis.com\/index.php\/wp-json\/wp\/v2\/media\/33295"}],"wp:attachment":[{"href":"https:\/\/bihavadis.com\/index.php\/wp-json\/wp\/v2\/media?parent=33294"}],"wp:term":[{"taxonomy":"category","embeddable":true,"href":"https:\/\/bihavadis.com\/index.php\/wp-json\/wp\/v2\/categories?post=33294"},{"taxonomy":"post_tag","embeddable":true,"href":"https:\/\/bihavadis.com\/index.php\/wp-json\/wp\/v2\/tags?post=33294"}],"curies":[{"name":"wp","href":"https:\/\/api.w.org\/{rel}","templated":true}]}}