{"id":33311,"date":"2026-02-14T14:06:10","date_gmt":"2026-02-14T14:06:10","guid":{"rendered":"https:\/\/bihavadis.com\/?p=33311"},"modified":"2026-02-14T14:06:10","modified_gmt":"2026-02-14T14:06:10","slug":"hatayda-sel-sularinda-evi-zarar-gordu","status":"publish","type":"post","link":"https:\/\/bihavadis.com\/index.php\/2026\/02\/14\/hatayda-sel-sularinda-evi-zarar-gordu\/","title":{"rendered":"Hatay&#8217;da sel sular\u0131nda evi zarar g\u00f6rd\u00fc"},"content":{"rendered":"<p>Meteoroloji&#8217;nin \u015fiddetli ya\u011f\u0131\u015f uyar\u0131s\u0131nda bulundu\u011fu Hatay&#8217;\u0131n Yaylada\u011f\u0131 il\u00e7esinde ya\u011f\u0131\u015fla birlikte sel etkili oldu ve yollar adeta g\u00f6le d\u00f6nd\u00fc.<\/p>\n<p>\u015eiddetli ya\u011f\u0131\u015fla birlikte yollar\u0131n g\u00f6le d\u00f6nd\u00fc\u011f\u00fc, evleri, bah\u00e7eleri su bast\u0131\u011f\u0131 anlar ve vatanda\u015flar\u0131n selden ka\u00e7ma anlar\u0131 kameraya yans\u0131d\u0131.<\/p>\n<p>Giderlerin a\u00e7\u0131lmas\u0131yla kent merkezindeki sular \u00e7ekildi ve geriye selden zarar g\u00f6ren alanlar kald\u0131.<\/p>\n<p><strong>HEM EV\u0130 HEM KEND\u0130S\u0130 ZARAR G\u00d6RD\u00dc<\/strong><\/p>\n<p>Dere kenar\u0131na yak\u0131n noktadaki evleri sel at\u0131nda kalan \u015eakirali Ailesi&#8217;nin yuvalar\u0131 da zarar g\u00f6rd\u00fc. Sel esnas\u0131nda d\u00fc\u015fen Miyade \u015eakirali\u2019nin omzu \u00e7\u0131kt\u0131.<\/p>\n<p>E\u015fyalar\u0131n\u0131n hepsinin selle zarar g\u00f6rd\u00fc\u011f\u00fcn\u00fc belirten Miyade \u015eakirali, derenin birdenbire y\u00fckseldi\u011fini ve sular\u0131n hepsinin evlerine geldi\u011fini belirtti.<\/p>\n<p><img decoding=\"async\" src=\"https:\/\/bihavadis.com\/wp-content\/uploads\/2026\/02\/hatayda-sel-sularinda-evi-zarar-gordu-0-namJNHbT.jpg\"\/><\/p>\n<p><strong>&#8220;E\u015eYALARIM SELE G\u0130TT\u0130&#8221;<\/strong><\/p>\n<p>Evde oturduklar\u0131 esnada aniden sele kap\u0131ld\u0131klar\u0131n\u0131 ifade eden Bekir \u015eakirali, <em><b>&#8220;Biz evde oturuyorduk, aniden sel bast\u0131. Sel bas\u0131nca ne yapaca\u011f\u0131m\u0131z\u0131 bilemedik ka\u00e7t\u0131k.<\/b><\/em><\/p>\n<p><em><b> Ka\u00e7maya \u00e7al\u0131\u015ft\u0131k ama bir t\u00fcrl\u00fc ka\u00e7amad\u0131k. \u00c7ocuklar\u0131ma ve e\u015fimi selden \u00e7\u0131kard\u0131m. E\u015fimi \u00e7\u0131kart\u0131rken e\u015fim suya d\u00fc\u015ft\u00fc. <\/b><\/em><\/p>\n<p><em><b>Kald\u0131k geri yukar\u0131 \u00e7\u0131kartt\u0131m.<\/b><\/em><em><b> Bir saat sonra eve gelip gelip bakt\u0131\u011f\u0131mda her yerinde su doluydu. <\/b><\/em><\/p>\n<p><em><b>E\u015fyalar\u0131n hepsi selle birlikte gitti. \u00c7ok fazla ya\u011fmur ya\u011fd\u0131 buraya. Dere ta\u015ft\u0131 ve evimin yan\u0131ndan ikinci dere akar gibi akt\u0131.<\/b><\/em>&#8221; dedi.<\/p>\n<p><img decoding=\"async\" src=\"https:\/\/bihavadis.com\/wp-content\/uploads\/2026\/02\/hatayda-sel-sularinda-evi-zarar-gordu-1-emlOgIDT.jpg\"\/><\/p>\n<p><strong>&#8220;O\u011eLUM BEN\u0130 KURTARIRKEN D\u00dc\u015eT\u00dcM&#8221;<\/strong><\/p>\n<p>Selden ka\u00e7arken d\u00fc\u015f\u00fcp omzunu k\u0131rd\u0131\u011f\u0131n\u0131 ifade eden s\u00f6yleyen Miyade \u015eakirali,<em><b> &#8220;Kom\u015fu ile sohbet ediyorduk bir anda su bast\u0131. Derede sular ta\u015ft\u0131, eve geldi. \u00c7ocuklar\u0131 hemen kurtard\u0131k. O\u011flum beni kurtar\u0131rken yere d\u00fc\u015ft\u00fcm. Arka tarafa d\u00fc\u015f\u00fcp omzumu \u00e7\u0131kard\u0131m. <\/b><\/em><\/p>\n<p><em><b>Sonra hastaneye gittim. \u00d6nce hi\u00e7 b\u00f6yle bir sel olmam\u0131\u015ft\u0131. Dere birdenbire y\u00fckseldi, sular\u0131n hepsi evimize geldi.<\/b><\/em>&#8221; ifadelerini kulland\u0131.<\/p>\n<p><img decoding=\"async\" src=\"https:\/\/bihavadis.com\/wp-content\/uploads\/2026\/02\/hatayda-sel-sularinda-evi-zarar-gordu-2-NUIYCMF6.jpg\"\/><\/p>\n<p><img decoding=\"async\" src=\"https:\/\/bihavadis.com\/wp-content\/uploads\/2026\/02\/hatayda-sel-sularinda-evi-zarar-gordu-3-q15aKFLs.jpg\"\/><\/p>\n<p><img decoding=\"async\" src=\"https:\/\/bihavadis.com\/wp-content\/uploads\/2026\/02\/hatayda-sel-sularinda-evi-zarar-gordu-4-ttaHTxUk.jpg\"\/><\/p>\n<p><img decoding=\"async\" src=\"https:\/\/bihavadis.com\/wp-content\/uploads\/2026\/02\/hatayda-sel-sularinda-evi-zarar-gordu-5-bsEZ1kAB.jpg\"\/><\/p>\n","protected":false},"excerpt":{"rendered":"<p>Yaylada\u011f\u0131 il\u00e7esinde etkili olan ya\u011f\u0131\u015fla birlikte yollar g\u00f6le d\u00f6nerken, evlerin bah\u00e7elerini su bast\u0131\u011f\u0131 anlar kameraya yans\u0131d\u0131.<\/p>\n","protected":false},"author":1,"featured_media":33312,"comment_status":"open","ping_status":"open","sticky":false,"template":"","format":"standard","meta":{"footnotes":""},"categories":[4,13],"tags":[1167,2595],"class_list":["post-33311","post","type-post","status-publish","format-standard","has-post-thumbnail","hentry","category-gundem","category-son-dakika","tag-dere","tag-sel"],"_links":{"self":[{"href":"https:\/\/bihavadis.com\/index.php\/wp-json\/wp\/v2\/posts\/33311","targetHints":{"allow":["GET"]}}],"collection":[{"href":"https:\/\/bihavadis.com\/index.php\/wp-json\/wp\/v2\/posts"}],"about":[{"href":"https:\/\/bihavadis.com\/index.php\/wp-json\/wp\/v2\/types\/post"}],"author":[{"embeddable":true,"href":"https:\/\/bihavadis.com\/index.php\/wp-json\/wp\/v2\/users\/1"}],"replies":[{"embeddable":true,"href":"https:\/\/bihavadis.com\/index.php\/wp-json\/wp\/v2\/comments?post=33311"}],"version-history":[{"count":1,"href":"https:\/\/bihavadis.com\/index.php\/wp-json\/wp\/v2\/posts\/33311\/revisions"}],"predecessor-version":[{"id":33319,"href":"https:\/\/bihavadis.com\/index.php\/wp-json\/wp\/v2\/posts\/33311\/revisions\/33319"}],"wp:featuredmedia":[{"embeddable":true,"href":"https:\/\/bihavadis.com\/index.php\/wp-json\/wp\/v2\/media\/33312"}],"wp:attachment":[{"href":"https:\/\/bihavadis.com\/index.php\/wp-json\/wp\/v2\/media?parent=33311"}],"wp:term":[{"taxonomy":"category","embeddable":true,"href":"https:\/\/bihavadis.com\/index.php\/wp-json\/wp\/v2\/categories?post=33311"},{"taxonomy":"post_tag","embeddable":true,"href":"https:\/\/bihavadis.com\/index.php\/wp-json\/wp\/v2\/tags?post=33311"}],"curies":[{"name":"wp","href":"https:\/\/api.w.org\/{rel}","templated":true}]}}