{"id":33338,"date":"2026-02-14T14:24:05","date_gmt":"2026-02-14T14:24:05","guid":{"rendered":"https:\/\/bihavadis.com\/?p=33338"},"modified":"2026-02-14T14:24:05","modified_gmt":"2026-02-14T14:24:05","slug":"denizlide-sobadan-sizan-gaz-can-aldi","status":"publish","type":"post","link":"https:\/\/bihavadis.com\/index.php\/2026\/02\/14\/denizlide-sobadan-sizan-gaz-can-aldi\/","title":{"rendered":"Denizli\u2019de sobadan s\u0131zan gaz can ald\u0131"},"content":{"rendered":"<p>Denizli&#8217;nin Babada\u011f il\u00e7esine ba\u011fl\u0131 Mollaahmet Mahallesi\u2019nde, evlerinde sobadan s\u0131zan gazdan etkilenen ya\u015fl\u0131 kar\u0131 koca zehirlendi.<\/p>\n<p>Uzun s\u00fcre kendilerinden haber alamayan kom\u015fular\u0131n eve girmesiyle, \u00e7iftin hareketsiz halde oldu\u011fu fark edildi. Durumun bildirilmesi \u00fczerine adrese jandarma ve sa\u011fl\u0131k ekipleri sevk edildi.<\/p>\n<p><strong>YA\u015eLI KADIN OLAY YER\u0130NDE HAYATINI KAYBETT\u0130<\/strong><\/p>\n<p>Sa\u011fl\u0131k ekiplerinin yapt\u0131\u011f\u0131 ilk kontrolde, G\u00fclten Karao\u011flan\u2019\u0131n ya\u015fam\u0131n\u0131 yitirdi\u011fi belirlendi. Bayg\u0131n halde bulunan e\u015fi Ya\u015far Karao\u011flan ise ambulansla hastaneye kald\u0131r\u0131larak tedavi alt\u0131na al\u0131nd\u0131.<\/p>\n<p>Hayat\u0131n\u0131 kaybeden G\u00fclten Karao\u011flan\u2019\u0131n cenazesi, olay yerindeki incelemelerin ard\u0131ndan otopsi yap\u0131lmak \u00fczere Denizli Adli T\u0131p Kurumu Grup Ba\u015fkanl\u0131\u011f\u0131 morguna kald\u0131r\u0131ld\u0131. Ailenin \u015fehir d\u0131\u015f\u0131nda bulunan \u00e7ocuklar\u0131n\u0131n gelmesinin ard\u0131ndan cenazenin defnedilece\u011fi \u00f6\u011frenildi.<\/p>\n<p><strong>E\u015e\u0130N\u0130N SA\u011eLIK DURUMU \u0130Y\u0130<\/strong><\/p>\n<p>Hastanede tedavi g\u00f6ren Ya\u015far Karao\u011flan\u2019\u0131n sa\u011fl\u0131k durumunun iyi oldu\u011fu bildirildi. Olayla ilgili jandarma ekipleri taraf\u0131ndan soru\u015fturma ba\u015flat\u0131ld\u0131.<\/p>\n","protected":false},"excerpt":{"rendered":"<p>Babada\u011f il\u00e7esinde sobadan s\u0131zan gazdan zehirlenen ya\u015fl\u0131 \u00e7iftten kad\u0131n ya\u015fam\u0131n\u0131 yitirirken, e\u015fi hastanede tedavi alt\u0131na al\u0131nd\u0131.<\/p>\n","protected":false},"author":1,"featured_media":33339,"comment_status":"open","ping_status":"open","sticky":false,"template":"","format":"standard","meta":{"footnotes":""},"categories":[4,13],"tags":[],"class_list":["post-33338","post","type-post","status-publish","format-standard","has-post-thumbnail","hentry","category-gundem","category-son-dakika"],"_links":{"self":[{"href":"https:\/\/bihavadis.com\/index.php\/wp-json\/wp\/v2\/posts\/33338","targetHints":{"allow":["GET"]}}],"collection":[{"href":"https:\/\/bihavadis.com\/index.php\/wp-json\/wp\/v2\/posts"}],"about":[{"href":"https:\/\/bihavadis.com\/index.php\/wp-json\/wp\/v2\/types\/post"}],"author":[{"embeddable":true,"href":"https:\/\/bihavadis.com\/index.php\/wp-json\/wp\/v2\/users\/1"}],"replies":[{"embeddable":true,"href":"https:\/\/bihavadis.com\/index.php\/wp-json\/wp\/v2\/comments?post=33338"}],"version-history":[{"count":1,"href":"https:\/\/bihavadis.com\/index.php\/wp-json\/wp\/v2\/posts\/33338\/revisions"}],"predecessor-version":[{"id":33340,"href":"https:\/\/bihavadis.com\/index.php\/wp-json\/wp\/v2\/posts\/33338\/revisions\/33340"}],"wp:featuredmedia":[{"embeddable":true,"href":"https:\/\/bihavadis.com\/index.php\/wp-json\/wp\/v2\/media\/33339"}],"wp:attachment":[{"href":"https:\/\/bihavadis.com\/index.php\/wp-json\/wp\/v2\/media?parent=33338"}],"wp:term":[{"taxonomy":"category","embeddable":true,"href":"https:\/\/bihavadis.com\/index.php\/wp-json\/wp\/v2\/categories?post=33338"},{"taxonomy":"post_tag","embeddable":true,"href":"https:\/\/bihavadis.com\/index.php\/wp-json\/wp\/v2\/tags?post=33338"}],"curies":[{"name":"wp","href":"https:\/\/api.w.org\/{rel}","templated":true}]}}