{"id":33391,"date":"2026-02-14T15:03:10","date_gmt":"2026-02-14T15:03:10","guid":{"rendered":"https:\/\/bihavadis.com\/?p=33391"},"modified":"2026-02-14T15:03:10","modified_gmt":"2026-02-14T15:03:10","slug":"abdde-istihdam-alarmda-issiz-ordusu-buyuyor","status":"publish","type":"post","link":"https:\/\/bihavadis.com\/index.php\/2026\/02\/14\/abdde-istihdam-alarmda-issiz-ordusu-buyuyor\/","title":{"rendered":"ABD&#8217;de istihdam alarmda: \u0130\u015fsiz ordusu b\u00fcy\u00fcyor"},"content":{"rendered":"<p><span>ABD&#8217;de \u015firketler artan maliyetler ve belirsizlikler nedeniyle k\u00fc\u00e7\u00fclmeye giderken, binlerce \u00e7al\u0131\u015fan bir anda i\u015fini kaybetti.<span>\u00a0<\/span><\/span><\/p>\n<p><span>Toplu i\u015ften \u00e7\u0131karmalar dalga dalga yay\u0131l\u0131yor, i\u015fsizler ordusu h\u0131zla b\u00fcy\u00fcyor. <\/span><\/p>\n<p><span>\u015eirketler pe\u015f pe\u015fe k\u00fc\u00e7\u00fclme karar\u0131 al\u0131rken, binlerce \u00e7al\u0131\u015fan bir gecede i\u015ften \u00e7\u0131kart\u0131l\u0131yor<\/span><\/p>\n<p><span>Ekonomideki k\u0131r\u0131lganl\u0131k derinle\u015firken, \u201ci\u015fini kaybedenler listesi\u201d her g\u00fcn biraz daha uzuyor.<\/span><\/p>\n<p><strong>\u0130\u015eTEN \u00c7IKARMAYA, OTOMOSYONA Y\u00d6NELMEK NEDEN OLARAK G\u00d6STER\u0130L\u0130YOR<\/strong><\/p>\n<p>ABD&#8217;de \u015firketlerin otomasyona y\u00f6nelmesi ve verimlilik art\u0131\u015f\u0131 hedefleri gibi nedenlerle i\u015ften \u00e7\u0131karma duyurular\u0131n\u0131n yo\u011funla\u015ft\u0131\u011f\u0131 g\u00f6r\u00fcl\u00fcyor.<\/p>\n<p>A\u00e7\u0131klanan i\u015ften \u00e7\u0131karmalar\u0131n kayd\u0131n\u0131 tutan dan\u0131\u015fmanl\u0131k \u015firketi Challenger, Gray &#038; Christmas&#8217;\u0131n ocak ay\u0131 raporuna g\u00f6re, ABD merkezli i\u015fverenlerin duyurdu\u011fu i\u015ften \u00e7\u0131karmalar\u0131n say\u0131s\u0131, ocakta ge\u00e7en y\u0131l\u0131n ayn\u0131 d\u00f6nemine g\u00f6re y\u00fczde 118 artarak 108 bin 435&#8217;e y\u00fckseldi.<\/p>\n<p>B\u00f6ylece ocaktaki i\u015ften \u00e7\u0131karmalar, 2009&#8217;dan bu yana ocak aylar\u0131 i\u00e7in kaydedilen en y\u00fcksek seviyeye \u00e7\u0131kt\u0131. Bu d\u00f6nemde i\u015ften \u00e7\u0131karmalar\u0131n en fazla ger\u00e7ekle\u015fti\u011fi sekt\u00f6rler ula\u015ft\u0131rma, teknoloji, sa\u011fl\u0131k hizmetleri, kimya ve medya olarak s\u0131raland\u0131.<\/p>\n<p>\u0130\u015ften \u00e7\u0131karmalar\u0131n ba\u015fl\u0131ca nedenleri aras\u0131nda <b><em>&#8220;s\u00f6zle\u015fme kay\u0131plar\u0131, piyasa ve ekonomik ko\u015fullar, yeniden yap\u0131lanma, ma\u011faza, birim veya departman kapanmalar\u0131&#8221;<\/em><\/b> yer al\u0131rken, <b><em>&#8220;yapay zeka uygulamalar\u0131na ge\u00e7i\u015f ve tarifeler&#8221;<\/em><\/b> de gerek\u00e7eler aras\u0131nda g\u00f6sterildi.<\/p>\n<p><img decoding=\"async\" src=\"https:\/\/bihavadis.com\/wp-content\/uploads\/2026\/02\/abdde-istihdam-alarmda-issiz-ordusu-buyuyor-0-vCbsh45U.jpg\"\/><\/p>\n<p><strong>&#8220;BEYAZ YAKA&#8221; \u0130ST\u0130HDAMI DARALIYOR<\/strong><\/p>\n<p>Ekonomik dalgalanmalar devam ederken pek \u00e7ok \u015firket yapay zeka yat\u0131r\u0131mlar\u0131n\u0131 art\u0131rarak bu teknolojinin getirdi\u011fi verimlilik s\u0131\u00e7ramas\u0131n\u0131 kurumsal yap\u0131lar\u0131n\u0131 sadele\u015ftirmek i\u00e7in kullan\u0131yor.<\/p>\n<p>Verimlilik art\u0131\u015f\u0131 hedeflerinin \u00f6tesinde, t\u00fcketici harcamalar\u0131ndaki durgunluk, maliyet bask\u0131lar\u0131 ve ekonomik yava\u015flama beklentileri de \u015firketleri yeniden yap\u0131land\u0131rma hamlelerine itiyor.<\/p>\n<p>\u00d6zellikle yapay zeka ve otomasyonun beyaz yakal\u0131 i\u015fleri d\u00f6n\u00fc\u015ft\u00fcrmesiyle bu alandaki istihdam daral\u0131rken, h\u0131zla de\u011fi\u015fen i\u015f piyasas\u0131nda rekabet ko\u015fullar\u0131 sertle\u015fiyor.<\/p>\n<p>Teknoloji, perakende ve ileti\u015fim sekt\u00f6rlerindeki bir\u00e7ok b\u00fcy\u00fck oyuncu, son d\u00f6nemde pe\u015f pe\u015fe binlerce ki\u015filik kurumsal k\u00fc\u00e7\u00fclme ilan ederek bu e\u011filimi daha da belirginle\u015ftiriyor.<\/p>\n<p>Son d\u00f6nemde istihdam azaltan \u015firketler aras\u0131nda Amazon, UPS, Meta ve Nike gibi k\u00fcresel devlerin yer almas\u0131, i\u015f g\u00fcc\u00fc piyasas\u0131nda dengelerin de\u011fi\u015febilece\u011fine i\u015faret ediyor.<\/p>\n<p><img decoding=\"async\" src=\"https:\/\/bihavadis.com\/wp-content\/uploads\/2026\/02\/abdde-istihdam-alarmda-issiz-ordusu-buyuyor-1-6WLXcnmW.jpg\"\/><\/p>\n<p><strong>AMAZON KURUMSAL YAPISINI SADELE\u015eT\u0130R\u0130YOR<\/strong><\/p>\n<p>ABD&#8217;li e-ticaret \u015firketi Amazon, 28 Ocak&#8217;ta d\u00fcnya genelinde yakla\u015f\u0131k 16 bin \u00e7al\u0131\u015fan\u0131n\u0131 daha i\u015ften \u00e7\u0131karma karar\u0131 ald\u0131.<\/p>\n<p>Amazon \u0130nsan Deneyimi ve Teknolojiden Sorumlu K\u0131demli Ba\u015fkan Yard\u0131mc\u0131s\u0131 Beth Galetti, \u015firket \u00e7al\u0131\u015fanlar\u0131na g\u00f6nderdi\u011fi yaz\u0131da, karar\u0131n temel gerek\u00e7esi olarak y\u00f6netim katmanlar\u0131n\u0131n azalt\u0131lmas\u0131, bireysel sorumluluklar\u0131n art\u0131r\u0131lmas\u0131 ve karar alma s\u00fcre\u00e7lerini yava\u015flatan b\u00fcrokrasinin ortadan kald\u0131r\u0131lmas\u0131n\u0131 g\u00f6sterdi.<\/p>\n<p>Ekim 2025&#8217;te 14 bin beyaz yakal\u0131 \u00e7al\u0131\u015fan\u0131n\u0131 i\u015ften \u00e7\u0131karan Amazon, 2026&#8217;da yeni kesintiler olabilece\u011fi sinyalini vermi\u015fti.<\/p>\n<p><img decoding=\"async\" src=\"https:\/\/bihavadis.com\/wp-content\/uploads\/2026\/02\/abdde-istihdam-alarmda-issiz-ordusu-buyuyor-2-5b97pW4I.jpg\"\/><\/p>\n<p><strong>DOW YAPAY ZEKA VE OTOMASYONA A\u011eIRLIK VERMEY\u0130 PLANLIYOR<\/strong><\/p>\n<p>Kimyasal \u00fcretim \u015firketi Dow Inc, 29 Ocak&#8217;ta yakla\u015f\u0131k 4 bin 500 ki\u015fiyi i\u015ften \u00e7\u0131karmay\u0131 planlad\u0131\u011f\u0131n\u0131 duyurdu.<\/p>\n<p>\u015eirketten yap\u0131lan a\u00e7\u0131klamada, maliyetleri d\u00fc\u015f\u00fcrmek ve verimlili\u011fi art\u0131rmak i\u00e7in i\u015f s\u00fcre\u00e7lerinin otomasyon ve yapay zeka ile iyile\u015ftirilece\u011fi belirtildi.<\/p>\n<p><img decoding=\"async\" src=\"https:\/\/bihavadis.com\/wp-content\/uploads\/2026\/02\/abdde-istihdam-alarmda-issiz-ordusu-buyuyor-3-Tgnct5Mp.jpg\"\/><\/p>\n<p><strong>META, KAYNAKLARINI YAPAY ZEKA DESTEKL\u0130 \u00dcR\u00dcNLERE KAYDIRIYOR<\/strong><\/p>\n<p>ABD&#8217;li teknoloji devlerinden Meta&#8217;n\u0131n 13 Ocak&#8217;ta metaverse ve sanal ger\u00e7eklik \u00fcr\u00fcnleri \u00fczerinde \u00e7al\u0131\u015fan Reality Labs biriminde yakla\u015f\u0131k 15 bin \u00e7al\u0131\u015fan\u0131n\u0131n y\u00fczde 10&#8217;unu i\u015ften \u00e7\u0131karmay\u0131 planlad\u0131\u011f\u0131 bildirildi.<\/p>\n<p>ABD bas\u0131n\u0131nda yer alan haberlerde, bu ad\u0131m\u0131n \u015firketin kaynaklar\u0131n\u0131 sanal ger\u00e7eklik ve metaverse \u00fcr\u00fcnlerinden yapay zeka destekli giyilebilir cihazlar ve mobil cihaz \u00f6zelliklerine y\u00f6nlendirme stratejisinin bir par\u00e7as\u0131 oldu\u011fu aktar\u0131ld\u0131.<\/p>\n<p><img decoding=\"async\" src=\"https:\/\/bihavadis.com\/wp-content\/uploads\/2026\/02\/abdde-istihdam-alarmda-issiz-ordusu-buyuyor-4-xJVuNxmA.jpg\"\/><\/p>\n<p><strong>P\u0130NTEREST, YAPAY ZEKA HEDEFLER\u0130 DO\u011eRULTUSUNDA \u0130\u015e G\u00dcC\u00dcN\u00dc AZALTIYOR<\/strong><\/p>\n<p>Sosyal medya platformu Pinterest, 26 Ocak&#8217;ta a\u00e7\u0131klad\u0131\u011f\u0131 yeniden yap\u0131lanma plan\u0131 kapsam\u0131nda, i\u015f g\u00fcc\u00fcn\u00fcn y\u00fczde 15&#8217;inden daha az\u0131n\u0131 etkilemesi beklenen i\u015ften \u00e7\u0131karmalar ve ofis alan\u0131 azalt\u0131mlar\u0131na gidece\u011fini duyurdu.<\/p>\n<p>\u015eirket, ABD Menkul K\u0131ymetler ve Borsa Komisyonuna (SEC) yapt\u0131\u011f\u0131 bildirimde, bu ad\u0131mlar\u0131n yapay zekaya odaklanan roller ve ekipler i\u00e7in kaynaklar\u0131n yeniden tahsisi, yapay zeka destekli \u00fcr\u00fcn ve kabiliyetlerin \u00f6nceliklendirilmesi ve sat\u0131\u015f ile pazara giri\u015f stratejisinin d\u00f6n\u00fc\u015f\u00fcm\u00fcn\u00fcn h\u0131zland\u0131r\u0131lmas\u0131n\u0131 ama\u00e7lad\u0131\u011f\u0131n\u0131 a\u00e7\u0131klad\u0131.<\/p>\n<p><img decoding=\"async\" src=\"https:\/\/bihavadis.com\/wp-content\/uploads\/2026\/02\/abdde-istihdam-alarmda-issiz-ordusu-buyuyor-5-YNP4GTRO.jpg\"\/><\/p>\n<p><strong>UPS, \u0130\u015e G\u00dcC\u00dcN\u00dc BU YIL 30 B\u0130N K\u0130\u015e\u0130YE KADAR AZALTMAYI PLANLIYOR<\/strong><\/p>\n<p>ABD merkezli nakliye \u015firketi United Parcel Service (UPS), 27 Ocak&#8217;ta bu y\u0131l \u00e7al\u0131\u015fan say\u0131s\u0131n\u0131 30 bin ki\u015fiye kadar azaltmay\u0131 planlad\u0131\u011f\u0131n\u0131 duyurdu.<\/p>\n<p>UPS Mali \u0130\u015fler Direkt\u00f6r\u00fc (CFO) Brian Dykes, bu y\u0131l\u0131n ilk yar\u0131s\u0131nda yakla\u015f\u0131k 24 binan\u0131n kapat\u0131lmas\u0131 ve t\u00fcm a\u011f genelinde otomasyon uygulanmas\u0131 planlar\u0131n\u0131n \u015firketin maliyetleri azaltmak i\u00e7in ald\u0131\u011f\u0131 di\u011fer \u00f6nlemler aras\u0131nda bulundu\u011funu aktard\u0131.<\/p>\n<p>UPS, 2025&#8217;in \u00fc\u00e7\u00fcnc\u00fc \u00e7eyre\u011fine ili\u015fkin bilan\u00e7osunda da yakla\u015f\u0131k 34 bini operasyonel i\u015f g\u00fcc\u00fcnde olmak \u00fczere ge\u00e7en y\u0131l toplam 48 bin ki\u015fiyi i\u015ften \u00e7\u0131kard\u0131\u011f\u0131n\u0131 duyurmu\u015ftu.<\/p>\n<p><img decoding=\"async\" src=\"https:\/\/bihavadis.com\/wp-content\/uploads\/2026\/02\/abdde-istihdam-alarmda-issiz-ordusu-buyuyor-6-I3xJ91uq.jpg\"\/><\/p>\n<p><strong>HP YAPAY ZEKA \u0130LE VER\u0130ML\u0130L\u0130\u011e\u0130 ARTIRMAYI HEDEFL\u0130YOR<\/strong><\/p>\n<p>ABD merkezli teknoloji \u015firketi HP, 25 Kas\u0131m 2025&#8217;te k\u00fcresel \u00e7apta \u00e7al\u0131\u015fan say\u0131s\u0131n\u0131 4 bin ile 6 bin ki\u015fi aras\u0131nda azaltmay\u0131 planlad\u0131\u011f\u0131n\u0131 a\u00e7\u0131klad\u0131.<\/p>\n<p>\u015eirketin bilan\u00e7o a\u00e7\u0131klamas\u0131nda, yapay zekay\u0131 kullanarak m\u00fc\u015fteri memnuniyetinin, \u00fcr\u00fcn inovasyonunun ve verimlili\u011fin art\u0131r\u0131lmas\u0131na y\u00f6nelik \u015firket \u00e7ap\u0131nda ba\u015flat\u0131lacak bir giri\u015fim duyurulurken, bu kapsamda \u00e7al\u0131\u015fan say\u0131s\u0131n\u0131n azalt\u0131lmas\u0131n\u0131n planland\u0131\u011f\u0131 belirtildi.<\/p>\n<p><img decoding=\"async\" src=\"https:\/\/bihavadis.com\/wp-content\/uploads\/2026\/02\/abdde-istihdam-alarmda-issiz-ordusu-buyuyor-7-OXCwF5qD.jpg\"\/><\/p>\n<p><strong>VER\u0130ZON OPERASYONLARINI BAS\u0130TLE\u015eT\u0130R\u0130YOR<\/strong><\/p>\n<p>Telekom\u00fcnikasyon \u015firketi Verizon, ge\u00e7en y\u0131l kas\u0131m ay\u0131nda 13 binden fazla \u00e7al\u0131\u015fan\u0131n\u0131 i\u015ften \u00e7\u0131karaca\u011f\u0131n\u0131 duyurdu.<\/p>\n<p>Verizon \u00dcst Y\u00f6neticisi (CEO) Dan Schulman, \u015firket \u00e7al\u0131\u015fanlar\u0131na g\u00f6nderdi\u011fi mektupta, m\u00fc\u015fterilerin ihtiya\u00e7lar\u0131n\u0131 kar\u015f\u0131lamak ve \u015firketin pazardaki liderli\u011fini art\u0131rmak i\u00e7in de\u011fi\u015fmesi ve geli\u015fmesi gerekti\u011fini vurgulad\u0131.<\/p>\n<p>\u015eirketin mevcut mali yap\u0131s\u0131n\u0131n m\u00fc\u015fteriye sunulan de\u011fer teklifine yat\u0131r\u0131m yapma kapasitesini s\u0131n\u0131rlad\u0131\u011f\u0131n\u0131 belirten Schulman, t\u00fcm \u015firketin m\u00fc\u015fterilere en iyi hizmeti sunmaya odaklanacak \u015fekilde yeniden konumland\u0131r\u0131lmas\u0131 ve operasyonlar\u0131n basitle\u015ftirilmesi gerekti\u011fini kaydetti.<\/p>\n<p><strong>N\u0130KE OTOMASYONU HIZLANDIRIYOR<\/strong><\/p>\n<p>Ge\u00e7en ay ABD bas\u0131n\u0131nda yer alan haberlerde, spor ayakkab\u0131, giyim ve ekipman \u015firketi Nike&#8217;\u0131n kar\u0131n\u0131 art\u0131rmak ve &#8220;otomasyonu&#8221; h\u0131zland\u0131rmak amac\u0131yla 775 \u00e7al\u0131\u015fan\u0131n\u0131 i\u015ften \u00e7\u0131karaca\u011f\u0131 bildirildi.<\/p>\n<p>\u0130\u015ften \u00e7\u0131karmalar\u0131n a\u011f\u0131rl\u0131kl\u0131 olarak Tennessee ve Mississippi eyaletlerindeki da\u011f\u0131t\u0131m merkezlerini etkileyece\u011fi belirtildi. Nike&#8217;tan yap\u0131lan a\u00e7\u0131klamada, &#8220;Geli\u015fmi\u015f teknoloji ve otomasyon kullan\u0131m\u0131n\u0131 h\u0131zland\u0131r\u0131yor ve ekiplerimizin gelecekte ihtiya\u00e7 duyaca\u011f\u0131 becerilere yat\u0131r\u0131m yap\u0131yoruz.&#8221; ifadesi kullan\u0131ld\u0131.<\/p>\n<p><strong>TYSON FOODS FABR\u0130KA KAPATIYOR<\/strong><\/p>\n<p>ABD&#8217;nin en b\u00fcy\u00fck et \u015firketi Tyson Foods, ge\u00e7en y\u0131l kas\u0131m ay\u0131nda, ocakta Nebraska eyaletinin Lexington \u015fehrinde yakla\u015f\u0131k 3 bin 200 \u00e7al\u0131\u015fan\u0131 bulunan s\u0131\u011f\u0131r eti fabrikas\u0131n\u0131 kapataca\u011f\u0131n\u0131 duyurdu.<\/p>\n<p>\u015eirket ayr\u0131ca, Texas&#8217;\u0131n Amarillo kentindeki s\u0131\u011f\u0131r eti fabrikas\u0131ndaki faaliyetlerini tek vardiyaya indirece\u011fini ve bunun yakla\u015f\u0131k 1700 \u00e7al\u0131\u015fan\u0131 etkileyece\u011fini a\u00e7\u0131klad\u0131.<\/p>\n<p><strong>AMER\u0130CAN A\u0130RL\u0130NES&#8217;IN \u0130\u015eTEN \u00c7IKARMALARINDAN &#8220;Y\u00dcZLERCE&#8221; \u00c7ALI\u015eAN ETK\u0130LENECEK<\/strong><\/p>\n<p>ABD&#8217;li hava yolu \u015firketi American Airlines, verimlili\u011fini art\u0131rmak amac\u0131yla Fort Worth&#8217;taki genel merkezinin y\u00f6netim ve destek ekibinde i\u015f g\u00fcc\u00fcn\u00fc azaltaca\u011f\u0131n\u0131 bildirdi.<\/p>\n<p>\u00dclke bas\u0131n\u0131nda, i\u015ften \u00e7\u0131karmalardan &#8220;y\u00fczlerce&#8221; \u00e7al\u0131\u015fan\u0131n etkilenece\u011fi aktar\u0131ld\u0131.<\/p>\n<p><strong>\u2060C\u0130T\u0130GROUP \u00c7ALI\u015eAN SAYISINI AZALTMAYA DEVAM ED\u0130YOR<\/strong><\/p>\n<p>Wall Street&#8217;te en agresif yeniden yap\u0131land\u0131rma \u00e7al\u0131\u015fmalar\u0131ndan birine ba\u015flayan Citigroup, bu kapsamda ocak ay\u0131nda yakla\u015f\u0131k 1000 ki\u015finin i\u015fine son verdi.<\/p>\n<p>ABD bas\u0131n\u0131nda Citigroup&#8217;un mart ay\u0131nda daha fazla i\u015ften \u00e7\u0131karmay\u0131 planlad\u0131\u011f\u0131 aktar\u0131ld\u0131.<\/p>\n<p>Citigroup&#8217;un konuya ili\u015fkin a\u00e7\u0131klamas\u0131nda 2026 y\u0131l\u0131nda da personel say\u0131s\u0131n\u0131 azaltmaya devam edece\u011fini belirterek, &#8220;Bu de\u011fi\u015fiklikler, personel say\u0131m\u0131z\u0131, konumlar\u0131m\u0131z\u0131 ve uzmanl\u0131\u011f\u0131m\u0131z\u0131 mevcut i\u015f ihtiya\u00e7lar\u0131na uygun hale getirmek i\u00e7in yapt\u0131\u011f\u0131m\u0131z ayarlamalar\u0131, teknoloji sayesinde elde etti\u011fimiz verimlilik art\u0131\u015f\u0131n\u0131 ve hedef durumuna yakla\u015fan d\u00f6n\u00fc\u015f\u00fcm \u00e7al\u0131\u015fmalar\u0131m\u0131zdaki ilerlemeyi yans\u0131t\u0131yor.&#8221; ifadeleri kullan\u0131ld\u0131.<\/p>\n<p><strong>T-MOB\u0130LE, N\u0130SANDA YAKLA\u015eIK 400 \u00c7ALI\u015eANIN \u0130\u015e\u0130NE SON VER\u0130YOR<\/strong><\/p>\n<p>ABD&#8217;li telekom\u00fcnikasyon \u015firketi T-Mobile, ge\u00e7en ay sonunda Washington eyaletine yapt\u0131\u011f\u0131 bildirimde, &#8220;de\u011fi\u015fen i\u015f ihtiya\u00e7lar\u0131 nedeniyle&#8221; i\u015ften \u00e7\u0131karma yapaca\u011f\u0131n\u0131 a\u00e7\u0131klad\u0131.<\/p>\n<p>Bildirimde, \u00e7e\u015fitli pozisyonlardaki 393 \u00e7al\u0131\u015fan\u0131n i\u015fine nisan ay\u0131nda son verilece\u011fi aktar\u0131ld\u0131.<\/p>\n<p><strong>WALMART NEW JERSEY&#8217;DE YEN\u0130DEN \u0130\u015eTEN \u00c7IKARMAYA G\u0130D\u0130YOR<\/strong><\/p>\n<p>Walmart da ge\u00e7en ay New Jersey eyaletine yapt\u0131\u011f\u0131 bildirimde, \u015firketin konum ve i\u015f stratejisindeki son de\u011fi\u015fikliklerin, eyalette bulunan veya buraya ba\u011fl\u0131 \u00e7al\u0131\u015fan baz\u0131 pozisyonlar\u0131n ta\u015f\u0131nmas\u0131na ve baz\u0131 pozisyonlar\u0131n kald\u0131r\u0131lmas\u0131na neden oldu\u011fu ifade edildi.<\/p>\n<p>Bildirimde bu yap\u0131lanmadan Hoboken ofisinde 100 \u00e7al\u0131\u015fan\u0131n etkilenece\u011fi kaydedildi.<\/p>\n<p>\u015eirket, ge\u00e7en y\u0131l da New Jersey&#8217;de 700&#8217;e yak\u0131n \u00e7al\u0131\u015fan\u0131n i\u015fine son verece\u011fini duyurmu\u015ftu.<\/p>\n<p><strong>TARGET, DA\u011eITIM MERKEZLER\u0130 VE B\u00d6LGE OF\u0130SLER\u0130NDE \u00c7ALI\u015eAN SAYISINI AZALTIYOR<\/strong><\/p>\n<p>\u00dclke bas\u0131n\u0131nda yer alan haberlere g\u00f6re ABD&#8217;li perakende zinciri Target, \u00e7al\u0131\u015fanlar\u0131na g\u00f6nderdi\u011fi notta, m\u00fc\u015fteri deneyimini iyile\u015ftirmek i\u00e7in ma\u011fazalar\u0131 y\u00f6netme ve denetleme \u015feklini de\u011fi\u015ftirdi\u011fini bildirdi.<\/p>\n<p>Da\u011f\u0131n\u0131k raflar, stokta bulunmayan \u00fcr\u00fcnler ve uzun kasa kuyruklar\u0131ndan \u015fikayet eden m\u00fc\u015fterileri geri kazanmaya \u00e7al\u0131\u015faca\u011f\u0131n\u0131 belirten \u015firket, ma\u011faza \u00e7al\u0131\u015fanlar\u0131na daha fazla yat\u0131r\u0131m yapaca\u011f\u0131n\u0131 ancak da\u011f\u0131t\u0131m merkezlerinde ve b\u00f6lge ofislerinde yakla\u015f\u0131k 500 i\u015f pozisyonunu ortadan kald\u0131raca\u011f\u0131n\u0131 duyurdu.<\/p>\n","protected":false},"excerpt":{"rendered":"<p>ABD&#8217;de toplu i\u015ften \u00e7\u0131karmalar h\u0131z kazand\u0131, i\u015fsizler ordusu her ge\u00e7en g\u00fcn biraz daha b\u00fcy\u00fcyor. Uzmanlar, istihdam piyasas\u0131ndaki bu dalgan\u0131n yaln\u0131zca bireyleri de\u011fil, \u00fclke ekonomisinin genel seyrini de olumsuz etkileyebilece\u011fine dikkat \u00e7ekiyor.<\/p>\n","protected":false},"author":1,"featured_media":33392,"comment_status":"open","ping_status":"open","sticky":false,"template":"","format":"standard","meta":{"footnotes":""},"categories":[8],"tags":[272,1529,395,4994,213],"class_list":["post-33391","post","type-post","status-publish","format-standard","has-post-thumbnail","hentry","category-ekonomi","tag-abd","tag-calisan","tag-is","tag-sirketi","tag-yapay-zeka"],"_links":{"self":[{"href":"https:\/\/bihavadis.com\/index.php\/wp-json\/wp\/v2\/posts\/33391","targetHints":{"allow":["GET"]}}],"collection":[{"href":"https:\/\/bihavadis.com\/index.php\/wp-json\/wp\/v2\/posts"}],"about":[{"href":"https:\/\/bihavadis.com\/index.php\/wp-json\/wp\/v2\/types\/post"}],"author":[{"embeddable":true,"href":"https:\/\/bihavadis.com\/index.php\/wp-json\/wp\/v2\/users\/1"}],"replies":[{"embeddable":true,"href":"https:\/\/bihavadis.com\/index.php\/wp-json\/wp\/v2\/comments?post=33391"}],"version-history":[{"count":1,"href":"https:\/\/bihavadis.com\/index.php\/wp-json\/wp\/v2\/posts\/33391\/revisions"}],"predecessor-version":[{"id":33401,"href":"https:\/\/bihavadis.com\/index.php\/wp-json\/wp\/v2\/posts\/33391\/revisions\/33401"}],"wp:featuredmedia":[{"embeddable":true,"href":"https:\/\/bihavadis.com\/index.php\/wp-json\/wp\/v2\/media\/33392"}],"wp:attachment":[{"href":"https:\/\/bihavadis.com\/index.php\/wp-json\/wp\/v2\/media?parent=33391"}],"wp:term":[{"taxonomy":"category","embeddable":true,"href":"https:\/\/bihavadis.com\/index.php\/wp-json\/wp\/v2\/categories?post=33391"},{"taxonomy":"post_tag","embeddable":true,"href":"https:\/\/bihavadis.com\/index.php\/wp-json\/wp\/v2\/tags?post=33391"}],"curies":[{"name":"wp","href":"https:\/\/api.w.org\/{rel}","templated":true}]}}