{"id":33402,"date":"2026-02-14T15:06:40","date_gmt":"2026-02-14T15:06:40","guid":{"rendered":"https:\/\/bihavadis.com\/?p=33402"},"modified":"2026-02-14T15:06:40","modified_gmt":"2026-02-14T15:06:40","slug":"epstein-adasindaki-turk-cocuk-dendi-gercek-cok-baska-cikti","status":"publish","type":"post","link":"https:\/\/bihavadis.com\/index.php\/2026\/02\/14\/epstein-adasindaki-turk-cocuk-dendi-gercek-cok-baska-cikti\/","title":{"rendered":"&#8220;Epstein adas\u0131ndaki T\u00fcrk \u00e7ocuk&#8221; dendi, ger\u00e7ek \u00e7ok ba\u015fka \u00e7\u0131kt\u0131"},"content":{"rendered":"<p>ABD&#8217;de re\u015fit olmayan k\u0131z \u00e7ocuklar\u0131na y\u00f6nelik cinsel istismar ve fuhu\u015f a\u011f\u0131 kurma su\u00e7lamas\u0131yla tutuklu yarg\u0131lan\u0131rken hapishanede \u00f6l\u00fc bulunan Jeffrey Epstein&#8217;a ili\u015fkin a\u00e7\u0131klanan yeni belgeler deyim yerindeyse d\u00fcnyada deprem etkisi yaratt\u0131.<\/p>\n<p><b>G\u00d6R\u00dcNT\u00dcLER \u0130NF\u0130AL YARATTI<\/b><\/p>\n<p>Dosyalar\u0131n tek tek if\u015fa olmas\u0131n\u0131n ard\u0131ndan baz\u0131 sosyal medya hesaplar\u0131nda &#8220;\u0130\u015fkence g\u00f6ren T\u00fcrk \u00e7ocuk &#8216;\u00f6z\u00fcr dilerim Arthur&#8217; diyor&#8221; iddias\u0131yla payla\u015f\u0131lan g\u00f6r\u00fcnt\u00fcler ise kamuoyunda infiale neden oldu.<\/p>\n<p><b>CUMHURBA\u015eKANLI\u011eINDAN A\u00c7IKLAMA GELD\u0130<\/b><\/p>\n<p>\u0130leti\u015fim Ba\u015fkanl\u0131\u011f\u0131 Dezenformasyonla M\u00fccadele Merkezi konuyla ilgili a\u00e7\u0131klamada bulundu. Yap\u0131lan a\u00e7\u0131klamada &#8220;\u0130ddiaya konu g\u00f6r\u00fcnt\u00fcler, Ocak 2021 tarihinde Brezilya bas\u0131n\u0131na yans\u0131yan eski bir olaya aittir. Brezilya bas\u0131n\u0131nda yer alan haberlerde, olay\u0131n Mato Grosso do Sul eyaletinde bir baban\u0131n \u00e7ocu\u011funa y\u00f6nelik \u015fiddet vakas\u0131 oldu\u011fu belirtilmi\u015f; \u00e7ocu\u011fun da Portekizce konu\u015ftu\u011fu anla\u015f\u0131lm\u0131\u015ft\u0131r. <\/p>\n<p>Bu g\u00f6r\u00fcnt\u00fclerin T\u00fcrkiye veya T\u00fcrk bir \u00e7ocukla ilgisi bulunmamaktad\u0131r. S\u00f6z konusu i\u00e7erik daha \u00f6nce de g\u00fcndeme getirilmi\u015f, Dezenformasyonla M\u00fccadele Merkezimiz taraf\u0131ndan yalanlanm\u0131\u015ft\u0131r. Kamuoyunu yan\u0131ltmaya y\u00f6nelik, eski ve ba\u011flam\u0131ndan kopar\u0131lm\u0131\u015f g\u00f6r\u00fcnt\u00fclerin yeniden dola\u015f\u0131ma sokulmas\u0131 kas\u0131tl\u0131 bir dezenformasyon giri\u015fimidir. Bu tarz as\u0131ls\u0131z iddialara kar\u015f\u0131 hassas ve dikkatli olunmas\u0131 rica olunur&#8221; ifadeleri yer ald\u0131.<\/p>\n<div>\n<figure><img decoding=\"async\" src=\"https:\/\/bihavadis.com\/wp-content\/uploads\/2026\/02\/epstein-adasindaki-turk-cocuk-dendi-gercek-cok-baska-cikti-0-TjNtir9B.jpg\"\/><\/figure>\n<\/div>\n<div>\n<figure><img decoding=\"async\" src=\"https:\/\/bihavadis.com\/wp-content\/uploads\/2026\/02\/epstein-adasindaki-turk-cocuk-dendi-gercek-cok-baska-cikti-1-iwxmOOg9.jpg\"\/><\/figure>\n<\/div>\n","protected":false},"excerpt":{"rendered":"<p>Yeni Epstein dosyalar\u0131n\u0131n kamuoyuyla payla\u015f\u0131lmas\u0131n\u0131n ard\u0131ndan sosyal medyada yeniden payla\u015f\u0131lmaya ba\u015flanan bir video infiale neden oldu. &#8220;\u0130\u015fkence g\u00f6ren T\u00fcrk \u00e7ocuk &#8216;\u00f6z\u00fcr dilerim Arthur&#8217; diyor&#8221; iddias\u0131yla payla\u015f\u0131lan g\u00f6r\u00fcnt\u00fclerle ilgili a\u00e7\u0131klama yapan \u0130leti\u015fim Ba\u015fkanl\u0131\u011f\u0131 &#8220;G\u00f6r\u00fcnt\u00fcler Ocak 2021 tarihinde Brezilya bas\u0131n\u0131na yans\u0131yan eski bir olaya aittir. Bu g\u00f6r\u00fcnt\u00fclerin T\u00fcrkiye veya T\u00fcrk bir \u00e7ocukla ilgisi bulunmamaktad\u0131r&#8221; ifadelerini kulland\u0131.<\/p>\n","protected":false},"author":1,"featured_media":33403,"comment_status":"open","ping_status":"open","sticky":false,"template":"","format":"standard","meta":{"footnotes":""},"categories":[6],"tags":[],"class_list":["post-33402","post","type-post","status-publish","format-standard","has-post-thumbnail","hentry","category-dunya"],"_links":{"self":[{"href":"https:\/\/bihavadis.com\/index.php\/wp-json\/wp\/v2\/posts\/33402","targetHints":{"allow":["GET"]}}],"collection":[{"href":"https:\/\/bihavadis.com\/index.php\/wp-json\/wp\/v2\/posts"}],"about":[{"href":"https:\/\/bihavadis.com\/index.php\/wp-json\/wp\/v2\/types\/post"}],"author":[{"embeddable":true,"href":"https:\/\/bihavadis.com\/index.php\/wp-json\/wp\/v2\/users\/1"}],"replies":[{"embeddable":true,"href":"https:\/\/bihavadis.com\/index.php\/wp-json\/wp\/v2\/comments?post=33402"}],"version-history":[{"count":1,"href":"https:\/\/bihavadis.com\/index.php\/wp-json\/wp\/v2\/posts\/33402\/revisions"}],"predecessor-version":[{"id":33406,"href":"https:\/\/bihavadis.com\/index.php\/wp-json\/wp\/v2\/posts\/33402\/revisions\/33406"}],"wp:featuredmedia":[{"embeddable":true,"href":"https:\/\/bihavadis.com\/index.php\/wp-json\/wp\/v2\/media\/33403"}],"wp:attachment":[{"href":"https:\/\/bihavadis.com\/index.php\/wp-json\/wp\/v2\/media?parent=33402"}],"wp:term":[{"taxonomy":"category","embeddable":true,"href":"https:\/\/bihavadis.com\/index.php\/wp-json\/wp\/v2\/categories?post=33402"},{"taxonomy":"post_tag","embeddable":true,"href":"https:\/\/bihavadis.com\/index.php\/wp-json\/wp\/v2\/tags?post=33402"}],"curies":[{"name":"wp","href":"https:\/\/api.w.org\/{rel}","templated":true}]}}