{"id":33447,"date":"2026-02-14T15:42:06","date_gmt":"2026-02-14T15:42:06","guid":{"rendered":"https:\/\/bihavadis.com\/?p=33447"},"modified":"2026-02-14T15:42:06","modified_gmt":"2026-02-14T15:42:06","slug":"havacilikta-tarihi-buyume","status":"publish","type":"post","link":"https:\/\/bihavadis.com\/index.php\/2026\/02\/14\/havacilikta-tarihi-buyume\/","title":{"rendered":"Havac\u0131l\u0131kta Tarihi B\u00fcy\u00fcme"},"content":{"rendered":"<p>\n<p>ULA\u015eTIRMA ve Altyap\u0131 Bakan\u0131 Abdulkadir Uralo\u011flu, &#8220;Yolcu ve kargo u\u00e7a\u011f\u0131 say\u0131s\u0131 2003&#8217;e g\u00f6re y\u00fczde 394 art\u0131\u015fla 2025 y\u0131l\u0131nda 800&#8217;e y\u00fckseldi. Toplam pilot say\u0131m\u0131z ge\u00e7en y\u0131la g\u00f6re y\u00fczde 10 art\u0131\u015fla 17 bin 910&#8217;a ula\u015ft\u0131&#8221; dedi.<\/p>\n<p>Ula\u015ft\u0131rma ve Altyap\u0131 Bakan\u0131 Abdulkadir Uralo\u011flu, Sivil Havac\u0131l\u0131k Genel M\u00fcd\u00fcrl\u00fc\u011f\u00fc taraf\u0131ndan haz\u0131rlanan 2025 verilerini de\u011ferlendirdi. Bakan Uralo\u011flu, T\u00fcrkiye&#8217;de sivil havac\u0131l\u0131k sekt\u00f6r\u00fcn\u00fcn 23 y\u0131lda u\u00e7ak filolar\u0131ndan koltuk ve kargo kapasitesine, i\u00e7 ve d\u0131\u015f hat u\u00e7u\u015f a\u011f\u0131ndan lisansl\u0131 personel say\u0131s\u0131na kadar her alanda g\u00fc\u00e7l\u00fc bir b\u00fcy\u00fcme kaydetti\u011fini belirtti. T\u00fcrkiye&#8217;nin, k\u0131talar\u0131n kesi\u015fim noktas\u0131nda yer alarak 4 saatlik u\u00e7u\u015f mesafesinde 1,5 milyar n\u00fcfusa sahip 67 \u00fclkenin merkezinde bulundu\u011funu belirten Bakan Uralo\u011flu, bu co\u011frafi avantaj\u0131n do\u011fru okunarak havac\u0131l\u0131k politikalar\u0131na y\u00f6n verdiklerini anlatt\u0131. Uralo\u011flu, &#8220;Bakanl\u0131k olarak havac\u0131l\u0131kta \u00e7ok h\u0131zl\u0131 ve ba\u015far\u0131l\u0131 bir b\u00fcy\u00fcme d\u00f6nemi ba\u015flatt\u0131k. \u00dclkemizi d\u00fcnyan\u0131n en geni\u015f u\u00e7u\u015f a\u011f\u0131na sahip \u00fclkelerinden biri haline getirdik&#8221; ifadelerini kulland\u0131.<\/p>\n<p>Bakan Uralo\u011flu, 2003 y\u0131l\u0131nda 81 olan hava ula\u015ft\u0131rma anla\u015fmas\u0131 say\u0131s\u0131n\u0131 bug\u00fcn 175&#8217;e \u00e7\u0131kard\u0131klar\u0131n\u0131 belirterek, &#8220;2025 y\u0131l\u0131nda 24 \u00fclkeyle m\u00fczakere ger\u00e7ekle\u015ftirdik ve Leeds, Newcastle, Bristol, Cork, Port Sudan, Sevilla ve Phnom Penh&#8217;e u\u00e7u\u015f ba\u015flatt\u0131k. 2002&#8217;den bu yana ise 700&#8217;\u00fc a\u015fan m\u00fczakere ger\u00e7ekle\u015ftirdik. D\u0131\u015f hatlarda 50 \u00fclkede 60 noktaya u\u00e7u\u015f ger\u00e7ekle\u015ftiriliyorken bug\u00fcn 133 \u00fclkede 356 noktaya u\u00e7uyoruz&#8221; dedi.<\/p>\n<p>&#8216;U\u00c7AK SAYISI 162&#8217;DEN 800&#8217;E Y\u00dcKSELD\u0130&#8217;<\/p>\n<p>Bakan Uralo\u011flu, 2003 y\u0131l\u0131nda 159 olan toplam havac\u0131l\u0131k i\u015fletmesi say\u0131s\u0131n\u0131n y\u00fczde 187&#8217;lik art\u0131\u015fla 2025&#8217;te 457&#8217;ye ula\u015ft\u0131\u011f\u0131n\u0131 belirterek, 2025&#8217;te hava yolu i\u015fletmesi say\u0131s\u0131n\u0131n 14, hava taksi i\u015fletmesi say\u0131s\u0131n\u0131n 46, genel havac\u0131l\u0131k i\u015fletmesi say\u0131s\u0131n\u0131n 102 ve balon i\u015fletmesi say\u0131s\u0131n\u0131n 71 oldu\u011funu ifade etti. Uralo\u011flu ayr\u0131ca 2025 sonu itibar\u0131yla T\u00fcrkiye&#8217;de 13 \u00e7ok hafif hava arac\u0131 i\u015fletmesinin, 165 bak\u0131m kurulu\u015funun ve 46 yer hizmeti kurulu\u015funun hizmet verdi\u011fini s\u00f6yledi. Bakan Uralo\u011flu, 2003 y\u0131l\u0131nda 162 olan yolcu ve kargo u\u00e7a\u011f\u0131 say\u0131s\u0131n\u0131n 2025 sonu itibar\u0131yla y\u00fczde 394&#8217;l\u00fck art\u0131\u015fla 800&#8217;e y\u00fckseldi\u011fini bildirerek, &#8220;\u00dclkemizin u\u00e7ak filosu 2003 y\u0131l\u0131ndan bu yana yakla\u015f\u0131k 5 kat b\u00fcy\u00fcd\u00fc&#8221; dedi.<\/p>\n<p>Hava arac\u0131 say\u0131lar\u0131ndaki art\u0131\u015fa dikkat \u00e7eken Bakan Uralo\u011flu, yolcu ve kargo u\u00e7aklar, hava taksiler, genel havac\u0131l\u0131kta kullan\u0131lan hava ara\u00e7lar\u0131 ile balon ve \u00e7ok hafif hava ara\u00e7lar\u0131 da dahil olmak \u00fczere toplam hava arac\u0131 say\u0131s\u0131n\u0131n 2 bin 218&#8217;e \u00e7\u0131kt\u0131\u011f\u0131n\u0131 s\u00f6yledi.<\/p>\n<p>&#8216;KOLTUK KAPAS\u0130TES\u0130 6 KAT ARTTI&#8217;<\/p>\n<p>Bakan Uralo\u011flu, yolcu ta\u015f\u0131mac\u0131l\u0131\u011f\u0131nda 2003 y\u0131l\u0131nda 27 bin 599 olan toplam koltuk kapasitesinin yakla\u015f\u0131k 6 kat art\u0131\u015fla 2025 y\u0131l\u0131nda 157 bin 785&#8217;e ula\u015ft\u0131\u011f\u0131n\u0131, bunun i\u00e7 ve d\u0131\u015f hatlarda eri\u015filebilirli\u011fi g\u00fc\u00e7lendirdi\u011fini bildirdi. Hava kargo ta\u015f\u0131mac\u0131l\u0131\u011f\u0131n\u0131n son y\u0131llarda stratejik bir boyut kazand\u0131\u011f\u0131n\u0131 ifade eden Bakan Uralo\u011flu, 2003&#8217;te 302 bin 737 kilogram olan toplam kargo kapasitesinin, 2025&#8217;te 2 milyon 902 bin 725 kilograma y\u00fckseldi\u011fini a\u00e7\u0131klad\u0131, b\u00f6ylece kargo kapasitesinde yakla\u015f\u0131k 9,5 katl\u0131k b\u00fcy\u00fcme sa\u011fland\u0131\u011f\u0131n\u0131 belirtti.<\/p>\n<p>&#8216;L\u0130SANSLI PERSONEL SAYISI ARTTI&#8217;<\/p>\n<p>Sekt\u00f6r\u00fcn insan kayna\u011f\u0131ndaki geli\u015fimine de de\u011finen Bakan Uralo\u011flu, 2025 y\u0131l\u0131 itibar\u0131yla toplam 26 bin 888 lisansl\u0131 personelin g\u00f6rev yapt\u0131\u011f\u0131n\u0131 belirterek, &#8220;Toplam pilot say\u0131m\u0131z ge\u00e7en y\u0131la g\u00f6re y\u00fczde 10 art\u0131\u015fla 17 bin 910&#8217;a, toplam lisansl\u0131 teknik personel say\u0131s\u0131 ise 1 y\u0131lda y\u00fczde 8 art\u0131\u015fla 8 bin 978&#8217;e ula\u015ft\u0131&#8221; dedi. <\/p>\n","protected":false},"excerpt":{"rendered":"<p>Bakan Uralo\u011flu, 2025&#8217;te u\u00e7ak say\u0131s\u0131n\u0131n 800&#8217;e, pilot say\u0131s\u0131n\u0131n 17,910&#8217;a ula\u015ft\u0131\u011f\u0131n\u0131 bildirdi.<\/p>\n","protected":false},"author":1,"featured_media":33448,"comment_status":"open","ping_status":"open","sticky":false,"template":"","format":"standard","meta":{"footnotes":""},"categories":[8],"tags":[487,507,3047,459,1238],"class_list":["post-33447","post","type-post","status-publish","format-standard","has-post-thumbnail","hentry","category-ekonomi","tag-487","tag-artisla","tag-bakan-uraloglu","tag-hava","tag-havacilik"],"_links":{"self":[{"href":"https:\/\/bihavadis.com\/index.php\/wp-json\/wp\/v2\/posts\/33447","targetHints":{"allow":["GET"]}}],"collection":[{"href":"https:\/\/bihavadis.com\/index.php\/wp-json\/wp\/v2\/posts"}],"about":[{"href":"https:\/\/bihavadis.com\/index.php\/wp-json\/wp\/v2\/types\/post"}],"author":[{"embeddable":true,"href":"https:\/\/bihavadis.com\/index.php\/wp-json\/wp\/v2\/users\/1"}],"replies":[{"embeddable":true,"href":"https:\/\/bihavadis.com\/index.php\/wp-json\/wp\/v2\/comments?post=33447"}],"version-history":[{"count":1,"href":"https:\/\/bihavadis.com\/index.php\/wp-json\/wp\/v2\/posts\/33447\/revisions"}],"predecessor-version":[{"id":33449,"href":"https:\/\/bihavadis.com\/index.php\/wp-json\/wp\/v2\/posts\/33447\/revisions\/33449"}],"wp:featuredmedia":[{"embeddable":true,"href":"https:\/\/bihavadis.com\/index.php\/wp-json\/wp\/v2\/media\/33448"}],"wp:attachment":[{"href":"https:\/\/bihavadis.com\/index.php\/wp-json\/wp\/v2\/media?parent=33447"}],"wp:term":[{"taxonomy":"category","embeddable":true,"href":"https:\/\/bihavadis.com\/index.php\/wp-json\/wp\/v2\/categories?post=33447"},{"taxonomy":"post_tag","embeddable":true,"href":"https:\/\/bihavadis.com\/index.php\/wp-json\/wp\/v2\/tags?post=33447"}],"curies":[{"name":"wp","href":"https:\/\/api.w.org\/{rel}","templated":true}]}}