{"id":33466,"date":"2026-02-14T15:54:07","date_gmt":"2026-02-14T15:54:07","guid":{"rendered":"https:\/\/bihavadis.com\/?p=33466"},"modified":"2026-02-14T15:54:07","modified_gmt":"2026-02-14T15:54:07","slug":"mehmet-tosun-van-genclik-muduru-oldu","status":"publish","type":"post","link":"https:\/\/bihavadis.com\/index.php\/2026\/02\/14\/mehmet-tosun-van-genclik-muduru-oldu\/","title":{"rendered":"Mehmet Tosun, Van Gen\u00e7lik M\u00fcd\u00fcr\u00fc Oldu"},"content":{"rendered":"<p>Adana Gen\u00e7lik ve Spor \u0130l M\u00fcd\u00fcrl\u00fc\u011f\u00fcnde Gen\u00e7lik Hizmetleri M\u00fcd\u00fcr\u00fc olarak g\u00f6rev yapan Mehmet Tosun, atand\u0131\u011f\u0131 Van Gen\u00e7lik ve Spor \u0130l M\u00fcd\u00fcrl\u00fc\u011f\u00fcnde g\u00f6revi \u0130l M\u00fcd\u00fcr Vekili Yal\u00e7\u0131n \u00d6zdemir&#8217;den devrald\u0131.<\/p>\n<p>Adana Gen\u00e7lik ve Spor \u0130l M\u00fcd\u00fcrl\u00fc\u011f\u00fcnde Gen\u00e7lik Hizmetleri M\u00fcd\u00fcr\u00fc olarak g\u00f6rev yapan Mehmet Tosun, 29 Ocak 2026 tarihinde Gen\u00e7lik ve Spor Bakan\u0131 Dr. Osman A\u015fk\u0131n Bak taraf\u0131ndan Van Gen\u00e7lik ve Spor \u0130l M\u00fcd\u00fcr\u00fc olarak atand\u0131. \u00d6nceki g\u00fcn Van&#8217;a gelen \u0130l M\u00fcd\u00fcr\u00fc Mehmet Tosun, g\u00f6revini \u0130l M\u00fcd\u00fcr Vekili Yal\u00e7\u0131n \u00d6zdemir&#8217;den devrald\u0131.<\/p>\n<p>Van Gen\u00e7lik ve Spor \u0130l M\u00fcd\u00fcrl\u00fc\u011f\u00fcnde ger\u00e7ekle\u015ftirilen devir teslim t\u00f6reninde bir konu\u015fma yapan \u0130l M\u00fcd\u00fcr Vekili Yal\u00e7\u0131n \u00d6zdemir, Van Gen\u00e7lik ve Spor \u0130l M\u00fcd\u00fcr\u00fc olarak atanan Mehmet Tosun&#8217;a g\u00f6revini devretti\u011fini belirterek yeni g\u00f6revinde kendisine ba\u015far\u0131lar diledi.<\/p>\n<p>Van Gen\u00e7lik ve Spor \u0130l M\u00fcd\u00fcrl\u00fc\u011f\u00fcne atanan Mehmet Tosun ise 2025 y\u0131l\u0131ndan bu yana bu g\u00f6revi y\u00fcr\u00fcten ve Van&#8217;a \u00f6nemli hizmetlerde bulunan Yal\u00e7\u0131n \u00d6zdemir&#8217;e, g\u00f6revinde ve bundan sonraki i\u015f ve aile ya\u015fam\u0131nda ba\u015far\u0131lar dileyerek \u00e7i\u00e7ek takdim ederek, &#8220;Hizmet yar\u0131\u015f\u0131nda \u00fcstlendi\u011fimiz bu g\u00f6revi en iyi \u015fekilde ifa edebilmek ad\u0131na hem \u015fahs\u0131m olarak hem de kurum olarak gece g\u00fcnd\u00fcz \u00e7al\u0131\u015faca\u011f\u0131m\u0131zdan hi\u00e7 kimsenin \u015f\u00fcphesi olmas\u0131n&#8221; diye konu\u015ftu.<\/p>\n<p>Konu\u015fmalar\u0131n ard\u0131ndan \u0130l M\u00fcd\u00fcr Vekili Yal\u00e7\u0131n \u00d6zdemir taraf\u0131ndan Van Gen\u00e7lik ve Spor \u0130l M\u00fcd\u00fcr\u00fc Mehmet Tosun&#8217;a \u00e7i\u00e7ek takdim edildi. Yap\u0131lan \u00e7i\u00e7ek takdiminin ard\u0131ndan hat\u0131ra foto\u011fraf\u0131 \u00e7ekilmesiyle program son buldu. &#8211; VAN<\/p>\n","protected":false},"excerpt":{"rendered":"<p>Mehmet Tosun, Van Gen\u00e7lik ve Spor \u0130l M\u00fcd\u00fcrl\u00fc\u011f\u00fc g\u00f6revini devrald\u0131.<\/p>\n","protected":false},"author":1,"featured_media":33467,"comment_status":"open","ping_status":"open","sticky":false,"template":"","format":"standard","meta":{"footnotes":""},"categories":[14],"tags":[4998,1159,4999,449,1979],"class_list":["post-33466","post","type-post","status-publish","format-standard","has-post-thumbnail","hentry","category-spor","tag-genclik-ve-spor-il","tag-gorev","tag-mehmet-tosun","tag-mudur","tag-van"],"_links":{"self":[{"href":"https:\/\/bihavadis.com\/index.php\/wp-json\/wp\/v2\/posts\/33466","targetHints":{"allow":["GET"]}}],"collection":[{"href":"https:\/\/bihavadis.com\/index.php\/wp-json\/wp\/v2\/posts"}],"about":[{"href":"https:\/\/bihavadis.com\/index.php\/wp-json\/wp\/v2\/types\/post"}],"author":[{"embeddable":true,"href":"https:\/\/bihavadis.com\/index.php\/wp-json\/wp\/v2\/users\/1"}],"replies":[{"embeddable":true,"href":"https:\/\/bihavadis.com\/index.php\/wp-json\/wp\/v2\/comments?post=33466"}],"version-history":[{"count":1,"href":"https:\/\/bihavadis.com\/index.php\/wp-json\/wp\/v2\/posts\/33466\/revisions"}],"predecessor-version":[{"id":33468,"href":"https:\/\/bihavadis.com\/index.php\/wp-json\/wp\/v2\/posts\/33466\/revisions\/33468"}],"wp:featuredmedia":[{"embeddable":true,"href":"https:\/\/bihavadis.com\/index.php\/wp-json\/wp\/v2\/media\/33467"}],"wp:attachment":[{"href":"https:\/\/bihavadis.com\/index.php\/wp-json\/wp\/v2\/media?parent=33466"}],"wp:term":[{"taxonomy":"category","embeddable":true,"href":"https:\/\/bihavadis.com\/index.php\/wp-json\/wp\/v2\/categories?post=33466"},{"taxonomy":"post_tag","embeddable":true,"href":"https:\/\/bihavadis.com\/index.php\/wp-json\/wp\/v2\/tags?post=33466"}],"curies":[{"name":"wp","href":"https:\/\/api.w.org\/{rel}","templated":true}]}}