{"id":33490,"date":"2026-02-14T16:12:07","date_gmt":"2026-02-14T16:12:07","guid":{"rendered":"https:\/\/bihavadis.com\/?p=33490"},"modified":"2026-02-14T16:12:07","modified_gmt":"2026-02-14T16:12:07","slug":"gaziantepte-gurultu-iddiasiyla-oldurulen-emir-baki-davasinda-agirlastirilmis-muebbet","status":"publish","type":"post","link":"https:\/\/bihavadis.com\/index.php\/2026\/02\/14\/gaziantepte-gurultu-iddiasiyla-oldurulen-emir-baki-davasinda-agirlastirilmis-muebbet\/","title":{"rendered":"Gaziantep&#8217;te &#8216;g\u00fcr\u00fclt\u00fc&#8217; iddias\u0131yla \u00f6ld\u00fcr\u00fclen Emir Baki davas\u0131nda a\u011f\u0131rla\u015ft\u0131r\u0131lm\u0131\u015f m\u00fcebbet"},"content":{"rendered":"<p>Gaziantep\u2019te 10 ya\u015f\u0131ndaki Emir Baki Bay\u0131nd\u0131r\u2019\u0131n hayat\u0131n\u0131 kaybetti\u011fi cinayete ili\u015fkin dava, \u00fcst mahkemenin bozma karar\u0131n\u0131n ard\u0131ndan Gaziantep 13. A\u011f\u0131r Ceza Mahkemesi\u2019nde yeniden g\u00f6r\u00fcld\u00fc. \u00dcst mahkeme, san\u0131\u011f\u0131n eyleminin \u201colas\u0131 kast\u201d kapsam\u0131nda de\u011ferlendirilmesi gerekti\u011fi gerek\u00e7esiyle \u00f6nceki h\u00fckm\u00fc bozmu\u015ftu.<\/p>\n<p><strong>DURU\u015eMAYA A\u0130LE VE AVUKATLAR KATILDI<\/strong><\/p>\n<p>Gaziantep 13. A\u011f\u0131r Ceza Mahkemesi\u2019ndeki duru\u015fmaya, hayat\u0131n\u0131 kaybeden Emir Baki Bay\u0131nd\u0131r\u2019\u0131n ailesi ve avukatlar\u0131 ile san\u0131k avukatlar\u0131 kat\u0131ld\u0131. San\u0131k M\u00fchsin Ta\u015fk\u0131n ise duru\u015fmaya SEGB\u0130S arac\u0131l\u0131\u011f\u0131yla ba\u011fland\u0131. Duru\u015fmada s\u00f6z alan aile, san\u0131\u011f\u0131n en a\u011f\u0131r cezayla cezaland\u0131r\u0131lmas\u0131n\u0131 talep etti.<\/p>\n<p><strong>SAVCIDAN KASTEN \u00d6LD\u00dcRME M\u00dcTALAASI<\/strong><\/p>\n<p>Cumhuriyet savc\u0131s\u0131, esas hakk\u0131ndaki m\u00fctalaas\u0131nda san\u0131\u011f\u0131n eyleminin \u00e7ocu\u011fa kar\u015f\u0131 kasten \u00f6ld\u00fcrme su\u00e7unu olu\u015fturdu\u011funu belirterek, bu su\u00e7tan cezaland\u0131r\u0131lmas\u0131n\u0131 istedi.<\/p>\n<p><strong>A\u011eIRLA\u015eTIRILMI\u015e M\u00dcEBBET HAP\u0130S CEZASI VER\u0130LD\u0130<\/strong><\/p>\n<p>Yarg\u0131lama sonunda mahkeme heyeti, san\u0131\u011f\u0131n \u00e7ocu\u011fa kar\u015f\u0131 kasten \u00f6ld\u00fcrme su\u00e7unu i\u015fledi\u011finin sabit oldu\u011funa h\u00fckmederek\u00a0 M\u00fchsin Ta\u015fk\u0131n\u2019\u0131 a\u011f\u0131rla\u015ft\u0131r\u0131lm\u0131\u015f m\u00fcebbet hapis cezas\u0131na \u00e7arpt\u0131rd\u0131.<\/p>\n<p><strong>OLAYIN GE\u00c7M\u0130\u015e\u0130<\/strong><\/p>\n<p>Olay, 26 A\u011fustos 2025 tarihinde \u015eahinbey il\u00e7esi G\u00fczelvadi Mahallesi\u2019nde meydana geldi. \u0130ddiaya g\u00f6re, mahallede manavl\u0131k yapan M\u00fchsin Ta\u015fk\u0131n, \u201cfazla g\u00fcr\u00fclt\u00fc yapt\u0131\u011f\u0131\u201d gerek\u00e7esiyle 10 ya\u015f\u0131ndaki Emir Baki Bay\u0131nd\u0131r\u2019a pompal\u0131 t\u00fcfekle ate\u015f etti. A\u011f\u0131r yaralanan \u00e7ocuk, kald\u0131r\u0131ld\u0131\u011f\u0131 hastanede t\u00fcm m\u00fcdahalelere ra\u011fmen kurtar\u0131lamad\u0131.<\/p>\n<p>San\u0131k M\u00fchsin Ta\u015fk\u0131n, yerel mahkemece daha \u00f6nce de \u00e7ocu\u011fa kar\u015f\u0131 kasten \u00f6ld\u00fcrme su\u00e7undan a\u011f\u0131rla\u015ft\u0131r\u0131lm\u0131\u015f m\u00fcebbet hapis cezas\u0131na \u00e7arpt\u0131r\u0131lm\u0131\u015f, ancak karar \u00fcst mahkeme taraf\u0131ndan bozulmu\u015ftu.<\/p>\n<p><img decoding=\"async\" src=\"https:\/\/bihavadis.com\/wp-content\/uploads\/2026\/02\/gaziantepte-gurultu-iddiasiyla-oldurulen-emir-baki-davasinda-agirlastirilmis-muebbet-0-hBgqHsVv.jpg\"\/><\/p>\n","protected":false},"excerpt":{"rendered":"<p>10 ya\u015f\u0131ndaki Emir Baki Bay\u0131nd\u0131r\u2019\u0131n pompal\u0131 t\u00fcfekle \u00f6ld\u00fcr\u00fclmesine ili\u015fkin davada, bozma karar\u0131n\u0131n ard\u0131ndan yeniden yap\u0131lan yarg\u0131lamada san\u0131k M\u00fchsin Ta\u015fk\u0131n, m\u00fcebbet hapis cezas\u0131na mahk\u00fbm edildi.<\/p>\n","protected":false},"author":1,"featured_media":33491,"comment_status":"open","ping_status":"open","sticky":false,"template":"","format":"standard","meta":{"footnotes":""},"categories":[4,13],"tags":[4055,258,427],"class_list":["post-33490","post","type-post","status-publish","format-standard","has-post-thumbnail","hentry","category-gundem","category-son-dakika","tag-agir","tag-ceza","tag-mahkeme"],"_links":{"self":[{"href":"https:\/\/bihavadis.com\/index.php\/wp-json\/wp\/v2\/posts\/33490","targetHints":{"allow":["GET"]}}],"collection":[{"href":"https:\/\/bihavadis.com\/index.php\/wp-json\/wp\/v2\/posts"}],"about":[{"href":"https:\/\/bihavadis.com\/index.php\/wp-json\/wp\/v2\/types\/post"}],"author":[{"embeddable":true,"href":"https:\/\/bihavadis.com\/index.php\/wp-json\/wp\/v2\/users\/1"}],"replies":[{"embeddable":true,"href":"https:\/\/bihavadis.com\/index.php\/wp-json\/wp\/v2\/comments?post=33490"}],"version-history":[{"count":1,"href":"https:\/\/bihavadis.com\/index.php\/wp-json\/wp\/v2\/posts\/33490\/revisions"}],"predecessor-version":[{"id":33493,"href":"https:\/\/bihavadis.com\/index.php\/wp-json\/wp\/v2\/posts\/33490\/revisions\/33493"}],"wp:featuredmedia":[{"embeddable":true,"href":"https:\/\/bihavadis.com\/index.php\/wp-json\/wp\/v2\/media\/33491"}],"wp:attachment":[{"href":"https:\/\/bihavadis.com\/index.php\/wp-json\/wp\/v2\/media?parent=33490"}],"wp:term":[{"taxonomy":"category","embeddable":true,"href":"https:\/\/bihavadis.com\/index.php\/wp-json\/wp\/v2\/categories?post=33490"},{"taxonomy":"post_tag","embeddable":true,"href":"https:\/\/bihavadis.com\/index.php\/wp-json\/wp\/v2\/tags?post=33490"}],"curies":[{"name":"wp","href":"https:\/\/api.w.org\/{rel}","templated":true}]}}