{"id":33530,"date":"2026-02-14T16:36:05","date_gmt":"2026-02-14T16:36:05","guid":{"rendered":"https:\/\/bihavadis.com\/?p=33530"},"modified":"2026-02-14T16:36:05","modified_gmt":"2026-02-14T16:36:05","slug":"mehmet-simsek-2025te-sanayi-uretimi-yillik-yuzde-26-artti","status":"publish","type":"post","link":"https:\/\/bihavadis.com\/index.php\/2026\/02\/14\/mehmet-simsek-2025te-sanayi-uretimi-yillik-yuzde-26-artti\/","title":{"rendered":"Mehmet \u015eim\u015fek: 2025&#8217;te sanayi \u00fcretimi y\u0131ll\u0131k y\u00fczde 2,6 artt\u0131"},"content":{"rendered":"<p>T\u00fcrkiye \u0130statistik Kurumu (T\u00dc\u0130K), ge\u00e7en y\u0131l\u0131n aral\u0131k ay\u0131na ili\u015fkin sanayi \u00fcretim endeksi verilerini a\u00e7\u0131klad\u0131. Buna g\u00f6re, sanayi \u00fcretim endeksi Aral\u0131k 2025&#8217;te ayl\u0131k y\u00fczde 1,2 artarken y\u0131ll\u0131k y\u00fczde 2,1 azald\u0131.<\/p>\n<p>Sanayinin alt sekt\u00f6rleri incelendi\u011finde, Aral\u0131k 2025&#8217;te madencilik ve ta\u015f ocak\u00e7\u0131l\u0131\u011f\u0131 sekt\u00f6r\u00fc endeksi bir \u00f6nceki y\u0131l\u0131n ayn\u0131 ay\u0131na g\u00f6re y\u00fczde 1,9, elektrik, gaz, buhar ve iklimlendirme \u00fcretimi ve da\u011f\u0131t\u0131m\u0131 sekt\u00f6r\u00fc endeksi y\u00fczde 2,4 artarken imalat sanayi sekt\u00f6r\u00fc endeksi y\u00fczde 2,7 azald\u0131.<\/p>\n<p><strong>&#8220;KATMA DE\u011eERL\u0130 \u00dcRET\u0130M G\u00dc\u00c7LEN\u0130YOR&#8221;<\/strong><\/p>\n<p>Hazine ve Maliye Bakan\u0131 Mehmet \u015eim\u015fek, sosyal medyadan payla\u015ft\u0131\u011f\u0131 mesaj\u0131nda \u015fu ifadelere yer verdi:<\/p>\n<p>Katma de\u011ferli \u00fcretimi ve potansiyel b\u00fcy\u00fcmeyi g\u00fc\u00e7lendiren, enerjide d\u0131\u015fa ba\u011f\u0131ml\u0131l\u0131\u011f\u0131 azaltan politikalar\u0131m\u0131z\u0131n sonu\u00e7lar\u0131n\u0131 almaya devam ediyoruz. <\/p>\n<p>2025 y\u0131l\u0131nda sanayi \u00fcretiminde y\u0131ll\u0131k y\u00fczde 2,6 art\u0131\u015f ger\u00e7ekle\u015fti.<\/p>\n<p><img decoding=\"async\" src=\"https:\/\/bihavadis.com\/wp-content\/uploads\/2026\/02\/mehmet-simsek-2025te-sanayi-uretimi-yillik-yuzde-26-artti-0-QepS96GN.jpg\"\/><\/p>\n<p><strong>&#8220;\u00dcRET\u0130M\u0130M\u0130Z HAM PETROL VE DO\u011eALGAZ \u00c7IKARIMINDA Y\u00dcZDE 25,6 ARTTI&#8221;<\/strong><\/p>\n<p>\u00dcretimimiz y\u00fcksek teknolojili \u00fcr\u00fcnlerde y\u00fczde 11,4, sermaye mallar\u0131nda y\u00fczde 8,5, ham petrol ve do\u011falgaz \u00e7\u0131kar\u0131m\u0131nda y\u00fczde 25,6 artt\u0131. <\/p>\n<p>Katma de\u011feri, yat\u0131r\u0131m\u0131 ve verimlili\u011fi \u00f6nceliklendiren politikalar\u0131m\u0131zla \u00fclkemizin k\u00fcresel de\u011fer zincirlerindeki konumunu daha da g\u00fc\u00e7lendirmeye devam edece\u011fiz.<\/p>\n<p><img decoding=\"async\" src=\"https:\/\/bihavadis.com\/wp-content\/uploads\/2026\/02\/mehmet-simsek-2025te-sanayi-uretimi-yillik-yuzde-26-artti-1-q6XhmLLf.jpg\"\/><\/p>\n","protected":false},"excerpt":{"rendered":"<p>Hazine ve Maliye Bakan\u0131 Mehmet \u015eim\u015fek, 2025 y\u0131l\u0131nda sanayi \u00fcretiminde y\u0131ll\u0131k y\u00fczde 2,6 art\u0131\u015f ger\u00e7ekle\u015fti\u011fini belirterek \u00fcretimin ekonomideki pay\u0131na dair bir mesaj payla\u015ft\u0131.<\/p>\n","protected":false},"author":1,"featured_media":33531,"comment_status":"open","ping_status":"open","sticky":false,"template":"","format":"standard","meta":{"footnotes":""},"categories":[8],"tags":[341,374,375],"class_list":["post-33530","post","type-post","status-publish","format-standard","has-post-thumbnail","hentry","category-ekonomi","tag-endeksi","tag-sanayi","tag-uretim"],"_links":{"self":[{"href":"https:\/\/bihavadis.com\/index.php\/wp-json\/wp\/v2\/posts\/33530","targetHints":{"allow":["GET"]}}],"collection":[{"href":"https:\/\/bihavadis.com\/index.php\/wp-json\/wp\/v2\/posts"}],"about":[{"href":"https:\/\/bihavadis.com\/index.php\/wp-json\/wp\/v2\/types\/post"}],"author":[{"embeddable":true,"href":"https:\/\/bihavadis.com\/index.php\/wp-json\/wp\/v2\/users\/1"}],"replies":[{"embeddable":true,"href":"https:\/\/bihavadis.com\/index.php\/wp-json\/wp\/v2\/comments?post=33530"}],"version-history":[{"count":1,"href":"https:\/\/bihavadis.com\/index.php\/wp-json\/wp\/v2\/posts\/33530\/revisions"}],"predecessor-version":[{"id":33534,"href":"https:\/\/bihavadis.com\/index.php\/wp-json\/wp\/v2\/posts\/33530\/revisions\/33534"}],"wp:featuredmedia":[{"embeddable":true,"href":"https:\/\/bihavadis.com\/index.php\/wp-json\/wp\/v2\/media\/33531"}],"wp:attachment":[{"href":"https:\/\/bihavadis.com\/index.php\/wp-json\/wp\/v2\/media?parent=33530"}],"wp:term":[{"taxonomy":"category","embeddable":true,"href":"https:\/\/bihavadis.com\/index.php\/wp-json\/wp\/v2\/categories?post=33530"},{"taxonomy":"post_tag","embeddable":true,"href":"https:\/\/bihavadis.com\/index.php\/wp-json\/wp\/v2\/tags?post=33530"}],"curies":[{"name":"wp","href":"https:\/\/api.w.org\/{rel}","templated":true}]}}