{"id":33585,"date":"2026-02-14T17:15:08","date_gmt":"2026-02-14T17:15:08","guid":{"rendered":"https:\/\/bihavadis.com\/?p=33585"},"modified":"2026-02-14T17:15:08","modified_gmt":"2026-02-14T17:15:08","slug":"saba-tumerin-spikerlik-anilari-fusya-ceket-yuzunden-eve-gonderildim","status":"publish","type":"post","link":"https:\/\/bihavadis.com\/index.php\/2026\/02\/14\/saba-tumerin-spikerlik-anilari-fusya-ceket-yuzunden-eve-gonderildim\/","title":{"rendered":"Saba T\u00fcmer&#8217;in spikerlik an\u0131lar\u0131: Fu\u015fya ceket y\u00fcz\u00fcnden eve g\u00f6nderildim"},"content":{"rendered":"<p>Adem Metan, YouTube kanal\u0131nda \u00f6nemli isimleri a\u011f\u0131rlamaya devam ediyor.<\/p>\n<p>Son d\u00f6nemde medya sekt\u00f6r\u00fcnden isimleri konuk eden Metan&#8217;\u0131n son misafiri Saba T\u00fcmer oldu.<\/p>\n<p>Sundu\u011fu programlar be\u011feniyle izlenen ve \u00f6zellikle de kahkahalar\u0131yla an\u0131lan T\u00fcmer, kariyerine ili\u015fkin \u00f6nemli a\u00e7\u0131klamalarda bulundu.<\/p>\n<p>R\u00f6portaj\u0131n\u0131 tamamlayan Metan, payla\u015ft\u0131\u011f\u0131 fragmanla yay\u0131n tarihini de 12 \u015eubat Per\u015fembe olarak duyurdu.<\/p>\n<p>T\u00fcmer&#8217;in fragmandaki spikerlik an\u0131s\u0131 ise program yay\u0131nlanmadan g\u00fcndem oldu.<\/p>\n<p>Spikeri olarak \u00e7al\u0131\u015ft\u0131\u011f\u0131 d\u00f6nemde k\u0131yafet konusundaki kurallara de\u011finen T\u00fcmer, \u00e7arp\u0131c\u0131 ifadelerde bulundu.<\/p>\n<p><strong>&#8220;FU\u015eYA CEKET G\u0130YD\u0130\u011e\u0130M \u0130\u00c7\u0130N BEN\u0130 EVE YOLLADILAR&#8221;<\/strong><\/p>\n<p>O y\u0131llarda haberin \u00f6n\u00fcne ge\u00e7memek i\u00e7in giyime \u00e7ok dikkat edildi\u011fini belirten T\u00fcmer, fu\u015fya renk bir ceket giydi\u011fi i\u00e7in eve g\u00f6nderildi\u011fini s\u00f6yledi.<\/p>\n<p>T\u00fcmer \u015f\u00f6yle konu\u015ftu:<\/p>\n<p><em><b>&#8220;Bir g\u00fcn NTV&#8217;de haber spikerli\u011fi yaparken fu\u015fya bir ceket giydim, yay\u0131na \u00e7\u0131kt\u0131m. Cem Ayd\u0131n haber koordinat\u00f6r\u00fcyd\u00fc. <\/b><\/em><\/p>\n<p><em><b>Odadan \u00e7\u0131kt\u0131 &#8216;Saba, haberin \u00f6n\u00fcne ge\u00e7iyorsun ba\u015fka ceketin var m\u0131?&#8217; dedi. Yok dedim \u00f6teki spiker arkada\u015f\u0131 \u00e7a\u011f\u0131rd\u0131lar beni eve g\u00f6nderdiler.<\/b><\/em><\/p>\n<p><img decoding=\"async\" src=\"https:\/\/bihavadis.com\/wp-content\/uploads\/2026\/02\/saba-tumerin-spikerlik-anilari-fusya-ceket-yuzunden-eve-gonderildim-0-ABaZha26.jpg\"\/><\/p>\n<p><strong>&#8220;SON D\u00d6NEM HABER KANALLARINI \u0130ZLEY\u0130NCE \u015eOKE OLDUM&#8221;<\/strong><\/p>\n<p><em><b>Haberin \u00f6n\u00fcne ge\u00e7memek i\u00e7in k\u0131rm\u0131z\u0131 oje s\u00fcremezdik, b\u00fcy\u00fck k\u00fcpeler takamazd\u0131k&#8230; \u015eimdi bu son d\u00f6nemde hi\u00e7 seyretmiyordum haber kanallar\u0131n\u0131&#8230; <\/b><\/em><\/p>\n<p><em><b>Ben \u015foke oldum. Biz haber sunard\u0131k. Haberi verirdik yani.&#8221;<\/b><\/em><\/p>\n<p><img decoding=\"async\" src=\"https:\/\/bihavadis.com\/wp-content\/uploads\/2026\/02\/saba-tumerin-spikerlik-anilari-fusya-ceket-yuzunden-eve-gonderildim-1-nHryaPxr.jpg\"\/><\/p>\n","protected":false},"excerpt":{"rendered":"<p>NTV&#8217;de spiker oldu\u011fu d\u00f6nemde giydi\u011fi fu\u015fya renk ceketle haberin \u00f6n\u00fcne ge\u00e7ti\u011fi gerek\u00e7esi ile eve g\u00f6nderildi\u011fini anlatan Saba T\u00fcmer&#8217;in an\u0131lar\u0131 program yay\u0131nlanmadan g\u00fcndem oldu.<\/p>\n","protected":false},"author":1,"featured_media":33586,"comment_status":"open","ping_status":"open","sticky":false,"template":"","format":"standard","meta":{"footnotes":""},"categories":[9,13],"tags":[5008],"class_list":["post-33585","post","type-post","status-publish","format-standard","has-post-thumbnail","hentry","category-genel","category-son-dakika","tag-tumer"],"_links":{"self":[{"href":"https:\/\/bihavadis.com\/index.php\/wp-json\/wp\/v2\/posts\/33585","targetHints":{"allow":["GET"]}}],"collection":[{"href":"https:\/\/bihavadis.com\/index.php\/wp-json\/wp\/v2\/posts"}],"about":[{"href":"https:\/\/bihavadis.com\/index.php\/wp-json\/wp\/v2\/types\/post"}],"author":[{"embeddable":true,"href":"https:\/\/bihavadis.com\/index.php\/wp-json\/wp\/v2\/users\/1"}],"replies":[{"embeddable":true,"href":"https:\/\/bihavadis.com\/index.php\/wp-json\/wp\/v2\/comments?post=33585"}],"version-history":[{"count":1,"href":"https:\/\/bihavadis.com\/index.php\/wp-json\/wp\/v2\/posts\/33585\/revisions"}],"predecessor-version":[{"id":33589,"href":"https:\/\/bihavadis.com\/index.php\/wp-json\/wp\/v2\/posts\/33585\/revisions\/33589"}],"wp:featuredmedia":[{"embeddable":true,"href":"https:\/\/bihavadis.com\/index.php\/wp-json\/wp\/v2\/media\/33586"}],"wp:attachment":[{"href":"https:\/\/bihavadis.com\/index.php\/wp-json\/wp\/v2\/media?parent=33585"}],"wp:term":[{"taxonomy":"category","embeddable":true,"href":"https:\/\/bihavadis.com\/index.php\/wp-json\/wp\/v2\/categories?post=33585"},{"taxonomy":"post_tag","embeddable":true,"href":"https:\/\/bihavadis.com\/index.php\/wp-json\/wp\/v2\/tags?post=33585"}],"curies":[{"name":"wp","href":"https:\/\/api.w.org\/{rel}","templated":true}]}}