{"id":3372,"date":"2026-01-28T09:55:08","date_gmt":"2026-01-28T09:55:08","guid":{"rendered":"https:\/\/bihavadis.com\/?p=3372"},"modified":"2026-01-28T09:55:08","modified_gmt":"2026-01-28T09:55:08","slug":"fenerin-yildizi-galatasarayin-paylasimini-begendi-ortalik-karisti-2","status":"publish","type":"post","link":"https:\/\/bihavadis.com\/index.php\/2026\/01\/28\/fenerin-yildizi-galatasarayin-paylasimini-begendi-ortalik-karisti-2\/","title":{"rendered":"Fener&#8217;in y\u0131ld\u0131z\u0131 Galatasaray&#8217;\u0131n payla\u015f\u0131m\u0131n\u0131 be\u011fendi, ortal\u0131k kar\u0131\u015ft\u0131"},"content":{"rendered":"<p> Fenerbah\u00e7e formas\u0131 giyen Jhon Duran&#8217;\u0131n, Galatasaray&#8217;\u0131n yeni transferi Yaser Asprilla i\u00e7in yapt\u0131\u011f\u0131 sosyal medya hamlesi dikkat \u00e7ekti.<\/p>\n<p><b>EZEL\u0130 REKABET\u0130 UNUTTURAN BE\u011eEN\u0130<\/b><\/p>\n<p>Galatasaray&#8217;\u0131n Kolombiyal\u0131 futbolcu Yaser Asprilla&#8217;y\u0131 kiral\u0131k olarak kadrosuna katmas\u0131n\u0131n ard\u0131ndan, sar\u0131-k\u0131rm\u0131z\u0131l\u0131 kul\u00fcp oyuncunun tak\u0131mla \u00e7\u0131kt\u0131\u011f\u0131 ilk antrenmandan g\u00f6r\u00fcnt\u00fcleri sosyal medya hesab\u0131ndan payla\u015ft\u0131. Payla\u015f\u0131m\u0131 be\u011fenen isim ise Fenerbah\u00e7e&#8217;nin golc\u00fcs\u00fc Jhon Duran oldu. Duran&#8217;\u0131n bu hamlesi k\u0131sa s\u00fcrede sosyal medyada g\u00fcndem oldu.<\/p>\n<p><b>\u00c7OCUKLUK ARKADA\u015eLI\u011eI DETAYI<\/b><\/p>\n<p>Jhon Duran ile Yaser Asprilla&#8217;n\u0131n uzun y\u0131llara dayanan bir dostlu\u011fu bulunuyor. Asprilla, \u0130stanbul&#8217;a geldikten sonra yapt\u0131\u011f\u0131 ilk a\u00e7\u0131klamada Duran&#8217;dan bahsederek, &#8220;Duran ile 9 ya\u015f\u0131ndan bu yana arkada\u015f\u0131z. \u00c7ok yak\u0131n\u0131z. Onun ba\u015far\u0131lar\u0131ndan gurur duyuyorum&#8221; ifadelerini kullanm\u0131\u015ft\u0131.<\/p>\n<p><b>TARAFTARLARDAN FARKLI YORUMLAR<\/b><\/p>\n<p>Duran&#8217;\u0131n Galatasaray payla\u015f\u0131m\u0131n\u0131 be\u011fenmesi baz\u0131 Fenerbah\u00e7e taraftarlar\u0131n\u0131n tepkisini \u00e7ekerken, baz\u0131 futbolseverler ise bu durumu &#8220;ezeli rekabet dostlu\u011fu bozmad\u0131&#8221; \u015feklinde yorumlad\u0131.<\/p>\n","protected":false},"excerpt":{"rendered":"<p>Fenerbah\u00e7e&#8217;nin golc\u00fcs\u00fc Jhon Duran, Galatasaray&#8217;\u0131n yeni transferi Yaser Asprilla&#8217;n\u0131n sosyal medya payla\u015f\u0131m\u0131n\u0131 be\u011fendi. Duran&#8217;\u0131n bu hamlesi sosyal medyada geni\u015f yank\u0131 buldu. \u0130ki futbolcunun \u00e7ocukluk arkada\u015f\u0131 olduklar\u0131 ve Duran&#8217;\u0131n Asprilla&#8217;n\u0131n ba\u015far\u0131lar\u0131ndan gurur duydu\u011fu biliniyor. Duran&#8217;\u0131n bu jesti baz\u0131 Fenerbah\u00e7e taraftarlar\u0131 taraf\u0131ndan ele\u015ftirilirken, baz\u0131lar\u0131 ise &#8216;ezeli rekabet dostlu\u011fu bozmad\u0131&#8217; \u015feklinde yorumlad\u0131.<\/p>\n","protected":false},"author":1,"featured_media":3373,"comment_status":"open","ping_status":"open","sticky":false,"template":"","format":"standard","meta":{"footnotes":""},"categories":[1],"tags":[333],"class_list":["post-3372","post","type-post","status-publish","format-standard","has-post-thumbnail","hentry","category-uncategorized","tag-duran"],"_links":{"self":[{"href":"https:\/\/bihavadis.com\/index.php\/wp-json\/wp\/v2\/posts\/3372","targetHints":{"allow":["GET"]}}],"collection":[{"href":"https:\/\/bihavadis.com\/index.php\/wp-json\/wp\/v2\/posts"}],"about":[{"href":"https:\/\/bihavadis.com\/index.php\/wp-json\/wp\/v2\/types\/post"}],"author":[{"embeddable":true,"href":"https:\/\/bihavadis.com\/index.php\/wp-json\/wp\/v2\/users\/1"}],"replies":[{"embeddable":true,"href":"https:\/\/bihavadis.com\/index.php\/wp-json\/wp\/v2\/comments?post=3372"}],"version-history":[{"count":1,"href":"https:\/\/bihavadis.com\/index.php\/wp-json\/wp\/v2\/posts\/3372\/revisions"}],"predecessor-version":[{"id":3374,"href":"https:\/\/bihavadis.com\/index.php\/wp-json\/wp\/v2\/posts\/3372\/revisions\/3374"}],"wp:featuredmedia":[{"embeddable":true,"href":"https:\/\/bihavadis.com\/index.php\/wp-json\/wp\/v2\/media\/3373"}],"wp:attachment":[{"href":"https:\/\/bihavadis.com\/index.php\/wp-json\/wp\/v2\/media?parent=3372"}],"wp:term":[{"taxonomy":"category","embeddable":true,"href":"https:\/\/bihavadis.com\/index.php\/wp-json\/wp\/v2\/categories?post=3372"},{"taxonomy":"post_tag","embeddable":true,"href":"https:\/\/bihavadis.com\/index.php\/wp-json\/wp\/v2\/tags?post=3372"}],"curies":[{"name":"wp","href":"https:\/\/api.w.org\/{rel}","templated":true}]}}