{"id":33734,"date":"2026-02-14T19:15:05","date_gmt":"2026-02-14T19:15:05","guid":{"rendered":"https:\/\/bihavadis.com\/?p=33734"},"modified":"2026-02-14T19:15:05","modified_gmt":"2026-02-14T19:15:05","slug":"esenyurtta-okullar-yeni-egitim-donemine-hazir","status":"publish","type":"post","link":"https:\/\/bihavadis.com\/index.php\/2026\/02\/14\/esenyurtta-okullar-yeni-egitim-donemine-hazir\/","title":{"rendered":"Esenyurt&#8217;ta okullar yeni e\u011fitim d\u00f6nemine haz\u0131r"},"content":{"rendered":"<p> Esenyurt&#8217;ta s\u00f6mestir tatilinde okullarda kapsaml\u0131 temizlik \u00e7al\u0131\u015fmas\u0131 ger\u00e7ekle\u015ftirdi. \u00c7al\u0131\u015fmalarla ilgili a\u00e7\u0131klama yapan Ba\u015fkan Vekili Can Aksoy, &#8220;\u00c7ocuklar\u0131m\u0131z\u0131n temiz ve sa\u011fl\u0131kl\u0131 bir ortamda e\u011fitim g\u00f6rebilmesi i\u00e7in ekiplerimiz s\u00f6mestir tatili boyunca sahadayd\u0131. E\u011fitim \u00f6\u011fretim y\u0131l\u0131n\u0131n ikinci d\u00f6neminde sevgili \u00f6\u011frencilerimize ve k\u0131ymetli \u00f6\u011fretmenlerimize ba\u015far\u0131lar diliyorum&#8221; ifadelerini kulland\u0131.<\/p>\n<p> Esenyurt Belediyesi, s\u00f6mestir tatilini f\u0131rsata \u00e7evirerek il\u00e7e genelindeki okullarda kapsaml\u0131 temizlik \u00e7al\u0131\u015fmas\u0131 ger\u00e7ekle\u015ftirdi. \u00c7ocuklar\u0131n ikinci d\u00f6neme daha sa\u011fl\u0131kl\u0131 ve hijyenik bir ortamda ba\u015flamas\u0131 i\u00e7in y\u00fcr\u00fct\u00fclen \u00e7al\u0131\u015fmalar, tatil boyunca aral\u0131ks\u0131z s\u00fcrd\u00fc.<\/p>\n<p>Belediye Ba\u015fkan Vekili Can Aksoy&#8217;un \u00f6nc\u00fcl\u00fc\u011f\u00fcnde yap\u0131lan \u00e7al\u0131\u015fmalar kapsam\u0131nda s\u0131n\u0131flar, tuvaletler, k\u00fct\u00fcphaneler, koridorlar ve okul bah\u00e7eleri detayl\u0131 \u015fekilde temizlenerek yeni e\u011fitim \u00f6\u011fretim d\u00f6nemine haz\u0131r hale getirildi. Ekipler, \u00f6\u011frencilerin ve \u00f6\u011fretmenlerin g\u00fcvenli ve temiz bir ortamda e\u011fitim alabilmesi i\u00e7in titizlikle \u00e7al\u0131\u015ft\u0131.<\/p>\n<p>\u00c7al\u0131\u015fmalarla ilgili a\u00e7\u0131klama yapan Ba\u015fkan Vekili Can Aksoy, &#8220;\u00c7ocuklar\u0131m\u0131z\u0131n temiz ve sa\u011fl\u0131kl\u0131 bir ortamda e\u011fitim g\u00f6rebilmesi i\u00e7in ekiplerimiz s\u00f6mestir tatili boyunca sahadayd\u0131. E\u011fitim \u00f6\u011fretim y\u0131l\u0131n\u0131n ikinci d\u00f6neminde sevgili \u00f6\u011frencilerimize ve k\u0131ymetli \u00f6\u011fretmenlerimize ba\u015far\u0131lar diliyorum&#8221; ifadelerini kulland\u0131.<\/p>\n<p>\u00c7ocuklara spor ve k\u00fclt\u00fcr sanat dolu s\u00f6mestir<\/p>\n<p>Esenyurt Belediyesi, yaln\u0131zca okullardaki haz\u0131rl\u0131klarla s\u0131n\u0131rl\u0131 kalmayarak s\u00f6mestir tatili boyunca \u00e7ocuklar i\u00e7in birbirinden renkli etkinlikler de d\u00fczenledi. Spor m\u00fcsabakalar\u0131 ile enerjilerini atma imkan\u0131 bulan \u00e7ocuklar, k\u00fclt\u00fcr ve sanat etkinlikleriyle de hem e\u011flendi hem \u00f6\u011frendi. Belediyenin haz\u0131rlad\u0131\u011f\u0131 bu etkinlikler sayesinde \u00e7ocuklar s\u00f6mestir tatilini verimli ve keyifli ge\u00e7irirken, ailelerden de olumlu geri d\u00f6n\u00fc\u015fler al\u0131nd\u0131. Esenyurt Belediyesi, yeni d\u00f6nemde de e\u011fitim ve \u00e7ocuklara y\u00f6nelik projelerine devam edece\u011fini belirtti. &#8211; \u0130STANBUL<\/p>\n","protected":false},"excerpt":{"rendered":"<p>Esenyurt Belediyesi, s\u00f6mestir tatilinde okullarda kapsaml\u0131 temizlik \u00e7al\u0131\u015fmalar\u0131 ger\u00e7ekle\u015ftirdi. Ba\u015fkan Vekili Can Aksoy, \u00e7ocuklar\u0131n temiz bir ortamda e\u011fitim alabilmesi i\u00e7in ekiplerin sahada oldu\u011funu belirtti. Ayr\u0131ca, tatil boyunca \u00e7ocuklar i\u00e7in spor ve k\u00fclt\u00fcr sanat etkinlikleri d\u00fczenlendi.<\/p>\n","protected":false},"author":1,"featured_media":33735,"comment_status":"open","ping_status":"open","sticky":false,"template":"","format":"standard","meta":{"footnotes":""},"categories":[14],"tags":[372,683,233,3671,673],"class_list":["post-33734","post","type-post","status-publish","format-standard","has-post-thumbnail","hentry","category-spor","tag-belediye","tag-cocuklar","tag-egitim","tag-somestir-tatili","tag-temiz"],"_links":{"self":[{"href":"https:\/\/bihavadis.com\/index.php\/wp-json\/wp\/v2\/posts\/33734","targetHints":{"allow":["GET"]}}],"collection":[{"href":"https:\/\/bihavadis.com\/index.php\/wp-json\/wp\/v2\/posts"}],"about":[{"href":"https:\/\/bihavadis.com\/index.php\/wp-json\/wp\/v2\/types\/post"}],"author":[{"embeddable":true,"href":"https:\/\/bihavadis.com\/index.php\/wp-json\/wp\/v2\/users\/1"}],"replies":[{"embeddable":true,"href":"https:\/\/bihavadis.com\/index.php\/wp-json\/wp\/v2\/comments?post=33734"}],"version-history":[{"count":1,"href":"https:\/\/bihavadis.com\/index.php\/wp-json\/wp\/v2\/posts\/33734\/revisions"}],"predecessor-version":[{"id":33736,"href":"https:\/\/bihavadis.com\/index.php\/wp-json\/wp\/v2\/posts\/33734\/revisions\/33736"}],"wp:featuredmedia":[{"embeddable":true,"href":"https:\/\/bihavadis.com\/index.php\/wp-json\/wp\/v2\/media\/33735"}],"wp:attachment":[{"href":"https:\/\/bihavadis.com\/index.php\/wp-json\/wp\/v2\/media?parent=33734"}],"wp:term":[{"taxonomy":"category","embeddable":true,"href":"https:\/\/bihavadis.com\/index.php\/wp-json\/wp\/v2\/categories?post=33734"},{"taxonomy":"post_tag","embeddable":true,"href":"https:\/\/bihavadis.com\/index.php\/wp-json\/wp\/v2\/tags?post=33734"}],"curies":[{"name":"wp","href":"https:\/\/api.w.org\/{rel}","templated":true}]}}