{"id":33771,"date":"2026-02-14T19:42:04","date_gmt":"2026-02-14T19:42:04","guid":{"rendered":"https:\/\/bihavadis.com\/?p=33771"},"modified":"2026-02-14T19:42:04","modified_gmt":"2026-02-14T19:42:04","slug":"ureticiye-tam-destek-efes-selcukta-salep-egitimi-duzenlendi","status":"publish","type":"post","link":"https:\/\/bihavadis.com\/index.php\/2026\/02\/14\/ureticiye-tam-destek-efes-selcukta-salep-egitimi-duzenlendi\/","title":{"rendered":"\u00dcreticiye Tam Destek: Efes Sel\u00e7uk&#8217;ta Salep E\u011fitimi D\u00fczenlendi"},"content":{"rendered":"<p>Efes Sel\u00e7uk Belediyesi ile \u0130zmir B\u00fcy\u00fck\u015fehir Belediyesi Tar\u0131msal Hizmetler Dairesi Ba\u015fkanl\u0131\u011f\u0131\u2019n\u0131n \u201cG\u00fc\u00e7l\u00fc \u00dcretim \u0130\u00e7in Tar\u0131m E\u011fitimleri\u201d program\u0131 kapsam\u0131nda d\u00fczenlenen Salep Yeti\u015ftiricili\u011fi E\u011fitimi, Efes Tarlas\u0131 Ya\u015fam K\u00f6y\u00fc Toprak Okulu\u2019nda \u00fcreticilerle bulu\u015ftu.<\/p>\n<p>Ziraat M\u00fchendisi Leyla Sakaro\u011flu\u2019nun anlat\u0131m\u0131yla \u00fccretsiz olarak d\u00fczenlenen e\u011fitime 20 ki\u015fi kat\u0131ld\u0131. E\u011fitim kapsam\u0131nda salep bitkisinin ekonomik de\u011feri, \u00fcretim s\u00fcreci, kullan\u0131m alanlar\u0131, hasat mevsimi ve y\u00f6ntemleri, do\u011fal olarak yeti\u015fti\u011fi b\u00f6lgeler ve yasal \u00e7er\u00e7evesi kapsaml\u0131 bi\u00e7imde ele al\u0131nd\u0131.<\/p>\n<p>Ayn\u0131 zamanda kat\u0131l\u0131mc\u0131lar, yerel \u00fcreticilerin e\u011fitim i\u00e7in getirdi\u011fi salep orkidelerinin farkl\u0131 t\u00fcrlerini de inceleme f\u0131rsat\u0131 buldular.<\/p>\n<p><b>\u201c\u00dcRET\u0130C\u0130LER\u0130M\u0130Z\u0130N HER ZAMAN YANINDAYIZ\u201d<\/b><\/p>\n<p>Efes Tarlas\u0131 Ya\u015fam K\u00f6y\u00fc Toprak Okulu\u2019nda kat\u0131l\u0131mc\u0131larla bir araya gelen Ziraat M\u00fchendisi Leyla Sakaro\u011flu; \u201cEfes Sel\u00e7uk Belediyesi\u2019nin bizden talep etmi\u015f oldu\u011fu Salep Yeti\u015ftiricili\u011fi e\u011fitimini bug\u00fcn d\u00fczenledik. Kat\u0131l\u0131m \u00e7ok g\u00fczeldi. Salep \u00fcretimini A\u2019dan Z\u2019ye t\u00fcm konu ba\u015fl\u0131klar\u0131yla ele ald\u0131k. E\u011fitimimiz soru-cevap \u015feklinde ilerledi. Kat\u0131l\u0131mc\u0131lar\u0131m\u0131z\u0131n yo\u011fun ilgisiyle kar\u015f\u0131la\u015ft\u0131k. Bu da bizi \u00e7ok memnun etti. E\u011fer biz bug\u00fcn, bu e\u011fitimle bir salep \u00fcreticisi bile kazand\u0131ysak bu bizim i\u00e7in \u00e7ok b\u00fcy\u00fck bir kazan\u00e7t\u0131r. Biz \u0130zmir B\u00fcy\u00fck\u015fehir Belediyesi ve Efes Sel\u00e7uk Belediyesi olarak \u00fcreticilerimizin her zaman yan\u0131nday\u0131z. \u00dcretime d\u00f6n\u00fck yap\u0131lan b\u00fct\u00fcn \u00e7al\u0131\u015fmalar bizim i\u00e7in \u00e7ok k\u0131ymetlidir. Elimizden gelen t\u00fcm destekleri sonuna kadar vermeye haz\u0131r\u0131z. Bunu \u00fcreticilerimize de aktard\u0131k. Onlar da memnuniyetlerini dile getirdiler. \u00c7ok mutlu olduk\u201d dedi.\u00a0<\/p>\n<p><b>\u201cF\u0130L\u0130Z BA\u015eKAN HER ZAMAN DESTEK\u00c7\u0130M\u0130Z\u201d<\/b><\/p>\n<p>Salep \u00fcretimine yeni ba\u015flayacak olan \u00fcreticiler i\u00e7in faydal\u0131 bir e\u011fitim oldu\u011funu aktaran kat\u0131l\u0131mc\u0131lardan Nihal \u00d6zt\u00fcrk; \u201cG\u00fczel bir e\u011fitimdi. Zaten \u00e7o\u011fu konuya yeti\u015ftiricili\u011fini yapt\u0131\u011f\u0131m i\u00e7in hakimim ama kat\u0131lmam \u00e7ok iyi oldu. Hocam\u0131z\u0131n farkl\u0131 ba\u015fl\u0131klarda anlat\u0131m\u0131n\u0131 g\u00f6rm\u00fc\u015f oldum. Salep \u00fcretimine yeni ba\u015flayacak olanlar i\u00e7in bence \u00e7ok faydal\u0131 bir e\u011fitim. Gayet g\u00fczel bilgiler veriyorlar. Ba\u015fkan\u0131m\u0131z Filiz Han\u0131m tar\u0131m e\u011fitimleri konusunda \u00e7ok destek\u00e7imiz oluyor. Eme\u011fi ge\u00e7enlere te\u015fekk\u00fcr ediyorum\u201d dedi.<\/p>\n<p>E\u011fitimden duydu\u011fu memnuniyeti dile getiren kat\u0131l\u0131mc\u0131lardan Aysel K\u0131l\u0131\u00e7; \u201cK\u00f6y\u00fcm\u00fczde kendi \u00e7ap\u0131m\u0131zda tar\u0131msal \u00e7al\u0131\u015fmalarla u\u011fra\u015f\u0131yoruz. O y\u00fczden bu e\u011fitime de kat\u0131ld\u0131m. G\u00fczel bir e\u011fitimdi. Hocam\u0131z b\u00fct\u00fcn sorular\u0131m\u0131za gayet g\u00fczel yan\u0131tlar verdi. \u00c7ok memnun kald\u0131k ve bilgilendik. Belediyemize de hocam\u0131za da te\u015fekk\u00fcr ediyoruz\u201d dedi.<\/p>\n<p>\u00a0<b>E\u011e\u0130T\u0130ME AYDIN\u2019DAN KATILIM<\/b><\/p>\n<p>E\u011fitime kat\u0131lmak i\u00e7in Ayd\u0131n\u2019dan geldi\u011fini aktaran Esra Yeti\u015fkin; \u201cBu sene salep \u00fcretmeye ba\u015flad\u0131m. Ben Ayd\u0131n\u2019l\u0131y\u0131m ve bizim k\u00f6y\u00fcm\u00fczde salep \u00fcretimi her zaman yap\u0131l\u0131yordu. Ancak \u00fcretim yapan insanlar\u0131n say\u0131s\u0131 azald\u0131k\u00e7a \u00fcz\u00fclmeye ba\u015flad\u0131k ve say\u0131y\u0131 art\u0131rmak i\u00e7in biz de bir ad\u0131m atmaya karar verdik. Burada e\u011fitim oldu\u011funu duydu\u011fumda bir \u015feyler \u00f6\u011frenebilece\u011fimi d\u00fc\u015f\u00fcnerek Ayd\u0131n\u2019dan geldim. \u00c7ok faydal\u0131 oldu benim i\u00e7in. \u0130zmir B\u00fcy\u00fck\u015fehir Belediyesi\u2019ne ve Efes Sel\u00e7uk Belediyesi\u2019ne bu e\u011fitimi d\u00fczenledikleri i\u00e7in te\u015fekk\u00fcr ederiz\u201d dedi.<\/p>\n<p>\u00a0<\/p>\n<p>\u00a0<\/p>\n<p>Kaynak: (BYZHA) Beyaz Haber Ajans\u0131<\/p>\n","protected":false},"excerpt":{"rendered":"<p>Efes Sel\u00e7uk Belediyesi ile \u0130zmir B\u00fcy\u00fck\u015fehir Belediyesi Tar\u0131msal Hizmetler Dairesi Ba\u015fkanl\u0131\u011f\u0131\u2019n\u0131n \u201cG\u00fc\u00e7l\u00fc \u00dcretim \u0130\u00e7in Tar\u0131m E\u011fitimleri\u201d program\u0131 kapsam\u0131nda d\u00fczenlenen Salep Yeti\u015ftiricili\u011fi E\u011fitimi, Efes Tarlas\u0131 Ya\u015fam K\u00f6y\u00fc Toprak Okulu\u2019nda \u00fcreticilerle bulu\u015ftu.<\/p>\n","protected":false},"author":1,"featured_media":33772,"comment_status":"open","ping_status":"open","sticky":false,"template":"","format":"standard","meta":{"footnotes":""},"categories":[4],"tags":[1139,233,1579,5025,375],"class_list":["post-33771","post","type-post","status-publish","format-standard","has-post-thumbnail","hentry","category-gundem","tag-belediyesi","tag-egitim","tag-katilim","tag-salep","tag-uretim"],"_links":{"self":[{"href":"https:\/\/bihavadis.com\/index.php\/wp-json\/wp\/v2\/posts\/33771","targetHints":{"allow":["GET"]}}],"collection":[{"href":"https:\/\/bihavadis.com\/index.php\/wp-json\/wp\/v2\/posts"}],"about":[{"href":"https:\/\/bihavadis.com\/index.php\/wp-json\/wp\/v2\/types\/post"}],"author":[{"embeddable":true,"href":"https:\/\/bihavadis.com\/index.php\/wp-json\/wp\/v2\/users\/1"}],"replies":[{"embeddable":true,"href":"https:\/\/bihavadis.com\/index.php\/wp-json\/wp\/v2\/comments?post=33771"}],"version-history":[{"count":1,"href":"https:\/\/bihavadis.com\/index.php\/wp-json\/wp\/v2\/posts\/33771\/revisions"}],"predecessor-version":[{"id":33773,"href":"https:\/\/bihavadis.com\/index.php\/wp-json\/wp\/v2\/posts\/33771\/revisions\/33773"}],"wp:featuredmedia":[{"embeddable":true,"href":"https:\/\/bihavadis.com\/index.php\/wp-json\/wp\/v2\/media\/33772"}],"wp:attachment":[{"href":"https:\/\/bihavadis.com\/index.php\/wp-json\/wp\/v2\/media?parent=33771"}],"wp:term":[{"taxonomy":"category","embeddable":true,"href":"https:\/\/bihavadis.com\/index.php\/wp-json\/wp\/v2\/categories?post=33771"},{"taxonomy":"post_tag","embeddable":true,"href":"https:\/\/bihavadis.com\/index.php\/wp-json\/wp\/v2\/tags?post=33771"}],"curies":[{"name":"wp","href":"https:\/\/api.w.org\/{rel}","templated":true}]}}