{"id":33785,"date":"2026-02-14T19:51:05","date_gmt":"2026-02-14T19:51:05","guid":{"rendered":"https:\/\/bihavadis.com\/?p=33785"},"modified":"2026-02-14T19:51:05","modified_gmt":"2026-02-14T19:51:05","slug":"yunus-emre-camii-ramazana-yeni-yuzuyle-giriyor","status":"publish","type":"post","link":"https:\/\/bihavadis.com\/index.php\/2026\/02\/14\/yunus-emre-camii-ramazana-yeni-yuzuyle-giriyor\/","title":{"rendered":"Yunus Emre Camii, Ramazan&#8217;a yeni y\u00fcz\u00fcyle giriyor"},"content":{"rendered":"<p>Kocaeli B\u00fcy\u00fck\u015fehir Belediyesi, kent genelindeki camilerde bak\u0131m, onar\u0131m ve tadilat \u00e7al\u0131\u015fmalar\u0131n\u0131 aral\u0131ks\u0131z s\u00fcrd\u00fcr\u00fcyor. Ger\u00e7ekle\u015ftirilen \u00e7al\u0131\u015fmalarla camilerin fiziki ko\u015fullar\u0131 yenilenirken, vatanda\u015flar\u0131n huzur ve g\u00fcven i\u00e7inde ibadet edebilmesi sa\u011flan\u0131yor. Bu kapsamda G\u00f6lc\u00fck Yunus Emre Camii\u2019nde de kapsaml\u0131 bak\u0131m \u00e7al\u0131\u015fmas\u0131 yap\u0131larak, cami On Bir Ay\u0131n Sultan\u0131 Ramazan ay\u0131na haz\u0131r hale getirildi.<\/p>\n<p><b>YUNUS EMRE CAM\u0130\u0130\u2019NDE AH\u015eAP DUVAR KAPLAMASI<\/b><\/p>\n<p>Kocaeli B\u00fcy\u00fck\u015fehir Belediyesi A Tak\u0131m\u0131 ekipleri, Muhtarl\u0131k \u0130\u015fleri Dairesi Ba\u015fkanl\u0131\u011f\u0131 koordinesinde G\u00f6lc\u00fck il\u00e7esinde bulunan Yunus Emre Camii\u2019nde ah\u015fap duvar kaplama \u00e7al\u0131\u015fmas\u0131 ger\u00e7ekle\u015ftirdi. Yap\u0131lan \u00e7al\u0131\u015fma ile caminin i\u00e7 mek\u00e2n\u0131 daha estetik ve s\u0131cak bir g\u00f6r\u00fcn\u00fcme kavu\u015ftu. Ramazan ay\u0131na g\u00fcnler kala tamamlanan bak\u0131m ve yenileme \u00e7al\u0131\u015fmalar\u0131 sayesinde cemaat, ibadetlerini daha huzurlu ve konforlu bir ortamda yerine getirme imk\u00e2n\u0131 buluyor. Fiziki iyile\u015ftirmeler, caminin kullan\u0131m\u0131n\u0131 daha i\u015flevsel hale getirirken, ibadet esnas\u0131nda olu\u015fabilecek olumsuzluklar\u0131n da \u00f6n\u00fcne ge\u00e7iyor.<\/p>\n<p><b>ORTAK YA\u015eAM ALANLARINA DE\u011eER KATILIYOR<\/b><\/p>\n<p>Camiler, yaln\u0131zca ibadet edilen mek\u00e2nlar olman\u0131n \u00f6tesinde, toplumun bir araya geldi\u011fi ortak ya\u015fam alanlar\u0131 olarak da \u00f6nemli bir role sahip. Bu alanlar\u0131n bak\u0131m ve onar\u0131mlar\u0131n\u0131n d\u00fczenli olarak yap\u0131lmas\u0131 sosyal birlikteli\u011fin g\u00fc\u00e7l\u00fc kalmas\u0131na katk\u0131 sunuyor.<\/p>\n<p>\u00a0<\/p>\n<p>Kaynak: (BYZHA) Beyaz Haber Ajans\u0131<\/p>\n","protected":false},"excerpt":{"rendered":"<p>Kocaeli B\u00fcy\u00fck\u015fehir Belediyesi, kent genelindeki camilerde bak\u0131m, onar\u0131m ve tadilat \u00e7al\u0131\u015fmalar\u0131n\u0131 aral\u0131ks\u0131z s\u00fcrd\u00fcr\u00fcyor.<\/p>\n","protected":false},"author":1,"featured_media":33786,"comment_status":"open","ping_status":"open","sticky":false,"template":"","format":"standard","meta":{"footnotes":""},"categories":[4],"tags":[378,1172],"class_list":["post-33785","post","type-post","status-publish","format-standard","has-post-thumbnail","hentry","category-gundem","tag-calisma","tag-cami"],"_links":{"self":[{"href":"https:\/\/bihavadis.com\/index.php\/wp-json\/wp\/v2\/posts\/33785","targetHints":{"allow":["GET"]}}],"collection":[{"href":"https:\/\/bihavadis.com\/index.php\/wp-json\/wp\/v2\/posts"}],"about":[{"href":"https:\/\/bihavadis.com\/index.php\/wp-json\/wp\/v2\/types\/post"}],"author":[{"embeddable":true,"href":"https:\/\/bihavadis.com\/index.php\/wp-json\/wp\/v2\/users\/1"}],"replies":[{"embeddable":true,"href":"https:\/\/bihavadis.com\/index.php\/wp-json\/wp\/v2\/comments?post=33785"}],"version-history":[{"count":1,"href":"https:\/\/bihavadis.com\/index.php\/wp-json\/wp\/v2\/posts\/33785\/revisions"}],"predecessor-version":[{"id":33787,"href":"https:\/\/bihavadis.com\/index.php\/wp-json\/wp\/v2\/posts\/33785\/revisions\/33787"}],"wp:featuredmedia":[{"embeddable":true,"href":"https:\/\/bihavadis.com\/index.php\/wp-json\/wp\/v2\/media\/33786"}],"wp:attachment":[{"href":"https:\/\/bihavadis.com\/index.php\/wp-json\/wp\/v2\/media?parent=33785"}],"wp:term":[{"taxonomy":"category","embeddable":true,"href":"https:\/\/bihavadis.com\/index.php\/wp-json\/wp\/v2\/categories?post=33785"},{"taxonomy":"post_tag","embeddable":true,"href":"https:\/\/bihavadis.com\/index.php\/wp-json\/wp\/v2\/tags?post=33785"}],"curies":[{"name":"wp","href":"https:\/\/api.w.org\/{rel}","templated":true}]}}