{"id":33809,"date":"2026-02-14T20:09:37","date_gmt":"2026-02-14T20:09:37","guid":{"rendered":"https:\/\/bihavadis.com\/?p=33809"},"modified":"2026-02-14T20:09:37","modified_gmt":"2026-02-14T20:09:37","slug":"bodrumda-ikinci-donem-bayrak-sevgisi-temasiyla-basladi","status":"publish","type":"post","link":"https:\/\/bihavadis.com\/index.php\/2026\/02\/14\/bodrumda-ikinci-donem-bayrak-sevgisi-temasiyla-basladi\/","title":{"rendered":"Bodrum&#8217;da ikinci d\u00f6nem &#8220;Bayrak Sevgisi&#8221; temas\u0131yla ba\u015flad\u0131"},"content":{"rendered":"<p> Mu\u011fla&#8217;n\u0131n Bodrum il\u00e7esinde, yar\u0131 y\u0131l tatilinin ard\u0131ndan 2025-2026 e\u011fitim \u00f6\u011fretim y\u0131l\u0131n\u0131n ikinci d\u00f6nemi, &#8220;Bayrak Sevgisi&#8221; temas\u0131yla ba\u015flad\u0131.<\/p>\n<p>Umurca Mahallesi&#8217;ndeki Umur\u00e7a \u00d6mer Ak\u0131n \u0130lkokulu&#8217;nda, Bodrum Kaymakam\u0131 Ali S\u0131rmal\u0131 ile Bodrum \u0130l\u00e7e Milli E\u011fitim M\u00fcd\u00fcr\u00fc Aslan Korkmaz&#8217;\u0131n da kat\u0131l\u0131m\u0131yla &#8220;Bayrak T\u00f6reni ve 2. D\u00f6nem A\u00e7\u0131l\u0131\u015f Program\u0131&#8221;d\u00fczenlendi.<\/p>\n<p>Programda \u00f6\u011frenciler T\u00fcrk Bayra\u011f\u0131 boyama etkinli\u011fi ger\u00e7ekle\u015ftirdi, Bayrak Mar\u015f\u0131&#8217;n\u0131 okudu ve bayrak sevgisini anlatan \u015fiirler seslendirdi.<\/p>\n<p>Etkinlikte ayr\u0131ca bayrak sevgisinin \u00f6nemi \u00fczerine konu\u015fmalar da yap\u0131ld\u0131.<\/p>\n<p>Kaymakam S\u0131rmal\u0131, gazetecilere yapt\u0131\u011f\u0131 a\u00e7\u0131klamada, Bakanl\u0131\u011f\u0131n talimat\u0131 do\u011frultusunda s\u0131n\u0131flarda bayrak temal\u0131 etkinliklerin yap\u0131ld\u0131\u011f\u0131n\u0131 s\u00f6yledi.<\/p>\n<p>Etkinliklerin hafta boyunca devam edece\u011fini ifade eden S\u0131rmal\u0131, &#8220;Bodrum&#8217;da 128 okulumuzda hafta boyunca bayrak temal\u0131 etkinliklerimiz ger\u00e7ekle\u015fecek. \u00d6\u011frencilerimiz bizim gelece\u011fimiz, onlar\u0131 en iyi \u015fekilde gelece\u011fe haz\u0131rlamak istiyoruz. Cumhuriyetimizin kurucusu Gazi Mustafa Kemal Atat\u00fcrk&#8217;\u00fcn cumhuriyeti emanet etti\u011fi sevgili yavrular\u0131m\u0131z \u00e7ok g\u00fczel \u015fekilde haz\u0131rland\u0131lar, bize etkinlikler sundular.&#8221; dedi.<\/p>\n<p>S\u0131rmal\u0131, \u015fehitleri ve gazileri rahmetle ve minnetle and\u0131klar\u0131n\u0131 da belirtirken, &#8220;Bug\u00fcn al bayra\u011f\u0131m\u0131z\u0131n alt\u0131nda huzur ve g\u00fcven i\u00e7erisinde ya\u015f\u0131yor, gelece\u011fe umutla bak\u0131yorsak bunu \u015fehitlerimize ve gazilerimize bor\u00e7luyuz.&#8221; de\u011ferlendirmesinde bulundu.<\/p>\n","protected":false},"excerpt":{"rendered":"<p>Mu\u011fla&#8217;n\u0131n Bodrum il\u00e7esinde, yar\u0131 y\u0131l tatilinin ard\u0131ndan 2025-2026 e\u011fitim \u00f6\u011fretim y\u0131l\u0131n\u0131n ikinci d\u00f6nemi, &#8220;Bayrak Sevgisi&#8221; temas\u0131yla ba\u015flad\u0131.<\/p>\n","protected":false},"author":1,"featured_media":33810,"comment_status":"open","ping_status":"open","sticky":false,"template":"","format":"standard","meta":{"footnotes":""},"categories":[9,4,13],"tags":[1906],"class_list":["post-33809","post","type-post","status-publish","format-standard","has-post-thumbnail","hentry","category-genel","category-gundem","category-son-dakika","tag-bayrak"],"_links":{"self":[{"href":"https:\/\/bihavadis.com\/index.php\/wp-json\/wp\/v2\/posts\/33809","targetHints":{"allow":["GET"]}}],"collection":[{"href":"https:\/\/bihavadis.com\/index.php\/wp-json\/wp\/v2\/posts"}],"about":[{"href":"https:\/\/bihavadis.com\/index.php\/wp-json\/wp\/v2\/types\/post"}],"author":[{"embeddable":true,"href":"https:\/\/bihavadis.com\/index.php\/wp-json\/wp\/v2\/users\/1"}],"replies":[{"embeddable":true,"href":"https:\/\/bihavadis.com\/index.php\/wp-json\/wp\/v2\/comments?post=33809"}],"version-history":[{"count":1,"href":"https:\/\/bihavadis.com\/index.php\/wp-json\/wp\/v2\/posts\/33809\/revisions"}],"predecessor-version":[{"id":33811,"href":"https:\/\/bihavadis.com\/index.php\/wp-json\/wp\/v2\/posts\/33809\/revisions\/33811"}],"wp:featuredmedia":[{"embeddable":true,"href":"https:\/\/bihavadis.com\/index.php\/wp-json\/wp\/v2\/media\/33810"}],"wp:attachment":[{"href":"https:\/\/bihavadis.com\/index.php\/wp-json\/wp\/v2\/media?parent=33809"}],"wp:term":[{"taxonomy":"category","embeddable":true,"href":"https:\/\/bihavadis.com\/index.php\/wp-json\/wp\/v2\/categories?post=33809"},{"taxonomy":"post_tag","embeddable":true,"href":"https:\/\/bihavadis.com\/index.php\/wp-json\/wp\/v2\/tags?post=33809"}],"curies":[{"name":"wp","href":"https:\/\/api.w.org\/{rel}","templated":true}]}}