{"id":33851,"date":"2026-02-14T20:39:07","date_gmt":"2026-02-14T20:39:07","guid":{"rendered":"https:\/\/bihavadis.com\/?p=33851"},"modified":"2026-02-14T20:39:07","modified_gmt":"2026-02-14T20:39:07","slug":"tekirdagda-16-yasindaki-cocuk-yasitini-av-tufegi-ile-vurarak-oldurdu","status":"publish","type":"post","link":"https:\/\/bihavadis.com\/index.php\/2026\/02\/14\/tekirdagda-16-yasindaki-cocuk-yasitini-av-tufegi-ile-vurarak-oldurdu\/","title":{"rendered":"Tekirda\u011f&#8217;da 16 ya\u015f\u0131ndaki \u00e7ocuk ya\u015f\u0131t\u0131n\u0131 av t\u00fcfe\u011fi ile vurarak \u00f6ld\u00fcrd\u00fc"},"content":{"rendered":"<p>Tekirda\u011f&#8217;\u0131n S\u00fcleymanpa\u015fa il\u00e7esinde kan donduran cinayet&#8230;<\/p>\n<p>Aydo\u011fdu Mahallesi&#8217;nde Aralar\u0131nda husumet bulundu\u011fu \u00f6ne s\u00fcr\u00fclen Y.A.K., ya\u015f\u0131t\u0131 Erkan Karadeniz&#8217;e av t\u00fcfe\u011fiyle ate\u015f etti.<\/p>\n<p><strong>HAYATINI KAYBETT\u0130<\/strong><\/p>\n<p>A\u011f\u0131r yaralanan Karadeniz, kald\u0131r\u0131ld\u0131\u011f\u0131 Tekirda\u011f Dr. \u0130smail Fehmi Cumal\u0131o\u011flu \u015eehir Hastanesi&#8217;nde yap\u0131lan t\u00fcm m\u00fcdahalelere ra\u011fmen hayat\u0131n\u0131 kaybetti.<\/p>\n<p><img decoding=\"async\" src=\"https:\/\/bihavadis.com\/wp-content\/uploads\/2026\/02\/tekirdagda-16-yasindaki-cocuk-yasitini-av-tufegi-ile-vurarak-oldurdu-0-6QDGyYwl.jpg\"\/><\/p>\n<p><strong>KAT\u0130L ZANLISI TUTUKLANDI<\/strong><\/p>\n<p>Olay\u0131n ard\u0131ndan ka\u00e7an \u015f\u00fcpheli, polis ekipleri taraf\u0131ndan yakalanarak g\u00f6zalt\u0131na al\u0131nd\u0131.<\/p>\n<p>Emniyetteki i\u015flemlerinin tamamlanmas\u0131n\u0131n ard\u0131ndan adliyeye sevk edilen zanl\u0131, \u00e7\u0131kar\u0131ld\u0131\u011f\u0131 mahkemece tutuklanarak cezaevine g\u00f6nderildi.<\/p>\n<p><img decoding=\"async\" src=\"https:\/\/bihavadis.com\/wp-content\/uploads\/2026\/02\/tekirdagda-16-yasindaki-cocuk-yasitini-av-tufegi-ile-vurarak-oldurdu-1-uylXWtp7.jpg\"\/><\/p>\n","protected":false},"excerpt":{"rendered":"<p>S\u00fcleymanpa\u015fa il\u00e7esinde 16 ya\u015f\u0131ndaki \u015fah\u0131s husumetli oldu\u011fu Erkan Karadeniz&#8217;i silahla vurarak \u00f6l\u00fcm\u00fcne neden olurken zanl\u0131 \u00e7\u0131kar\u0131ld\u0131\u011f\u0131 mahkemece tutukland\u0131.<\/p>\n","protected":false},"author":1,"featured_media":33852,"comment_status":"open","ping_status":"open","sticky":false,"template":"","format":"standard","meta":{"footnotes":""},"categories":[4,13],"tags":[],"class_list":["post-33851","post","type-post","status-publish","format-standard","has-post-thumbnail","hentry","category-gundem","category-son-dakika"],"_links":{"self":[{"href":"https:\/\/bihavadis.com\/index.php\/wp-json\/wp\/v2\/posts\/33851","targetHints":{"allow":["GET"]}}],"collection":[{"href":"https:\/\/bihavadis.com\/index.php\/wp-json\/wp\/v2\/posts"}],"about":[{"href":"https:\/\/bihavadis.com\/index.php\/wp-json\/wp\/v2\/types\/post"}],"author":[{"embeddable":true,"href":"https:\/\/bihavadis.com\/index.php\/wp-json\/wp\/v2\/users\/1"}],"replies":[{"embeddable":true,"href":"https:\/\/bihavadis.com\/index.php\/wp-json\/wp\/v2\/comments?post=33851"}],"version-history":[{"count":1,"href":"https:\/\/bihavadis.com\/index.php\/wp-json\/wp\/v2\/posts\/33851\/revisions"}],"predecessor-version":[{"id":33855,"href":"https:\/\/bihavadis.com\/index.php\/wp-json\/wp\/v2\/posts\/33851\/revisions\/33855"}],"wp:featuredmedia":[{"embeddable":true,"href":"https:\/\/bihavadis.com\/index.php\/wp-json\/wp\/v2\/media\/33852"}],"wp:attachment":[{"href":"https:\/\/bihavadis.com\/index.php\/wp-json\/wp\/v2\/media?parent=33851"}],"wp:term":[{"taxonomy":"category","embeddable":true,"href":"https:\/\/bihavadis.com\/index.php\/wp-json\/wp\/v2\/categories?post=33851"},{"taxonomy":"post_tag","embeddable":true,"href":"https:\/\/bihavadis.com\/index.php\/wp-json\/wp\/v2\/tags?post=33851"}],"curies":[{"name":"wp","href":"https:\/\/api.w.org\/{rel}","templated":true}]}}