{"id":33917,"date":"2026-02-14T21:36:06","date_gmt":"2026-02-14T21:36:06","guid":{"rendered":"https:\/\/bihavadis.com\/?p=33917"},"modified":"2026-02-14T21:36:06","modified_gmt":"2026-02-14T21:36:06","slug":"jhon-durandan-transfer-itirafi-geldi","status":"publish","type":"post","link":"https:\/\/bihavadis.com\/index.php\/2026\/02\/14\/jhon-durandan-transfer-itirafi-geldi\/","title":{"rendered":"Jhon Duran&#8217;dan transfer itiraf\u0131 geldi"},"content":{"rendered":"<p>Fenerbah\u00e7e&#8217;nin kiral\u0131k s\u00f6zle\u015fmesini feshetti\u011fi Jhon Duran, Zenit&#8217;e transfer oldu.<\/p>\n<p>Zenit, Al Nassr&#8217;dan 22 ya\u015f\u0131ndaki Kolombiyal\u0131 futbolcuyu sezon sonuna kadar kiralad\u0131.<\/p>\n<p>Transfer s\u00fcreciyle ilgili konu\u015fan Jhon Duran dikkat \u00e7eken ifadeler kulland\u0131.<\/p>\n<p><strong>VATANDA\u015eIYLA KONU\u015eTUKTAN SONRA TERC\u0130H\u0130 ZEN\u0130T OLDU<\/strong><\/p>\n<p>Duran, Zenit&#8217;e transfer olma nedeniyle ilgili, <em><b>\u201cFarkl\u0131 se\u00e7eneklerim vard\u0131 ama kul\u00fcp temsilcileri ve Wilmar Barrios (Zenit&#8217;in Kolombiyal\u0131 orta saha oyuncusu)\u00a0ile g\u00f6r\u00fc\u015ft\u00fckten sonra Zenit\u2019e transfer olmaya karar verdim\u201d<\/b><\/em> \u015feklinde konu\u015ftu.<\/p>\n<p>Gen\u00e7 futbolcu s\u00f6zlerini \u015f\u00f6yle s\u00fcrd\u00fcrd\u00fc:<\/p>\n<p>\u201cBana Zenit\u2019in hedeflerini anlatt\u0131lar. O kadar etkilendim ki kariyerime burada devam etmek istedim. Kendim ve ailem i\u00e7in en iyi yolu se\u00e7meye \u00e7al\u0131\u015f\u0131yorum. Zenit\u2019te ba\u015far\u0131l\u0131 ve mutlu olaca\u011f\u0131ma inan\u0131yorum.\u201d<\/p>\n<p><img decoding=\"async\" src=\"https:\/\/bihavadis.com\/wp-content\/uploads\/2026\/02\/jhon-durandan-transfer-itirafi-geldi-0-udxur9cD.jpg\"\/><\/p>\n<p><strong>&#8220;\u00c7OK GOL ATMAK \u0130ST\u0130YORUM&#8221;<\/strong><\/p>\n<p>Zenit\u2019teki hedefleri sorulan Jhon Duran, <b><em>\u201cHer futbolcu gibi ben de her zaman bir numara olmak i\u00e7in \u00e7abal\u0131yorum. Tak\u0131m\u0131 \u015fampiyonlu\u011fa ve di\u011fer kupalara ta\u015f\u0131mak i\u00e7in elimden geleni yapaca\u011f\u0131m. \u00c7ok gol atmak ve tak\u0131m\u0131n geli\u015fmesine katk\u0131 sa\u011flamak istiyorum\u201d<\/em><\/b> dedi.<\/p>\n<p>\u00d6te yandan\u00a0Jhon Duran, Fenerbah\u00e7e formas\u0131yla sezonun ilk yar\u0131s\u0131nda 21 ma\u00e7ta g\u00f6rev ald\u0131. Kolombiyal\u0131 oyuncu bu s\u00fcre\u00e7te 5 gol atarken 3 asistlik katk\u0131 sa\u011flad\u0131.<\/p>\n<p><img decoding=\"async\" src=\"https:\/\/bihavadis.com\/wp-content\/uploads\/2026\/02\/jhon-durandan-transfer-itirafi-geldi-1-pIR56EdL.jpg\"\/><\/p>\n<p><img decoding=\"async\" src=\"https:\/\/bihavadis.com\/wp-content\/uploads\/2026\/02\/jhon-durandan-transfer-itirafi-geldi-2-8WRAFEMD.jpg\"\/><\/p>\n","protected":false},"excerpt":{"rendered":"<p>Sezon ba\u015f\u0131nda geldi\u011fi Fenerbah\u00e7e&#8217;den devre aras\u0131 transfer d\u00f6neminde ayr\u0131lan Jhon Duran, kiral\u0131k olarak Zenit&#8217;te forma giyecek. Bonservisi Al Nassr&#8217;da olan 22 ya\u015f\u0131ndaki golc\u00fc, Rus kul\u00fcb\u00fcn\u00fc tercih etme nedenini a\u00e7\u0131klad\u0131.<\/p>\n","protected":false},"author":1,"featured_media":33918,"comment_status":"open","ping_status":"open","sticky":false,"template":"","format":"standard","meta":{"footnotes":""},"categories":[14],"tags":[333,5040],"class_list":["post-33917","post","type-post","status-publish","format-standard","has-post-thumbnail","hentry","category-spor","tag-duran","tag-zenit"],"_links":{"self":[{"href":"https:\/\/bihavadis.com\/index.php\/wp-json\/wp\/v2\/posts\/33917","targetHints":{"allow":["GET"]}}],"collection":[{"href":"https:\/\/bihavadis.com\/index.php\/wp-json\/wp\/v2\/posts"}],"about":[{"href":"https:\/\/bihavadis.com\/index.php\/wp-json\/wp\/v2\/types\/post"}],"author":[{"embeddable":true,"href":"https:\/\/bihavadis.com\/index.php\/wp-json\/wp\/v2\/users\/1"}],"replies":[{"embeddable":true,"href":"https:\/\/bihavadis.com\/index.php\/wp-json\/wp\/v2\/comments?post=33917"}],"version-history":[{"count":1,"href":"https:\/\/bihavadis.com\/index.php\/wp-json\/wp\/v2\/posts\/33917\/revisions"}],"predecessor-version":[{"id":33922,"href":"https:\/\/bihavadis.com\/index.php\/wp-json\/wp\/v2\/posts\/33917\/revisions\/33922"}],"wp:featuredmedia":[{"embeddable":true,"href":"https:\/\/bihavadis.com\/index.php\/wp-json\/wp\/v2\/media\/33918"}],"wp:attachment":[{"href":"https:\/\/bihavadis.com\/index.php\/wp-json\/wp\/v2\/media?parent=33917"}],"wp:term":[{"taxonomy":"category","embeddable":true,"href":"https:\/\/bihavadis.com\/index.php\/wp-json\/wp\/v2\/categories?post=33917"},{"taxonomy":"post_tag","embeddable":true,"href":"https:\/\/bihavadis.com\/index.php\/wp-json\/wp\/v2\/tags?post=33917"}],"curies":[{"name":"wp","href":"https:\/\/api.w.org\/{rel}","templated":true}]}}