{"id":3399,"date":"2026-01-28T09:59:04","date_gmt":"2026-01-28T09:59:04","guid":{"rendered":"https:\/\/bihavadis.com\/?p=3399"},"modified":"2026-01-28T09:59:04","modified_gmt":"2026-01-28T09:59:04","slug":"ipekyol-grouptan-kiz-meslek-lisesine-atolye-destegi","status":"publish","type":"post","link":"https:\/\/bihavadis.com\/index.php\/2026\/01\/28\/ipekyol-grouptan-kiz-meslek-lisesine-atolye-destegi\/","title":{"rendered":"\u0130pekyol Group&#8217;tan K\u0131z Meslek Lisesi&#8217;ne At\u00f6lye Deste\u011fi"},"content":{"rendered":"<p>\n<p>T\u00dcRK\u0130YE&#8217;nin ilk k\u0131z meslek liselerinden Bursa Necatibey K\u0131z Mesleki ve Teknik Anadolu Lisesi&#8217;ndeki at\u00f6lye Ipekyol Group taraf\u0131ndan yenilendi. Proje ile mesleki e\u011fitimin niteli\u011fini art\u0131rmak, gen\u00e7 kad\u0131nlar\u0131 haz\u0131r giyim sekt\u00f6r\u00fcn\u00fcn ger\u00e7ek \u00fcretim s\u00fcre\u00e7leriyle bulu\u015fturmak ve kad\u0131n istihdam\u0131n\u0131 g\u00fc\u00e7lendirmek ama\u00e7lan\u0131yor.<\/p>\n<p>Kad\u0131n istihdam\u0131nda sekt\u00f6rde \u00f6ne \u00e7\u0131kan \u015firketlerden Ipekyol Group, at\u00f6lye projesini hayata ge\u00e7irdi. Bu kapsamda Bursa Necatibey K\u0131z Mesleki ve Teknik Anadolu Lisesi&#8217;ndeki mevcut at\u00f6lye yenilenerek g\u00fcncel \u00fcretim dinamiklerine uygun hale getirildi. At\u00f6lyede \u00f6\u011frencilerin sekt\u00f6r\u00fcn i\u015fleyi\u015fini yerinde deneyimleyebilece\u011fi bir e\u011fitim ortam\u0131 olu\u015fturuldu\u011fu kaydedildi.<\/p>\n<p>Proje ile gen\u00e7 kad\u0131nlar\u0131n mezuniyet sonras\u0131 i\u015f hayat\u0131na daha donan\u0131ml\u0131, \u00f6zg\u00fcvenli ve haz\u0131r bireyler olarak kat\u0131lmas\u0131n\u0131 hedefliyor. At\u00f6lye \u00e7al\u0131\u015fmalar\u0131, Ipekyol Group&#8217;un e\u011fitim, kad\u0131n istihdam\u0131 ve sosyal sorumluluk alanlar\u0131n\u0131 bir b\u00fct\u00fcn olarak ele alan uzun vadeli yakla\u015f\u0131m\u0131n\u0131n \u00f6nemli bir par\u00e7as\u0131 olarak konumlan\u0131yor.<\/p>\n<p>Ipekyol Group CEO&#8217;su U\u011fur Ayayd\u0131n, projeye ili\u015fkin \u015fu de\u011ferlendirmede bulundu: <\/p>\n<p>&#8220;Kad\u0131n istihdam\u0131nda y\u00fczde 83 oran\u0131yla sekt\u00f6rde \u00f6ne \u00e7\u0131kan markalardan biriyiz. Necatibey K\u0131z Meslek Lisesi \u00e7ok g\u00fc\u00e7l\u00fc bir e\u011fitim altyap\u0131s\u0131na sahip. Biz de bu g\u00fc\u00e7l\u00fc yap\u0131y\u0131 sahadaki ger\u00e7ek \u00fcretim s\u00fcre\u00e7leriyle bulu\u015fturmak istedik. Bu projeyi ge\u00e7ici bir destek olarak de\u011fil; mesleki e\u011fitimi \u00fcretimle entegre eden, kad\u0131n istihdam\u0131n\u0131 g\u00fc\u00e7lendiren uzun vadeli bir yat\u0131r\u0131m olarak g\u00f6r\u00fcyoruz.&#8221; At\u00f6lyede e\u011fitim alan \u00f6\u011frencilere de seslenen Ayayd\u0131n, gen\u00e7 kad\u0131nlar\u0131n \u00fclkenin \u00fcretim g\u00fcc\u00fc i\u00e7in ta\u015f\u0131d\u0131\u011f\u0131 potansiyele dikkat \u00e7ekti.<\/p>\n<p>Grup, T\u00fcrk E\u011fitim Vakf\u0131 (TEV) arac\u0131l\u0131\u011f\u0131yla y\u00fcr\u00fctt\u00fc\u011f\u00fc burs destekleriyle birlikte bu at\u00f6lye modelini yayg\u0131nla\u015ft\u0131rmay\u0131 ve mesleki e\u011fitimden istihdama uzanan s\u00fcrd\u00fcr\u00fclebilir bir etki alan\u0131 olu\u015fturmay\u0131 ama\u00e7l\u0131yor. Proje, k\u0131z \u00e7ocuklar\u0131n\u0131n e\u011fitimi ve kad\u0131nlar\u0131n \u00fcretim d\u00fcnyas\u0131nda daha g\u00fc\u00e7l\u00fc yer almas\u0131 a\u00e7\u0131s\u0131ndan \u00f6rnek bir sosyal etki modeli olarak \u00f6ne \u00e7\u0131k\u0131yor.<\/p>\n","protected":false},"excerpt":{"rendered":"<p>Ipekyol Group, Bursa Necatibey K\u0131z Meslek Lisesi&#8217;ndeki at\u00f6lyeyi yenileyerek kad\u0131n istihdam\u0131n\u0131 g\u00fc\u00e7lendiriyor.<\/p>\n","protected":false},"author":1,"featured_media":3400,"comment_status":"open","ping_status":"open","sticky":false,"template":"","format":"standard","meta":{"footnotes":""},"categories":[9,4,13],"tags":[438,233,439,237,375],"class_list":["post-3399","post","type-post","status-publish","format-standard","has-post-thumbnail","hentry","category-genel","category-gundem","category-son-dakika","tag-atolye","tag-egitim","tag-meslek","tag-proje","tag-uretim"],"_links":{"self":[{"href":"https:\/\/bihavadis.com\/index.php\/wp-json\/wp\/v2\/posts\/3399","targetHints":{"allow":["GET"]}}],"collection":[{"href":"https:\/\/bihavadis.com\/index.php\/wp-json\/wp\/v2\/posts"}],"about":[{"href":"https:\/\/bihavadis.com\/index.php\/wp-json\/wp\/v2\/types\/post"}],"author":[{"embeddable":true,"href":"https:\/\/bihavadis.com\/index.php\/wp-json\/wp\/v2\/users\/1"}],"replies":[{"embeddable":true,"href":"https:\/\/bihavadis.com\/index.php\/wp-json\/wp\/v2\/comments?post=3399"}],"version-history":[{"count":1,"href":"https:\/\/bihavadis.com\/index.php\/wp-json\/wp\/v2\/posts\/3399\/revisions"}],"predecessor-version":[{"id":3401,"href":"https:\/\/bihavadis.com\/index.php\/wp-json\/wp\/v2\/posts\/3399\/revisions\/3401"}],"wp:featuredmedia":[{"embeddable":true,"href":"https:\/\/bihavadis.com\/index.php\/wp-json\/wp\/v2\/media\/3400"}],"wp:attachment":[{"href":"https:\/\/bihavadis.com\/index.php\/wp-json\/wp\/v2\/media?parent=3399"}],"wp:term":[{"taxonomy":"category","embeddable":true,"href":"https:\/\/bihavadis.com\/index.php\/wp-json\/wp\/v2\/categories?post=3399"},{"taxonomy":"post_tag","embeddable":true,"href":"https:\/\/bihavadis.com\/index.php\/wp-json\/wp\/v2\/tags?post=3399"}],"curies":[{"name":"wp","href":"https:\/\/api.w.org\/{rel}","templated":true}]}}