{"id":34042,"date":"2026-02-14T22:57:06","date_gmt":"2026-02-14T22:57:06","guid":{"rendered":"https:\/\/bihavadis.com\/?p=34042"},"modified":"2026-02-14T22:57:06","modified_gmt":"2026-02-14T22:57:06","slug":"sozlesmesi-feshedildi-eyup-aydin-galatasaraya-geri-dondu","status":"publish","type":"post","link":"https:\/\/bihavadis.com\/index.php\/2026\/02\/14\/sozlesmesi-feshedildi-eyup-aydin-galatasaraya-geri-dondu\/","title":{"rendered":"S\u00f6zle\u015fmesi feshedildi! Ey\u00fcp Ayd\u0131n, Galatasaray&#8217;a geri d\u00f6nd\u00fc"},"content":{"rendered":"<p>S\u00fcper Lig ekibi Samsunspor&#8217;un sezon ba\u015f\u0131nda kiral\u0131k olarak kadrosuna katt\u0131\u011f\u0131 21 ya\u015f\u0131ndaki orta saha oyuncusu Ey\u00fcp Ayd\u0131n ile yollar ayr\u0131ld\u0131.<\/p>\n<p><b>S\u00d6ZLE\u015eMES\u0130 FESHED\u0130LD\u0130<\/b><\/p>\n<p>Samsunspor, sezon ba\u015f\u0131ndan bu yana beklenen patlamay\u0131 yapamayan Ey\u00fcp Ayd\u0131n&#8217;\u0131n kiral\u0131k s\u00f6zle\u015fmesinin feshedildi\u011fini duyurdu. Ey\u00fcp Ayd\u0131n&#8217;\u0131n Galatasaray&#8217;a geri d\u00f6nd\u00fc\u011f\u00fc TFF&#8217;ye bildirildi.<\/p>\n<p><b>KASIMPA\u015eA TEKL\u0130F YAPTI <\/b><\/p>\n<p>Ya\u011f\u0131z Sabuncuo\u011flu&#8217;nun haberine g\u00f6re; Galatasaray&#8217;a geri d\u00f6nen Ey\u00fcp i\u00e7in Kas\u0131mpa\u015fa, devreye girerek oyuncu taraf\u0131yla anla\u015fma sa\u011fland\u0131. \u0130stanbul ekibinin Galatasaray&#8217;a resmi teklifini iletti\u011fi, taraflar aras\u0131ndaki g\u00f6r\u00fc\u015fmelerin devam etti\u011fi belirtildi. <\/p>\n<p><b>SEZON PERFORMANSI<\/b><\/p>\n<p>Bu sezon t\u00fcm kulvarlarda 6 ma\u00e7ta sahada yer alan Ey\u00fcp Ayd\u0131n, bu ma\u00e7larda gol ya da asist katk\u0131s\u0131 yapamad\u0131. <\/p>\n","protected":false},"excerpt":{"rendered":"<p>Samsunspor&#8217;un kiral\u0131k s\u00f6zle\u015fmesini feshetti\u011fi Ey\u00fcp Ayd\u0131n Galatasaray&#8217;a geri d\u00f6nd\u00fc. \u00d6te yandan Kas\u0131mpa\u015fa, gen\u00e7 y\u0131ld\u0131z i\u00e7in sar\u0131-k\u0131rm\u0131z\u0131l\u0131lara teklif yapt\u0131.<\/p>\n","protected":false},"author":1,"featured_media":34043,"comment_status":"open","ping_status":"open","sticky":false,"template":"","format":"standard","meta":{"footnotes":""},"categories":[14],"tags":[5050],"class_list":["post-34042","post","type-post","status-publish","format-standard","has-post-thumbnail","hentry","category-spor","tag-eyup"],"_links":{"self":[{"href":"https:\/\/bihavadis.com\/index.php\/wp-json\/wp\/v2\/posts\/34042","targetHints":{"allow":["GET"]}}],"collection":[{"href":"https:\/\/bihavadis.com\/index.php\/wp-json\/wp\/v2\/posts"}],"about":[{"href":"https:\/\/bihavadis.com\/index.php\/wp-json\/wp\/v2\/types\/post"}],"author":[{"embeddable":true,"href":"https:\/\/bihavadis.com\/index.php\/wp-json\/wp\/v2\/users\/1"}],"replies":[{"embeddable":true,"href":"https:\/\/bihavadis.com\/index.php\/wp-json\/wp\/v2\/comments?post=34042"}],"version-history":[{"count":1,"href":"https:\/\/bihavadis.com\/index.php\/wp-json\/wp\/v2\/posts\/34042\/revisions"}],"predecessor-version":[{"id":34044,"href":"https:\/\/bihavadis.com\/index.php\/wp-json\/wp\/v2\/posts\/34042\/revisions\/34044"}],"wp:featuredmedia":[{"embeddable":true,"href":"https:\/\/bihavadis.com\/index.php\/wp-json\/wp\/v2\/media\/34043"}],"wp:attachment":[{"href":"https:\/\/bihavadis.com\/index.php\/wp-json\/wp\/v2\/media?parent=34042"}],"wp:term":[{"taxonomy":"category","embeddable":true,"href":"https:\/\/bihavadis.com\/index.php\/wp-json\/wp\/v2\/categories?post=34042"},{"taxonomy":"post_tag","embeddable":true,"href":"https:\/\/bihavadis.com\/index.php\/wp-json\/wp\/v2\/tags?post=34042"}],"curies":[{"name":"wp","href":"https:\/\/api.w.org\/{rel}","templated":true}]}}