{"id":34064,"date":"2026-02-14T23:12:07","date_gmt":"2026-02-14T23:12:07","guid":{"rendered":"https:\/\/bihavadis.com\/?p=34064"},"modified":"2026-02-14T23:12:07","modified_gmt":"2026-02-14T23:12:07","slug":"mihalgazi-belediye-baskani-zeynep-gunesin-gozyaslari","status":"publish","type":"post","link":"https:\/\/bihavadis.com\/index.php\/2026\/02\/14\/mihalgazi-belediye-baskani-zeynep-gunesin-gozyaslari\/","title":{"rendered":"Mihalgazi Belediye Ba\u015fkan\u0131 Zeynep G\u00fcne\u015f&#8217;in g\u00f6zya\u015flar\u0131"},"content":{"rendered":"<p>AK Parti \u0130nsan Haklar\u0131ndan Sorumlu Genel Ba\u015fkan Yard\u0131mc\u0131s\u0131 Yal\u00e7\u0131n, \u0130Y\u0130 Partili Mehmet Emin Korkmaz taraf\u0131ndan giyim tarz\u0131 nedeniyle sosyal medya \u00fczerinden hedef al\u0131nan Eski\u015fehir Mihalgazi Belediye Ba\u015fkan\u0131 G\u00fcne\u015f&#8217;i AK Parti Genel Merkez binas\u0131nda kabul etti.<\/p>\n<p>Burada konu\u015fan Yal\u00e7\u0131n, bu zamana kadar ba\u015f\u00f6rt\u00fcs\u00fcyle ilgili toplumsal olarak b\u00f6l\u00fcc\u00fcl\u00fck yap\u0131lmamas\u0131 gerekti\u011fini her seferinde anlatmalar\u0131na ra\u011fmen bu zihniyetin devam etti\u011fini ifade ederek, &#8220;<em><b>Bug\u00fcn bir s\u00fcr\u00fc hukuki ve siyasal d\u00fczenlemeler yap\u0131ld\u0131.<\/b><\/em><\/p>\n<p><em><b> Yasak\u00e7\u0131l\u0131k yapam\u0131yorlar, bug\u00fcn \u015f\u00fck\u00fcrler olsun \u00fcniversitelerimizde, kamu binalar\u0131m\u0131zda insanlar ba\u015f\u00f6rt\u00fcleriyle bulunabiliyorlar. <\/b><\/em><\/p>\n<p><em><b>Buna engel olam\u0131yorlar ama maalesef o al\u00e7ak zihniyet bir yerlerde saklanm\u0131\u015f, mevzilenmi\u015f ve mevzisinden \u00e7\u0131kacak yerini bekliyor. \u2018Biz asl\u0131nda ba\u015f \u00f6rt\u00fcs\u00fcne kar\u015f\u0131 de\u011filiz, t\u00fcrbana kar\u015f\u0131y\u0131z.<\/b><\/em><\/p>\n<p><em><b> Annelerimiz, anneannelerimiz gibi taksan\u0131z sorun olmaz&#8217; derlerdi. \u015ealvar\u0131yla, \u00f6rtmesiyle bir Anadolu kad\u0131n\u0131n\u0131 bile hazmedemeyecek kadar maalesef kin ve nefret dolu insanlar. <\/b><\/em><\/p>\n<p><em><b>Meselenin hukuki s\u00fcreci de ba\u015flad\u0131 \u0130n\u015fallah bizim bu zihniyetle m\u00fccadelemiz devam edecek. Zeynep Ba\u015fkan ve arkada\u015flar\u0131 tam da temsil etmesi gerekeni temsil ederek bizim gururumuz oldular<\/b><\/em>&#8221; dedi.<\/p>\n<p><strong>A\u011eLAYARAK ANLATTI<\/strong><\/p>\n<p>Bu \u00fclkenin bir ferdi olan bir insan\u0131n k\u0131l\u0131k k\u0131yafetinden dolay\u0131 hakir g\u00f6r\u00fclmesi ve rencide edilmesinin \u00e7ok \u00fcz\u00fcc\u00fc bir durum oldu\u011funu aktaran ve a\u011flayan Mihalgazi Belediye Ba\u015fkan\u0131 Zeynep G\u00fcne\u015f ise \u015fu ifadeleri kulland\u0131:<\/p>\n<p><strong>&#8220;\u0130NSAN \u00dcZ\u00dcL\u00dcYOR&#8221;<\/strong><\/p>\n<p><em><b>&#8220;Bir anne evlad\u0131n\u0131n tesellisine maruz kalmamal\u0131. Benim o\u011flumun beni aray\u0131p \u2018anne, bunlara \u00fcz\u00fclme&#8217; demesi, \u00fcz\u00fcyor. Benim teselli etmem gereken \u00e7ocuk, beni teselli ediyor. \u0130nsan \u00fcz\u00fcl\u00fcyor. Bu \u00fclkede k\u0131l\u0131k k\u0131yafetin bir anayasal hak haline gelmesi gerekiyor, bir \u00f6nce sivil anayasay\u0131 ge\u00e7ilsin.&#8221; <\/b><\/em><\/p>\n<p><strong>\u0130HRA\u00c7 ED\u0130LD\u0130<\/strong><\/p>\n<p>\u0130yi Parti S\u00f6zc\u00fcs\u00fc Bu\u011fra Kavuncu, Mihalgazi Belediye Ba\u015fkan\u0131 Zeynep G\u00fcne\u015f\u2019i k\u0131yafeti \u00fczerinden hedef alan Mehmet Emin Korkmaz&#8217;\u0131n partiden ihra\u00e7 edildi\u011fini a\u00e7\u0131klad\u0131.\u00a0<\/p>\n<p><img decoding=\"async\" src=\"https:\/\/bihavadis.com\/wp-content\/uploads\/2026\/02\/mihalgazi-belediye-baskani-zeynep-gunesin-gozyaslari-0-mVnfat4p.jpg\"\/><\/p>\n<p><img decoding=\"async\" src=\"https:\/\/bihavadis.com\/wp-content\/uploads\/2026\/02\/mihalgazi-belediye-baskani-zeynep-gunesin-gozyaslari-1-JQAwEQfF.jpg\"\/><\/p>\n<p><img decoding=\"async\" src=\"https:\/\/bihavadis.com\/wp-content\/uploads\/2026\/02\/mihalgazi-belediye-baskani-zeynep-gunesin-gozyaslari-2-mpBMFtCW.jpg\"\/><\/p>\n","protected":false},"excerpt":{"rendered":"<p>Hasan Basri Yal\u00e7\u0131n, Eski\u015fehir Mihalgazi Belediye Ba\u015fkan\u0131 Zeynep G\u00fcne\u015f ile bir araya geldi. G\u00f6r\u00fc\u015fmede konu\u015fan G\u00fcne\u015f, &#8220;Benim o\u011flumun beni aray\u0131p \u2018anne, bunlara \u00fcz\u00fclme&#8217; demesi, \u00fcz\u00fcyor&#8221; dedi.<\/p>\n","protected":false},"author":1,"featured_media":34065,"comment_status":"open","ping_status":"open","sticky":false,"template":"","format":"standard","meta":{"footnotes":""},"categories":[9,13],"tags":[516,706,563],"class_list":["post-34064","post","type-post","status-publish","format-standard","has-post-thumbnail","hentry","category-genel","category-son-dakika","tag-baskan","tag-insan","tag-parti"],"_links":{"self":[{"href":"https:\/\/bihavadis.com\/index.php\/wp-json\/wp\/v2\/posts\/34064","targetHints":{"allow":["GET"]}}],"collection":[{"href":"https:\/\/bihavadis.com\/index.php\/wp-json\/wp\/v2\/posts"}],"about":[{"href":"https:\/\/bihavadis.com\/index.php\/wp-json\/wp\/v2\/types\/post"}],"author":[{"embeddable":true,"href":"https:\/\/bihavadis.com\/index.php\/wp-json\/wp\/v2\/users\/1"}],"replies":[{"embeddable":true,"href":"https:\/\/bihavadis.com\/index.php\/wp-json\/wp\/v2\/comments?post=34064"}],"version-history":[{"count":1,"href":"https:\/\/bihavadis.com\/index.php\/wp-json\/wp\/v2\/posts\/34064\/revisions"}],"predecessor-version":[{"id":34069,"href":"https:\/\/bihavadis.com\/index.php\/wp-json\/wp\/v2\/posts\/34064\/revisions\/34069"}],"wp:featuredmedia":[{"embeddable":true,"href":"https:\/\/bihavadis.com\/index.php\/wp-json\/wp\/v2\/media\/34065"}],"wp:attachment":[{"href":"https:\/\/bihavadis.com\/index.php\/wp-json\/wp\/v2\/media?parent=34064"}],"wp:term":[{"taxonomy":"category","embeddable":true,"href":"https:\/\/bihavadis.com\/index.php\/wp-json\/wp\/v2\/categories?post=34064"},{"taxonomy":"post_tag","embeddable":true,"href":"https:\/\/bihavadis.com\/index.php\/wp-json\/wp\/v2\/tags?post=34064"}],"curies":[{"name":"wp","href":"https:\/\/api.w.org\/{rel}","templated":true}]}}