{"id":34086,"date":"2026-02-14T23:27:04","date_gmt":"2026-02-14T23:27:04","guid":{"rendered":"https:\/\/bihavadis.com\/?p=34086"},"modified":"2026-02-14T23:27:04","modified_gmt":"2026-02-14T23:27:04","slug":"izmirde-cinayet-ve-hirsizlik-davasi","status":"publish","type":"post","link":"https:\/\/bihavadis.com\/index.php\/2026\/02\/14\/izmirde-cinayet-ve-hirsizlik-davasi\/","title":{"rendered":"\u0130zmir&#8217;de Cinayet ve H\u0131rs\u0131zl\u0131k Davas\u0131"},"content":{"rendered":"<p>\n<p>\u0130ZM\u0130R&#8217;de Erdin\u00e7 Kavurt&#8217;un (81) evinde b\u0131\u00e7aklanarak \u00f6ld\u00fcr\u00fclmesine ili\u015fkin soru\u015fturmada g\u00f6zalt\u0131na al\u0131nan 7 \u015f\u00fcpheliden 4&#8217;\u00fc, tutukland\u0131. Kavurt&#8217;un o\u011flu \u015e.Y.K. (46) ile 2 \u015f\u00fcpheli ise adli kontrol \u015fart\u0131yla serbest b\u0131rak\u0131ld\u0131. \u015e.Y.K.&#8217;n\u0131n mahalleden arkada\u015flar\u0131 oldu\u011fu \u00f6\u011frenilen \u015f\u00fcphelilere, evde babas\u0131na ait \u00e7elik kasada alt\u0131n ve para bulundu\u011funu s\u00f6yledi\u011fi, ard\u0131ndan \u015f\u00fcphelilerin h\u0131rs\u0131zl\u0131k amac\u0131yla eve girdi\u011fi ihtimali \u00fczerinde duruldu\u011fu \u00f6\u011frenildi.<\/p>\n<p> Olay, 25 Aral\u0131k 2025&#8217;te Lale Mahallesi&#8217;ndeki 3 katl\u0131 apartman\u0131n giri\u015f kat\u0131nda meydana geldi. Giri\u015f katta ya\u015fayan Erdin\u00e7 Kavurt&#8217;un e\u015fi, polise e\u015finin evde b\u0131\u00e7akland\u0131\u011f\u0131n\u0131 bildirdi. \u0130hbar \u00fczerine adrese polis ve sa\u011fl\u0131k ekipleri sevk edildi. Sa\u011fl\u0131k\u00e7\u0131lar\u0131n kontrol\u00fcnde Kavurt&#8217;un \u00f6ld\u00fc\u011f\u00fc belirlendi. Kavurt&#8217;un cenazesi, otopsi i\u00e7in Adli T\u0131p Kurumu morguna kald\u0131r\u0131ld\u0131. <\/p>\n<p>Olaya ili\u015fkin \u00e7al\u0131\u015fma yapan, \u00e7evredeki g\u00fcvenlik kameralar\u0131n\u0131 incelemeye alan polis, 26 Aral\u0131k&#8217;ta Kavurt&#8217;un o\u011flu \u015e.Y.K. ile arkada\u015flar\u0131 A.M.S. (19), H.\u015e. (42), H.E. (36), H.A. (45), R.T. (41) ve H.A.&#8217;yi (52) g\u00f6zalt\u0131na ald\u0131. Polis ekiplerinin \u015e.Y.K.&#8217;n\u0131n mahalleden arkada\u015flar\u0131 oldu\u011fu \u00f6\u011frenilen \u015f\u00fcphelilere, evde babas\u0131na ait \u00e7elik kasada alt\u0131n ve para bulundu\u011funu s\u00f6yledi\u011fi, ard\u0131ndan \u015f\u00fcphelilerin h\u0131rs\u0131zl\u0131k amac\u0131yla eve girdi\u011fi ihtimali \u00fczerinde durdu\u011fu \u00f6\u011frenildi. Kavurt&#8217;un \u00e7elik kasay\u0131 almaya \u00e7al\u0131\u015fan \u015f\u00fcphelilerin seslerini duyup uykusundan uyand\u0131\u011f\u0131 ve m\u00fcdahale etmek isterken b\u0131\u00e7akland\u0131\u011f\u0131 kaydedildi.<\/p>\n<p>HIRSIZLIK ANI KAMERADA<\/p>\n<p>Soru\u015fturma kapsam\u0131nda olay g\u00fcn\u00fc A.M.S. ile H.\u015e.&#8217;nin eve girdi\u011fi, 2 \u015f\u00fcphelinin sokakta g\u00f6zc\u00fcl\u00fck yapt\u0131\u011f\u0131, di\u011fer 2 \u015f\u00fcphelinin ise ka\u00e7mak i\u00e7in otomobille mahallede bekledi\u011fi tespit edildi. Ayr\u0131ca \u015f\u00fcphelilerin olay\u0131 ger\u00e7ekle\u015ftirmeden \u00f6nce b\u00f6lgede ke\u015fif yapt\u0131klar\u0131, i\u015f yerlerine ait g\u00fcvenlik kameralar\u0131n\u0131n \u00e7al\u0131\u015f\u0131p \u00e7al\u0131\u015fmad\u0131\u011f\u0131n\u0131 kontrol ettikleri belirlendi. Evdeki incelemede; bah\u00e7edeki baz\u0131 e\u015fyalar ile buzdolab\u0131ndaki etlerin al\u0131nd\u0131\u011f\u0131 tespit edildi. H\u0131rs\u0131zl\u0131k olay\u0131 \u00e7evredeki g\u00fcvenlik kameras\u0131na yans\u0131d\u0131. G\u00f6r\u00fcnt\u00fclerde; bah\u00e7e duvar\u0131ndan atlayarak eve giren A.M.S. ve H.\u015e.&#8217;nin \u00e7e\u015fitli e\u015fyalar\u0131 al\u0131p evden ayr\u0131ld\u0131\u011f\u0131 anlar yer ald\u0131.<\/p>\n<p>ETLER\u0130 P\u0130\u015e\u0130R\u0130RKEN YAKALANDILAR<\/p>\n<p>\u015e\u00fcphelilerin, olay g\u00fcn\u00fc evdeki buzdolab\u0131ndan ald\u0131klar\u0131 etleri pi\u015firip yerken yakaland\u0131klar\u0131 belirtildi. \u015e.Y.K.&#8217;nin ise emniyetteki ifadesinde su\u00e7lamalar\u0131 reddetti\u011fi ve olayla ba\u011flant\u0131s\u0131n\u0131n olmad\u0131\u011f\u0131n\u0131 \u00f6ne s\u00fcrd\u00fc\u011f\u00fc \u00f6\u011frenildi.<\/p>\n<p>Emniyetteki i\u015flemlerinin ard\u0131ndan 29 Aral\u0131k&#8217;ta adliyeye sevk edilen \u015f\u00fcphelilerden A.M.S., H.\u015e., R.T. ve H.A. (52) tutukland\u0131. Kavurt&#8217;un o\u011flu \u015e.Y.K., di\u011fer H.A. ve H.E. ise adli kontrol \u015fart\u0131yla serbest b\u0131rak\u0131ld\u0131. <\/p>\n","protected":false},"excerpt":{"rendered":"<p>Erdin\u00e7 Kavurt&#8217;un evinde b\u0131\u00e7aklanarak \u00f6ld\u00fcr\u00fclmesiyle ilgili 4 ki\u015fi tutukland\u0131, soru\u015fturma devam ediyor.<\/p>\n","protected":false},"author":1,"featured_media":34087,"comment_status":"open","ping_status":"open","sticky":false,"template":"","format":"standard","meta":{"footnotes":""},"categories":[9,4,13],"tags":[256,246],"class_list":["post-34086","post","type-post","status-publish","format-standard","has-post-thumbnail","hentry","category-genel","category-gundem","category-son-dakika","tag-olay","tag-supheli"],"_links":{"self":[{"href":"https:\/\/bihavadis.com\/index.php\/wp-json\/wp\/v2\/posts\/34086","targetHints":{"allow":["GET"]}}],"collection":[{"href":"https:\/\/bihavadis.com\/index.php\/wp-json\/wp\/v2\/posts"}],"about":[{"href":"https:\/\/bihavadis.com\/index.php\/wp-json\/wp\/v2\/types\/post"}],"author":[{"embeddable":true,"href":"https:\/\/bihavadis.com\/index.php\/wp-json\/wp\/v2\/users\/1"}],"replies":[{"embeddable":true,"href":"https:\/\/bihavadis.com\/index.php\/wp-json\/wp\/v2\/comments?post=34086"}],"version-history":[{"count":1,"href":"https:\/\/bihavadis.com\/index.php\/wp-json\/wp\/v2\/posts\/34086\/revisions"}],"predecessor-version":[{"id":34088,"href":"https:\/\/bihavadis.com\/index.php\/wp-json\/wp\/v2\/posts\/34086\/revisions\/34088"}],"wp:featuredmedia":[{"embeddable":true,"href":"https:\/\/bihavadis.com\/index.php\/wp-json\/wp\/v2\/media\/34087"}],"wp:attachment":[{"href":"https:\/\/bihavadis.com\/index.php\/wp-json\/wp\/v2\/media?parent=34086"}],"wp:term":[{"taxonomy":"category","embeddable":true,"href":"https:\/\/bihavadis.com\/index.php\/wp-json\/wp\/v2\/categories?post=34086"},{"taxonomy":"post_tag","embeddable":true,"href":"https:\/\/bihavadis.com\/index.php\/wp-json\/wp\/v2\/tags?post=34086"}],"curies":[{"name":"wp","href":"https:\/\/api.w.org\/{rel}","templated":true}]}}