{"id":34110,"date":"2026-02-14T23:48:06","date_gmt":"2026-02-14T23:48:06","guid":{"rendered":"https:\/\/bihavadis.com\/?p=34110"},"modified":"2026-02-14T23:48:06","modified_gmt":"2026-02-14T23:48:06","slug":"alanya-ile-misir-arasinda-protokol-imzalandi","status":"publish","type":"post","link":"https:\/\/bihavadis.com\/index.php\/2026\/02\/14\/alanya-ile-misir-arasinda-protokol-imzalandi\/","title":{"rendered":"Alanya ile M\u0131s\u0131r Aras\u0131nda Protokol \u0130mzaland\u0131"},"content":{"rendered":"<p>T\u00fcrkiye Odalar ve Borsalar Birli\u011fi (TOBB) Ba\u015fkan\u0131 M. Rifat Hisarc\u0131kl\u0131o\u011flu ba\u015fkanl\u0131\u011f\u0131nda olu\u015fturulan T\u00fcrkiye heyeti ile birlikte M\u0131s\u0131r&#8217;da temaslarda bulunan Alanya Ticaret ve Sanayi Odas\u0131 (ALTSO) Ba\u015fkan\u0131 Eray Erdem, M\u0131s\u0131r&#8217;\u0131n \u00f6nemli liman kentlerinden Marsa Matrouh&#8217;ta yer alan Marsa Matrouh Ticaret Odas\u0131 ile turizm ve tar\u0131m alanlar\u0131n\u0131 kapsayan i\u015f birli\u011fi protokol\u00fcne imza att\u0131.<\/p>\n<p>Ba\u015fkan Erdem, &#8220;Bu i\u015f birli\u011fi Alanya&#8217;m\u0131z ve i\u015f d\u00fcnyam\u0131za hay\u0131rl\u0131 olsun. \u0130mzalad\u0131\u011f\u0131m\u0131z protokol kapsam\u0131nda in\u015fallah i\u015f insanlar\u0131m\u0131z \u00f6n\u00fcm\u00fczdeki s\u00fcre\u00e7te \u00f6nemli i\u015f birli\u011fi f\u0131rsatlar\u0131 yakalayacak&#8221; dedi.<\/p>\n<p>T\u00fcrkiye Odalar ve Borsalar Birli\u011fi (TOBB) Ba\u015fkan\u0131 M. Rifat Hisarc\u0131kl\u0131o\u011flu ba\u015fkanl\u0131\u011f\u0131nda olu\u015fturulan T\u00fcrkiye heyeti ile birlikte M\u0131s\u0131r&#8217;da temaslarda bulunan Ba\u015fkan Erdem, iki \u00fclke i\u015f d\u00fcnyas\u0131 aras\u0131ndaki ili\u015fkileri g\u00fc\u00e7lendirmeyi hedefleyen \u00f6nemli g\u00f6r\u00fc\u015fmeler de ger\u00e7ekle\u015ftirdi.<\/p>\n<p>M\u0131s\u0131r temaslar\u0131 ile ilgili olarak bir a\u00e7\u0131klama yapan Ba\u015fkan Erdem \u015funlar\u0131 s\u00f6yledi: &#8220;T\u00fcrkiye Odalar ve Borsalar Birli\u011fi (TOBB) Ba\u015fkan\u0131m\u0131z Say\u0131n M. Rifat Hisarc\u0131kl\u0131o\u011flu ba\u015fkanl\u0131\u011f\u0131nda olu\u015fan T\u00fcrkiye heyetimiz ile birlikte M\u0131s\u0131r Ticaret ve Sanayi Odalar\u0131 Federasyonu&#8217;nun ev sahipli\u011finde d\u00fczenlenen T\u00fcrkiye-M\u0131s\u0131r Oda ve Borsalar \u0130\u015f Birli\u011fi Forumu&#8217;na kat\u0131ld\u0131k. M\u0131s\u0131r Maliye Bakan\u0131 Ahmed Kouchouk&#8217;un \u00e7evrim i\u00e7i kat\u0131ld\u0131\u011f\u0131 toplant\u0131da; T\u00fcrkiye Cumhuriyeti Kahire B\u00fcy\u00fckel\u00e7isi Salih Mutlu \u015een, M\u0131s\u0131r Ticaret ve Sanayi Odalar\u0131 Federasyonu Ba\u015fkan\u0131 Ahmet Al Wakil&#8217;in de yer ald\u0131\u011f\u0131 toplant\u0131da iki \u00fclke aras\u0131ndaki i\u015f birli\u011fi temaslar\u0131n\u0131 ele ald\u0131k.<\/p>\n<p>Toplant\u0131 sonunda ise M\u0131s\u0131r&#8217;\u0131n \u00f6nemli liman kentlerinden olan Marsa Matrouh da yer alan Marsa Matrouh Ticaret Odas\u0131 ile turizm ve tar\u0131m alanlar\u0131n\u0131 kapsayan i\u015f birli\u011fi protokol\u00fc imzalad\u0131k. Marsa Matrouh Ticaret Odas\u0131 Ba\u015fkan\u0131m\u0131z Say\u0131n Kassem Taher Eissa ile imzalad\u0131\u011f\u0131m\u0131z protokol ile Alanya&#8217;m\u0131zda faaliyet g\u00f6steren i\u015f insanlar\u0131m\u0131z ile M\u0131s\u0131r&#8217;da faaliyet g\u00f6steren i\u015f insanlar\u0131m\u0131z\u0131n \u00f6zellikle turizm ve tar\u0131m sekt\u00f6rlerinde yeni yat\u0131r\u0131m ve i\u015f birli\u011fi f\u0131rsatlar\u0131 olu\u015fturmay\u0131 hedefliyoruz.T\u00fcrkiye\u2013M\u0131s\u0131r ekonomik ili\u015fkilerine ve Alanya i\u015f d\u00fcnyas\u0131n\u0131n d\u0131\u015f ticaret hacmine \u00f6nemli katk\u0131lar sunaca\u011f\u0131na inand\u0131\u011f\u0131m\u0131z anla\u015fmam\u0131z Alanya&#8217;m\u0131za ve i\u015f d\u00fcnyam\u0131za hay\u0131rl\u0131 u\u011furlu olsun.&#8221; &#8211; ANTALYA<\/p>\n","protected":false},"excerpt":{"rendered":"<p>Alanya Ticaret ve Sanayi Odas\u0131, M\u0131s\u0131r&#8217;da turizm ve tar\u0131m i\u00e7in i\u015f birli\u011fi protokol\u00fc imzalad\u0131.<\/p>\n","protected":false},"author":1,"featured_media":34111,"comment_status":"open","ping_status":"open","sticky":false,"template":"","format":"standard","meta":{"footnotes":""},"categories":[8],"tags":[395,1662,899,406,197],"class_list":["post-34110","post","type-post","status-publish","format-standard","has-post-thumbnail","hentry","category-ekonomi","tag-is","tag-is-birligi","tag-misir","tag-ticaret","tag-turkiye"],"_links":{"self":[{"href":"https:\/\/bihavadis.com\/index.php\/wp-json\/wp\/v2\/posts\/34110","targetHints":{"allow":["GET"]}}],"collection":[{"href":"https:\/\/bihavadis.com\/index.php\/wp-json\/wp\/v2\/posts"}],"about":[{"href":"https:\/\/bihavadis.com\/index.php\/wp-json\/wp\/v2\/types\/post"}],"author":[{"embeddable":true,"href":"https:\/\/bihavadis.com\/index.php\/wp-json\/wp\/v2\/users\/1"}],"replies":[{"embeddable":true,"href":"https:\/\/bihavadis.com\/index.php\/wp-json\/wp\/v2\/comments?post=34110"}],"version-history":[{"count":1,"href":"https:\/\/bihavadis.com\/index.php\/wp-json\/wp\/v2\/posts\/34110\/revisions"}],"predecessor-version":[{"id":34112,"href":"https:\/\/bihavadis.com\/index.php\/wp-json\/wp\/v2\/posts\/34110\/revisions\/34112"}],"wp:featuredmedia":[{"embeddable":true,"href":"https:\/\/bihavadis.com\/index.php\/wp-json\/wp\/v2\/media\/34111"}],"wp:attachment":[{"href":"https:\/\/bihavadis.com\/index.php\/wp-json\/wp\/v2\/media?parent=34110"}],"wp:term":[{"taxonomy":"category","embeddable":true,"href":"https:\/\/bihavadis.com\/index.php\/wp-json\/wp\/v2\/categories?post=34110"},{"taxonomy":"post_tag","embeddable":true,"href":"https:\/\/bihavadis.com\/index.php\/wp-json\/wp\/v2\/tags?post=34110"}],"curies":[{"name":"wp","href":"https:\/\/api.w.org\/{rel}","templated":true}]}}