{"id":34151,"date":"2026-02-15T00:18:04","date_gmt":"2026-02-15T00:18:04","guid":{"rendered":"https:\/\/bihavadis.com\/?p=34151"},"modified":"2026-02-15T00:18:04","modified_gmt":"2026-02-15T00:18:04","slug":"turkish-business-forum-resmi-acilisini-gerceklestirdi","status":"publish","type":"post","link":"https:\/\/bihavadis.com\/index.php\/2026\/02\/15\/turkish-business-forum-resmi-acilisini-gerceklestirdi\/","title":{"rendered":"&#8216;Turkish Business Forum&#8217; resmi a\u00e7\u0131l\u0131\u015f\u0131n\u0131 ger\u00e7ekle\u015ftirdi"},"content":{"rendered":"<p><span><span><span><b><span>T\u00fcrkiye ile Birle\u015fik Krall\u0131k aras\u0131ndaki ticari ve ekonomik ili\u015fkileri g\u00fc\u00e7lendirmek amac\u0131yla kurulan Turkish Business Forum, 11 \u015eubat\u2019ta Londra\u2019da d\u00fczenlenen resepsiyonla resmi a\u00e7\u0131l\u0131\u015f\u0131n\u0131 ger\u00e7ekle\u015ftirdi.<\/span><\/b><\/span><\/span><\/span><\/p>\n<p><span><span><span><span>Londra\u2019n\u0131n merkezinde d\u00fczenlenen programa, T\u00fcrkiye Cumhuriyeti, Kuzey K\u0131br\u0131s T\u00fcrk Cumhuriyeti ve Azerbaycan diplomatik temsilcilerinin yan\u0131 s\u0131ra 100\u2019\u00fcn \u00fczerinde i\u015f insan\u0131 kat\u0131ld\u0131. A\u00e7\u0131l\u0131\u015f\u0131n, iki \u00fclke aras\u0131ndaki ticaret hacminin art\u0131r\u0131lmas\u0131na y\u00f6nelik \u00f6nemli bir ad\u0131m oldu\u011fu vurguland\u0131.<\/span><\/span><\/span><\/span><\/p>\n<p><span><span><span><span>T\u00f6rene, T.C. Londra B\u00fcy\u00fckel\u00e7isi Osman Koray Erta\u015f, KKTC Londra Temsilcisi B\u00fcy\u00fckel\u00e7i Aysan Mullahasan At\u0131lgan, T.C. Londra Ba\u015fkonsolosu Do\u00e7. Dr. Hasan Ulusoy ile Azerbaycan B\u00fcy\u00fckel\u00e7ili\u011fi M\u00fcste\u015far\u0131 Rashad Vahabzade ve \u00d6zel Kalem M\u00fcd\u00fcr\u00fc Eltay Aslanov kat\u0131ld\u0131.<\/span><\/span><\/span><\/span><\/p>\n<p><span><span><span><span>Diplomatik temsilciler, forumun iki \u00fclke aras\u0131ndaki ekonomik i\u015f birli\u011fine katk\u0131 sa\u011flayaca\u011f\u0131n\u0131 ifade etti.<\/span><\/span><\/span><\/span><\/p>\n<p><span><span><span><span>Turkish Business Forum\u2019un, T\u00fcrk ve \u0130ngiliz i\u015f d\u00fcnyas\u0131 aras\u0131nda s\u00fcrd\u00fcr\u00fclebilir b\u00fcy\u00fcme ve stratejik i\u015f birli\u011fini destekleyen bir platform olmay\u0131 hedefledi\u011fi belirtildi.<\/span><\/span><\/span><\/span><\/p>\n<p><span><span><span><b><span>Ama\u00e7: T\u00fcrk i\u015f insanlar\u0131n\u0131 globalde g\u00f6r\u00fcn\u00fcr k\u0131lmak<\/span><\/b><\/span><\/span><\/span><\/p>\n<p><span><span><span><span>A\u00e7\u0131l\u0131\u015fta konu\u015fan Y\u00f6netim Kurulu \u00fcyeleri, forumun temel amac\u0131n\u0131n T\u00fcrk i\u015f insanlar\u0131n\u0131n k\u00fcresel \u00f6l\u00e7ekte g\u00f6r\u00fcn\u00fcrl\u00fc\u011f\u00fcn\u00fc art\u0131rmak ve Birle\u015fik Krall\u0131k i\u015f d\u00fcnyas\u0131yla g\u00fc\u00e7l\u00fc ba\u011flar kurmak oldu\u011funu kaydetti. \u00dcyelerin sekt\u00f6rel bilgi, pazar istihbarat\u0131 ve i\u015f a\u011f\u0131 imkanlar\u0131yla desteklenece\u011fi ifade edildi.<\/span><\/span><\/span><\/span><\/p>\n<p><span><span><span><span>A\u00e7\u0131l\u0131\u015fta ev sahipli\u011fi yapan Y\u00f6netim Kurulu \u00dcyeleri; Alaattin \u00c7a\u011f\u0131l, Ali Fuat G\u00fcrlen, Burcu Sar\u0131ca T\u00fcrk, Dr. Murat Da\u011f\u0131tma\u00e7, Dr. Talha \u00d6cal, Erkan Tepek\u00f6y, Erdem K\u00f6m\u00fcrc\u00fc, G\u00fclender Samut, Kemal Ulun, Mustafa Kay\u0131r\u0131c\u0131, Okan Y\u0131ld\u0131z, Osman Turan Bilgi\u00e7, Zafer \u00c7al\u0131\u015f ve Ya\u011fmur \u015eim\u015fek, forumun misyonunu \u015fu s\u00f6zlerle \u00f6zetledi; <\/span><\/span><\/span><\/span><\/p>\n<p><span><span><span><span>&#8220;Temel amac\u0131m\u0131z, T\u00fcrk i\u015f insanlar\u0131n\u0131 global \u00f6l\u00e7ekte daha g\u00f6r\u00fcn\u00fcr k\u0131lmak ve Birle\u015fik Krall\u0131k i\u015f d\u00fcnyas\u0131 ile organik, g\u00fc\u00e7l\u00fc ba\u011flar kurmakt\u0131r. \u00dcyelerimizi sekt\u00f6rel bilgi, pazar istihbarat\u0131 ve nitelikli network ile donatarak, ticari ba\u015far\u0131n\u0131n \u00f6tesinde k\u00fclt\u00fcrel ve stratejik bir birliktelik in\u015fa etmeyi hedefliyoruz.&#8221;<\/span><\/span><\/span><\/span><\/p>\n<p><span><span><span><b><span>T\u00fcrk giri\u015fimciler i\u00e7in yeni f\u0131rsatlar<\/span><\/b><\/span><\/span><\/span><\/p>\n<p><span><span><span><span>Etkinli\u011fe farkl\u0131 sekt\u00f6rlerden 100\u2019den fazla i\u015f insan\u0131 kat\u0131l\u0131rken; forumun ticaret, e\u011fitim ve dan\u0131\u015fmanl\u0131k alanlar\u0131nda sa\u011flayaca\u011f\u0131 katk\u0131lar\u0131n Birle\u015fik Krall\u0131k\u2019taki T\u00fcrk giri\u015fimciler a\u00e7\u0131s\u0131ndan yeni f\u0131rsatlar olu\u015fturaca\u011f\u0131 belirtildi.<\/span><\/span><\/span><\/span><\/p>\n<p><span><span><span><span>Turkish Business Forum\u2019un, Birle\u015fik Krall\u0131k\u2019taki T\u00fcrk i\u015f camias\u0131n\u0131 temsil eden bir platform olarak iki \u00fclke aras\u0131ndaki i\u015f birli\u011fini ve s\u00fcrd\u00fcr\u00fclebilir b\u00fcy\u00fcmeyi destekleyen projeler y\u00fcr\u00fctmeyi ama\u00e7lad\u0131\u011f\u0131 bildirildi.<\/span><\/span><\/span><\/span><\/p>\n<p>\u00a0<\/p>\n<p>Kaynak: (BYZHA) Beyaz Haber Ajans\u0131<\/p>\n","protected":false},"excerpt":{"rendered":"<p>T\u00fcrkiye ile Birle\u015fik Krall\u0131k aras\u0131ndaki ticari ve ekonomik ili\u015fkileri g\u00fc\u00e7lendirmek amac\u0131yla kurulan Turkish Business Forum, 11 \u015eubat\u2019ta Londra\u2019da d\u00fczenlenen resepsiyonla resmi a\u00e7\u0131l\u0131\u015f\u0131n\u0131 ger\u00e7ekle\u015ftirdi.<\/p>\n","protected":false},"author":1,"featured_media":34152,"comment_status":"open","ping_status":"open","sticky":false,"template":"","format":"standard","meta":{"footnotes":""},"categories":[8],"tags":[5060,395,3256,517],"class_list":["post-34151","post","type-post","status-publish","format-standard","has-post-thumbnail","hentry","category-ekonomi","tag-birlesik-krallik","tag-is","tag-londra","tag-turk"],"_links":{"self":[{"href":"https:\/\/bihavadis.com\/index.php\/wp-json\/wp\/v2\/posts\/34151","targetHints":{"allow":["GET"]}}],"collection":[{"href":"https:\/\/bihavadis.com\/index.php\/wp-json\/wp\/v2\/posts"}],"about":[{"href":"https:\/\/bihavadis.com\/index.php\/wp-json\/wp\/v2\/types\/post"}],"author":[{"embeddable":true,"href":"https:\/\/bihavadis.com\/index.php\/wp-json\/wp\/v2\/users\/1"}],"replies":[{"embeddable":true,"href":"https:\/\/bihavadis.com\/index.php\/wp-json\/wp\/v2\/comments?post=34151"}],"version-history":[{"count":1,"href":"https:\/\/bihavadis.com\/index.php\/wp-json\/wp\/v2\/posts\/34151\/revisions"}],"predecessor-version":[{"id":34153,"href":"https:\/\/bihavadis.com\/index.php\/wp-json\/wp\/v2\/posts\/34151\/revisions\/34153"}],"wp:featuredmedia":[{"embeddable":true,"href":"https:\/\/bihavadis.com\/index.php\/wp-json\/wp\/v2\/media\/34152"}],"wp:attachment":[{"href":"https:\/\/bihavadis.com\/index.php\/wp-json\/wp\/v2\/media?parent=34151"}],"wp:term":[{"taxonomy":"category","embeddable":true,"href":"https:\/\/bihavadis.com\/index.php\/wp-json\/wp\/v2\/categories?post=34151"},{"taxonomy":"post_tag","embeddable":true,"href":"https:\/\/bihavadis.com\/index.php\/wp-json\/wp\/v2\/tags?post=34151"}],"curies":[{"name":"wp","href":"https:\/\/api.w.org\/{rel}","templated":true}]}}