{"id":34154,"date":"2026-02-15T00:21:05","date_gmt":"2026-02-15T00:21:05","guid":{"rendered":"https:\/\/bihavadis.com\/?p=34154"},"modified":"2026-02-15T00:21:05","modified_gmt":"2026-02-15T00:21:05","slug":"super-ligde-23-hafta-programina-ramazan-duzenlemesi","status":"publish","type":"post","link":"https:\/\/bihavadis.com\/index.php\/2026\/02\/15\/super-ligde-23-hafta-programina-ramazan-duzenlemesi\/","title":{"rendered":"S\u00fcper Lig&#8217;de 23. hafta program\u0131na &#8216;Ramazan&#8217; d\u00fczenlemesi"},"content":{"rendered":"<p>T\u00fcrkiye Futbol Federasyonu (TFF), S\u00fcper Lig&#8217;de 23. hafta ma\u00e7lar\u0131n\u0131n program\u0131n\u0131 duyurdu.<\/p>\n<p>TFF&#8217;den yap\u0131lan a\u00e7\u0131klamaya g\u00f6re, UEFA turnuvalar\u0131nda m\u00fccadele eden tak\u0131mlar\u0131n play-off m\u00fcsabakalar\u0131n\u0131n aras\u0131na denk gelen 23. hafta kar\u015f\u0131la\u015fmalar\u0131n\u0131n tarihleri, Galatasaray, Fenerbah\u00e7e ve Samsunspor ile yap\u0131lan isti\u015fareler neticesinde planland\u0131.<\/p>\n<p><strong>RAMAZAN AYI D\u00dcZENLEMES\u0130 YAPILDI<\/strong><\/p>\n<p>Bununla birlikte, Ramazan ay\u0131nda oynanacak olan m\u00fcsabakalarda ma\u00e7 saatleri, iftar vakitleri de dikkate al\u0131narak 13.30, 16.00 ve 20.00 olarak belirlendi.<\/p>\n<p>S\u00fcper Lig&#8217;de 23. hafta program\u0131 \u015f\u00f6yle:<\/p>\n<p><b>20 \u015eubat Cuma<\/b><\/p>\n<p>20.00 Rizespor &#8211; Kocaelispor<\/p>\n<p><b>21 \u015eubat Cumartesi<\/b><\/p>\n<p>13.30 Ey\u00fcpspor &#8211; Gen\u00e7lerbirli\u011fi<\/p>\n<p>16.00 Alanyaspor &#8211; Ba\u015fak\u015fehir<\/p>\n<p>20.00 Konyaspor &#8211; Galatasaray<\/p>\n<p><b>22 \u015eubat Pazar<\/b><\/p>\n<p>13.30 Kayserispor &#8211; Antalyaspor<\/p>\n<p>16.00 Gaziantep FK &#8211; Trabzonspor<\/p>\n<p>20.00 Fatih Karag\u00fcmr\u00fck &#8211; Samsunspor<\/p>\n<p>20.00 Be\u015fikta\u015f &#8211; G\u00f6ztepe<\/p>\n<p><b>23 \u015eubat Pazartesi<\/b><\/p>\n<p>20.00 Fenerbah\u00e7e &#8211; Kas\u0131mpa\u015fa<\/p>\n<p><img decoding=\"async\" src=\"https:\/\/bihavadis.com\/wp-content\/uploads\/2026\/02\/super-ligde-23-hafta-programina-ramazan-duzenlemesi-0-ChREtTzA.jpg\"\/><\/p>\n","protected":false},"excerpt":{"rendered":"<p>S\u00fcper Lig&#8217;de 23. hafta m\u00fcsabakalar\u0131na ili\u015fkin program a\u00e7\u0131kland\u0131. Ligde 23. haftan\u0131n g\u00fcnd\u00fcz seans\u0131ndaki ma\u00e7lar Ramazan ay\u0131 dolay\u0131s\u0131yla 13.30 ve 16.00&#8217;da ba\u015flayacak.<\/p>\n","protected":false},"author":1,"featured_media":34155,"comment_status":"open","ping_status":"open","sticky":false,"template":"","format":"standard","meta":{"footnotes":""},"categories":[14],"tags":[4928],"class_list":["post-34154","post","type-post","status-publish","format-standard","has-post-thumbnail","hentry","category-spor","tag-20-00"],"_links":{"self":[{"href":"https:\/\/bihavadis.com\/index.php\/wp-json\/wp\/v2\/posts\/34154","targetHints":{"allow":["GET"]}}],"collection":[{"href":"https:\/\/bihavadis.com\/index.php\/wp-json\/wp\/v2\/posts"}],"about":[{"href":"https:\/\/bihavadis.com\/index.php\/wp-json\/wp\/v2\/types\/post"}],"author":[{"embeddable":true,"href":"https:\/\/bihavadis.com\/index.php\/wp-json\/wp\/v2\/users\/1"}],"replies":[{"embeddable":true,"href":"https:\/\/bihavadis.com\/index.php\/wp-json\/wp\/v2\/comments?post=34154"}],"version-history":[{"count":1,"href":"https:\/\/bihavadis.com\/index.php\/wp-json\/wp\/v2\/posts\/34154\/revisions"}],"predecessor-version":[{"id":34157,"href":"https:\/\/bihavadis.com\/index.php\/wp-json\/wp\/v2\/posts\/34154\/revisions\/34157"}],"wp:featuredmedia":[{"embeddable":true,"href":"https:\/\/bihavadis.com\/index.php\/wp-json\/wp\/v2\/media\/34155"}],"wp:attachment":[{"href":"https:\/\/bihavadis.com\/index.php\/wp-json\/wp\/v2\/media?parent=34154"}],"wp:term":[{"taxonomy":"category","embeddable":true,"href":"https:\/\/bihavadis.com\/index.php\/wp-json\/wp\/v2\/categories?post=34154"},{"taxonomy":"post_tag","embeddable":true,"href":"https:\/\/bihavadis.com\/index.php\/wp-json\/wp\/v2\/tags?post=34154"}],"curies":[{"name":"wp","href":"https:\/\/api.w.org\/{rel}","templated":true}]}}