{"id":34161,"date":"2026-02-15T00:27:06","date_gmt":"2026-02-15T00:27:06","guid":{"rendered":"https:\/\/bihavadis.com\/?p=34161"},"modified":"2026-02-15T00:27:06","modified_gmt":"2026-02-15T00:27:06","slug":"baskan-buyukakindan-ihracata-tam-destek","status":"publish","type":"post","link":"https:\/\/bihavadis.com\/index.php\/2026\/02\/15\/baskan-buyukakindan-ihracata-tam-destek\/","title":{"rendered":"Ba\u015fkan B\u00fcy\u00fckak\u0131n&#8217;dan ihracata tam destek"},"content":{"rendered":"<p>Gebze&#8217;nin ihracat \u015fampiyonu firmalar, Ticaret Bakan\u0131 Prof. Dr. \u00d6mer Bolat&#8217;\u0131n da kat\u0131ld\u0131\u011f\u0131 t\u00f6renle \u00f6d\u00fcllendirildi. Kocaeli B\u00fcy\u00fck\u015fehir Belediye Ba\u015fkan\u0131 B\u00fcy\u00fckak\u0131n, \u00f6d\u00fcl t\u00f6reninde yapt\u0131\u011f\u0131 konu\u015fmada sanayicilere ve i\u015f insanlar\u0131na seslendi: &#8220;Her zaman yan\u0131n\u0131zda oldu\u011fumuzu unutmay\u0131n.&#8221;<\/p>\n<p><b>\u0130LK DURAK M\u00dcS\u0130AD GEBZE<\/b><\/p>\n<p>Ticaret Bakan\u0131 Prof. Dr. \u00d6mer Bolat ve Kocaeli B\u00fcy\u00fck\u015fehir Belediye Ba\u015fkan\u0131 Tahir B\u00fcy\u00fckak\u0131n, g\u00fcn\u00fcn ilk program\u0131nda M\u00dcS\u0130AD Gebze \u015eube Ba\u015fkan\u0131 Abd\u00fclkadir An\u0131k, y\u00f6neticiler ve \u00fcyeler ile bir araya geldi. Dernek \u00fcyesi sanayici ve i\u015f insanlar\u0131n\u0131n yo\u011fun ilgi g\u00f6sterdi\u011fi program\u0131n ard\u0131ndan protokol \u00fcyeleri, Gebze Ticaret Odas\u0131\u2019n\u0131n ev sahipli\u011finde, Gebze Teknik \u00dcniversitesi Kongre Merkezi\u2019nde ger\u00e7ekle\u015ftirilen \u0130hracat\u0131n Liderleri \u00d6d\u00fcl T\u00f6reni&#8217;ne kat\u0131ld\u0131.<\/p>\n<p><b>KOCAEL\u0130&#8217;N\u0130N EKONOM\u0130K G\u00dcC\u00dc TESC\u0130LLEND\u0130<\/b><\/p>\n<p>Vali \u0130lhami Akta\u015f, AK Parti Kocaeli Milletvekilleri Prof. Dr. Sadettin H\u00fclag\u00fc, Radiye Sezer Kat\u0131rc\u0131o\u011flu, Veysel Tipio\u011flu, Cemil Yaman, CHP Milletvekili Nail \u00c7iler, \u0130Y\u0130 Parti Milletvekili L\u00fctf\u00fc T\u00fcrkkan, YRP Milletvekili Mehmet A\u015f\u0131la, AK Parti \u0130l Ba\u015fkan\u0131 Dr. \u015eahin Talus, KO\u00dc Rekt\u00f6r\u00fc Prof. Dr. Nuh Zafer Cant\u00fcrk, Gebze Teknik \u00dcniversitesi Rekt\u00f6r\u00fc Prof. Dr. Hac\u0131 Ali Mantar, T\u00fcrkiye \u0130hracat\u00e7\u0131lar Meclisi Ba\u015fkan Vekili Adil Pelister, GTO Ba\u015fkan\u0131 Abdurrahman Aslanta\u015f ve KSO Ba\u015fkan\u0131 Ayhan Zeytino\u011flu&#8217;nun kat\u0131ld\u0131\u011f\u0131 t\u00f6rene sanayiciler ve i\u015f insanlar\u0131n\u0131n ilgisi yo\u011fundu.<\/p>\n<p><b>BAKAN BOLAT, RAKAMLARLA KOCAEL\u0130&#8217;Y\u0130 ANLATTI<\/b><\/p>\n<p>T\u00f6rende konu\u015fan Bakan Bolat, Kocaeli\u2019nin toplam 35 milyar dolarl\u0131k ihracat ger\u00e7ekle\u015ftirdi\u011fini a\u00e7\u0131klad\u0131. Bolat, \u201cKocaeli, T\u00fcrkiye\u2019nin mal ihracat\u0131n\u0131n yakla\u015f\u0131k y\u00fczde 12.5&#8217;ini ger\u00e7ekle\u015ftiriyor. Gebze ise T\u00fcrkiye\u2019nin mal ihracat\u0131n\u0131n y\u00fczde 3.65\u2019ini tek ba\u015f\u0131na yap\u0131yor. Kocaeli, \u0130stanbul\u2019dan sonra T\u00fcrkiye\u2019nin ikinci b\u00fcy\u00fck ihracat\u00e7\u0131 kenti. Kocaeli, ge\u00e7en y\u0131l T\u00fcrkiye genelinde 11,7 milyar dolarl\u0131k net ihracat art\u0131\u015f\u0131 sa\u011flad\u0131&#8221; dedi. Bolat, k\u00fcresel ticarette korumac\u0131l\u0131\u011f\u0131n artt\u0131\u011f\u0131n\u0131 vurgulayarak, &#8220;E\u011fer durursak bizi ge\u00e7erler; gerilersek daha fazla ge\u00e7erler. Bu nedenle \u00fcretmeye, b\u00fcy\u00fcmeye ve T\u00fcrkiye Y\u00fczy\u0131l\u0131 hedefleri do\u011frultusunda ilerlemeye devam edece\u011fiz\u201d ifadesini kulland\u0131.<\/p>\n<p><b>BA\u015eKAN B\u00dcY\u00dcKAKIN&#8217;DAN \u00c7A\u011eRI<\/b><\/p>\n<p>Listeye girmeyi ba\u015faran firmalar\u0131 tebrik eden Ba\u015fkan B\u00fcy\u00fckak\u0131n, \u201cT\u00fcrkiye&#8217;nin yurt d\u0131\u015f\u0131na mal sat\u0131yor olmas\u0131, T\u00fcrkiye&#8217;nin asl\u0131nda gelecekteki varl\u0131k m\u00fccadelesinin de en b\u00fcy\u00fck g\u00f6stergesi. \u00dclkemizin s\u00fcrd\u00fcr\u00fclebilir ekonomisi i\u00e7in ya var olan s\u00fcreci verimli hale getirece\u011fiz ya da yeni bir \u015fey bulup daha rekabet\u00e7i olaca\u011f\u0131z. Bunun \u00fc\u00e7\u00fcnc\u00fc bir ba\u015fl\u0131\u011f\u0131 yok. Lafla peynir gemisi y\u00fcr\u00fcmez. \u0130\u015f insanlar\u0131m\u0131z\u0131n \u00f6n\u00fc a\u00e7\u0131lmasayd\u0131, rekabet\u00e7ili\u011fi art\u0131racak te\u015fvik politikalar\u0131 uygulanmasayd\u0131 bunlar\u0131n hi\u00e7biri bug\u00fcn m\u00fcmk\u00fcn olmayacakt\u0131. Daha b\u00fcy\u00fck olmak, d\u00fcnya piyasalar\u0131na y\u00f6n vermek istiyorsan\u0131z, b\u00fcy\u00fck d\u00fc\u015f\u00fcnmek zorundas\u0131n\u0131z. B\u00fcy\u00fck\u015fehir Belediye Ba\u015fkan\u0131 olarak yan\u0131n\u0131zday\u0131z, yeter ki siz ihracat yap\u0131n\u201d \u015feklinde konu\u015ftu.<\/p>\n<p><b>63 F\u0130RMA \u00d6D\u00dcLLEND\u0130R\u0130LD\u0130<\/b><\/p>\n<p>Abdurrahman Aslanta\u015f t\u00f6rende yapt\u0131\u011f\u0131 konu\u015fmada, \u201cGTO olarak \u00fcyelerimizin ihracat kapasitesini art\u0131rmalar\u0131 ve k\u00fcresel rekabette daha g\u00fc\u00e7l\u00fc bir konuma ula\u015fmalar\u0131 temel \u00f6nceliklerimiz aras\u0131ndad\u0131r\u201d dedi. Adil Pelister ise, \u201cBizim i\u00e7in Gebze, T\u00fcrkiye ekonomisinin sahadaki kar\u015f\u0131l\u0131\u011f\u0131d\u0131r\u201d dedi. Vali \u0130lhami Akta\u015f da, \u201c\u0130hracat rakamlar\u0131 i\u00e7erisinde \u0130stanbul\u2019un ard\u0131ndan Kocaeli ikinci s\u0131rada. Kocaeli, 20 y\u0131l \u00f6nceki ihracat rakamlar\u0131n\u0131 tek ba\u015f\u0131na bir il olarak yakalam\u0131\u015f bir \u015fehir&#8221; bilgisini verdi. T\u00f6ren, &#8220;\u0130lk 1.000 \u0130hracat\u00e7\u0131&#8221; listesinde yer alan GTO \u00fcyesi 63 firmaya \u00f6d\u00fcllerin takdim edilmesi ile sona erdi.<\/p>\n<p>\u00a0<\/p>\n<p>Kaynak: (BYZHA) Beyaz Haber Ajans\u0131<\/p>\n","protected":false},"excerpt":{"rendered":"<p>Gebze&#8217;nin ihracat \u015fampiyonu firmalar, Ticaret Bakan\u0131 Prof. Dr. \u00d6mer Bolat&#8217;\u0131n da kat\u0131ld\u0131\u011f\u0131 t\u00f6renle \u00f6d\u00fcllendirildi.<\/p>\n","protected":false},"author":1,"featured_media":34162,"comment_status":"open","ping_status":"open","sticky":false,"template":"","format":"standard","meta":{"footnotes":""},"categories":[8],"tags":[986,1050,396,240,197],"class_list":["post-34161","post","type-post","status-publish","format-standard","has-post-thumbnail","hentry","category-ekonomi","tag-baskani","tag-gebze","tag-ihracat","tag-kocaeli","tag-turkiye"],"_links":{"self":[{"href":"https:\/\/bihavadis.com\/index.php\/wp-json\/wp\/v2\/posts\/34161","targetHints":{"allow":["GET"]}}],"collection":[{"href":"https:\/\/bihavadis.com\/index.php\/wp-json\/wp\/v2\/posts"}],"about":[{"href":"https:\/\/bihavadis.com\/index.php\/wp-json\/wp\/v2\/types\/post"}],"author":[{"embeddable":true,"href":"https:\/\/bihavadis.com\/index.php\/wp-json\/wp\/v2\/users\/1"}],"replies":[{"embeddable":true,"href":"https:\/\/bihavadis.com\/index.php\/wp-json\/wp\/v2\/comments?post=34161"}],"version-history":[{"count":1,"href":"https:\/\/bihavadis.com\/index.php\/wp-json\/wp\/v2\/posts\/34161\/revisions"}],"predecessor-version":[{"id":34163,"href":"https:\/\/bihavadis.com\/index.php\/wp-json\/wp\/v2\/posts\/34161\/revisions\/34163"}],"wp:featuredmedia":[{"embeddable":true,"href":"https:\/\/bihavadis.com\/index.php\/wp-json\/wp\/v2\/media\/34162"}],"wp:attachment":[{"href":"https:\/\/bihavadis.com\/index.php\/wp-json\/wp\/v2\/media?parent=34161"}],"wp:term":[{"taxonomy":"category","embeddable":true,"href":"https:\/\/bihavadis.com\/index.php\/wp-json\/wp\/v2\/categories?post=34161"},{"taxonomy":"post_tag","embeddable":true,"href":"https:\/\/bihavadis.com\/index.php\/wp-json\/wp\/v2\/tags?post=34161"}],"curies":[{"name":"wp","href":"https:\/\/api.w.org\/{rel}","templated":true}]}}