{"id":34168,"date":"2026-02-15T00:33:06","date_gmt":"2026-02-15T00:33:06","guid":{"rendered":"https:\/\/bihavadis.com\/?p=34168"},"modified":"2026-02-15T00:33:06","modified_gmt":"2026-02-15T00:33:06","slug":"sulak-alanlar-gununde-muhtarlara-bilgilendirme","status":"publish","type":"post","link":"https:\/\/bihavadis.com\/index.php\/2026\/02\/15\/sulak-alanlar-gununde-muhtarlara-bilgilendirme\/","title":{"rendered":"Sulak Alanlar G\u00fcn\u00fc&#8217;nde Muhtarlara Bilgilendirme"},"content":{"rendered":"<p> Adana&#8217;da 2 \u015eubat D\u00fcnya Sulak Alanlar G\u00fcn\u00fc dolay\u0131s\u0131yla d\u00fczenlenen etkinlikte muhtarlara bilgilendirme yap\u0131ld\u0131.<\/p>\n<p> Do\u011fa Koruma ve Milli Parklar (DKMP) 7. B\u00f6lge M\u00fcd\u00fcrl\u00fc\u011f\u00fcnce \u00c7ukurova Biyo\u00e7e\u015fitlilik Tan\u0131t\u0131m Merkezi&#8217;nde ger\u00e7ekle\u015ftirilen etkinlikte baz\u0131 mahallelerin muhtarlar\u0131 bir araya geldi.<\/p>\n<p>Programda konu\u015fan DKMP 7. B\u00f6lge M\u00fcd\u00fcr\u00fc Faruk Atmaca, muhtarlar\u0131n, sosyal ya\u015fam\u0131n yap\u0131 ta\u015flar\u0131ndan oldu\u011funu s\u00f6yledi.<\/p>\n<p>D\u00fcnya Sulak Alanlar G\u00fcn\u00fc&#8217;n\u00fcn \u00f6nemini vurgulayan Atmaca, &#8220;Sulak alanlar, biyolojik \u00e7e\u015fitlili\u011fin \u00e7ok \u00f6nemli rezerv alanlar\u0131ndand\u0131r. Tropikal ormanlardan sonra biyolojik \u00e7e\u015fitlili\u011fin en y\u00fcksek oldu\u011fu alanlard\u0131r. Toplumu ve gen\u00e7 ku\u015faklar\u0131 bununla alakal\u0131 bilgilendirmek, fark\u0131nda olmalar\u0131n\u0131 sa\u011flamak, suyun ve sulak alanlar\u0131n \u00f6nemini bir kez daha \u00e7izmek i\u00e7in bug\u00fcnler \u00f6nemli vesilelerdir.&#8221; dedi.<\/p>\n<p>Konu\u015fman\u0131n ard\u0131ndan \u00c7ukurova \u00dcniversitesi Su \u00dcr\u00fcnleri Fak\u00fcltesi \u00d6\u011fretim G\u00f6revlisi Prof. Dr. Fatma \u00c7evik, kat\u0131l\u0131mc\u0131lara &#8220;Gelece\u011fimizin Sigortas\u0131 Sulak Alanlar&#8221; ba\u015fl\u0131kl\u0131 sunum yapt\u0131.<\/p>\n<p>\u00c7evik, sunumunda, sulak alan ekosistemlerinin do\u011fal hayat\u0131n devaml\u0131l\u0131\u011f\u0131ndaki \u00f6nemi ve s\u00fcrd\u00fcr\u00fclebilir kullan\u0131m\u0131 i\u00e7in yap\u0131lmas\u0131 gerekenleri anlatt\u0131.<\/p>\n","protected":false},"excerpt":{"rendered":"<p>Adana&#8217;da D\u00fcnya Sulak Alanlar G\u00fcn\u00fc kapsam\u0131nda muhtarlara sulak alanlar\u0131n \u00f6nemi anlat\u0131ld\u0131.<\/p>\n","protected":false},"author":1,"featured_media":34169,"comment_status":"open","ping_status":"open","sticky":false,"template":"","format":"standard","meta":{"footnotes":""},"categories":[6],"tags":[2952],"class_list":["post-34168","post","type-post","status-publish","format-standard","has-post-thumbnail","hentry","category-dunya","tag-sulak-alanlar"],"_links":{"self":[{"href":"https:\/\/bihavadis.com\/index.php\/wp-json\/wp\/v2\/posts\/34168","targetHints":{"allow":["GET"]}}],"collection":[{"href":"https:\/\/bihavadis.com\/index.php\/wp-json\/wp\/v2\/posts"}],"about":[{"href":"https:\/\/bihavadis.com\/index.php\/wp-json\/wp\/v2\/types\/post"}],"author":[{"embeddable":true,"href":"https:\/\/bihavadis.com\/index.php\/wp-json\/wp\/v2\/users\/1"}],"replies":[{"embeddable":true,"href":"https:\/\/bihavadis.com\/index.php\/wp-json\/wp\/v2\/comments?post=34168"}],"version-history":[{"count":1,"href":"https:\/\/bihavadis.com\/index.php\/wp-json\/wp\/v2\/posts\/34168\/revisions"}],"predecessor-version":[{"id":34170,"href":"https:\/\/bihavadis.com\/index.php\/wp-json\/wp\/v2\/posts\/34168\/revisions\/34170"}],"wp:featuredmedia":[{"embeddable":true,"href":"https:\/\/bihavadis.com\/index.php\/wp-json\/wp\/v2\/media\/34169"}],"wp:attachment":[{"href":"https:\/\/bihavadis.com\/index.php\/wp-json\/wp\/v2\/media?parent=34168"}],"wp:term":[{"taxonomy":"category","embeddable":true,"href":"https:\/\/bihavadis.com\/index.php\/wp-json\/wp\/v2\/categories?post=34168"},{"taxonomy":"post_tag","embeddable":true,"href":"https:\/\/bihavadis.com\/index.php\/wp-json\/wp\/v2\/tags?post=34168"}],"curies":[{"name":"wp","href":"https:\/\/api.w.org\/{rel}","templated":true}]}}