{"id":34229,"date":"2026-02-15T01:21:37","date_gmt":"2026-02-15T01:21:37","guid":{"rendered":"https:\/\/bihavadis.com\/?p=34229"},"modified":"2026-02-15T01:21:37","modified_gmt":"2026-02-15T01:21:37","slug":"trakyada-kar-yagisi-ve-buzlanma-kazalara-neden-oldu","status":"publish","type":"post","link":"https:\/\/bihavadis.com\/index.php\/2026\/02\/15\/trakyada-kar-yagisi-ve-buzlanma-kazalara-neden-oldu\/","title":{"rendered":"Trakya&#8217;da Kar Ya\u011f\u0131\u015f\u0131 ve Buzlanma Kazalara Neden Oldu"},"content":{"rendered":"<p> Edirne, K\u0131rklareli ve Tekirda\u011f&#8217;da etkili olan kar ya\u011f\u0131\u015f\u0131 ve so\u011fuk hava, g\u00fcnl\u00fck ya\u015fam\u0131 olumsuz etkiliyor.<\/p>\n<p>Edirne&#8217;de sabah saatlerinde etkili olan kar ya\u011f\u0131\u015f\u0131 yerini so\u011fuk havaya b\u0131rakt\u0131.<\/p>\n<p>Hava s\u0131cakl\u0131\u011f\u0131n\u0131n s\u0131f\u0131r\u0131n alt\u0131nda 1 derece \u00f6l\u00e7\u00fcld\u00fc\u011f\u00fc kentte, buzlanma nedeniyle trafik kazalar\u0131 meydana geldi.<\/p>\n<p>K\u0131rklareli Kav\u015fa\u011f\u0131 mevkisinde E.D.H. y\u00f6netimindeki 22 ABB 925 plakal\u0131 kamyonet, s\u00fcr\u00fcc\u00fcs\u00fcn\u00fcn direksiyon hakimiyetini kaybetmesi sonucu bariyere \u00e7arparak devrildi.<\/p>\n<p>Yaralanan s\u00fcr\u00fcc\u00fc, ambulansla Trakya \u00dcniversitesi T\u0131p Fak\u00fcltesi Hastanesine kald\u0131r\u0131ld\u0131.<\/p>\n<p>Polis ekipleri, kav\u015faklarda \u00f6nlem alarak s\u00fcr\u00fcc\u00fcleri dikkatli olmalar\u0131 konusunda uyard\u0131.<\/p>\n<p>Edirne \u0130l \u00d6zel \u0130daresi ve Edirne Belediyesi ekipleri de yollardaki buzlanmaya kar\u015f\u0131 \u00e7al\u0131\u015fma y\u00fcr\u00fct\u00fcyor.<\/p>\n<p>K\u0131rklareli&#8217;nde ise kar ya\u011f\u0131\u015f\u0131 y\u00fcksek kesimlerde hafif \u015fekilde devam ediyor.<\/p>\n<p>Sabah saatlerinde ba\u015flayan ya\u011f\u0131\u015f nedeniyle Bulgaristan&#8217;a ula\u015f\u0131m\u0131n sa\u011fland\u0131\u011f\u0131 kara yolunda kar ve buzlanma olu\u015ftu.<\/p>\n<p>Baz\u0131 ara\u00e7lar kontrolden \u00e7\u0131karak kazaya kar\u0131\u015ft\u0131. Kaza ihbar\u0131na giden trafik ekipleri de Derek\u00f6y S\u0131n\u0131r Kap\u0131s\u0131 yak\u0131nlar\u0131nda buzlanma nedeniyle kontrolden \u00e7\u0131karak bariyerlere \u00e7arpt\u0131. Polis ekipleri, kazadan yara almadan kurtuldu.<\/p>\n<p>Demircihalil k\u00f6y\u00fc yak\u0131nlar\u0131nda ise bir t\u0131r kar ve buzlanma nedeniyle yoldan \u00e7\u0131kt\u0131. Ya\u011f\u0131\u015f sebebiyle baz\u0131 ara\u00e7lar\u0131n yolda ilerlemekte g\u00fc\u00e7l\u00fck \u00e7ekti\u011fi g\u00f6zlendi.<\/p>\n<p>\u0130l Jandarma Komutanl\u0131\u011f\u0131 ve \u0130l Emniyet M\u00fcd\u00fcrl\u00fc\u011f\u00fc ekipleri, b\u00f6lgede denetimlerini s\u00fcrd\u00fcr\u00fcyor.<\/p>\n<p>Kar kal\u0131nl\u0131\u011f\u0131 Demirk\u00f6y il\u00e7esinin Mahyatepe mevkisinde 25, Derek\u00f6y S\u0131n\u0131r Kap\u0131s\u0131&#8217;nda ise 10 santimetreye ula\u015ft\u0131.<\/p>\n<p>Karayollar\u0131 15. \u015eube \u015eefli\u011fi ile \u0130l \u00d6zel \u0130daresi ekipleri, karla m\u00fccadele \u00e7al\u0131\u015fmalar\u0131n\u0131 s\u00fcrd\u00fcr\u00fcyor.<\/p>\n<p>Tekirda\u011f&#8217;da da kar ya\u011f\u0131\u015f\u0131 ve so\u011fuk hava, g\u00fcnl\u00fck ya\u015fam\u0131 olumsuz etkiliyor.<\/p>\n","protected":false},"excerpt":{"rendered":"<p>Edirne, K\u0131rklareli ve Tekirda\u011f&#8217;da kar ve so\u011fuk hava g\u00fcnl\u00fck ya\u015fam\u0131 olumsuz etkiliyor, kazalar artt\u0131.<\/p>\n","protected":false},"author":1,"featured_media":34230,"comment_status":"open","ping_status":"open","sticky":false,"template":"","format":"standard","meta":{"footnotes":""},"categories":[9,4,13],"tags":[5069,297,1165],"class_list":["post-34229","post","type-post","status-publish","format-standard","has-post-thumbnail","hentry","category-genel","category-gundem","category-son-dakika","tag-buzlanma","tag-kar","tag-yagis"],"_links":{"self":[{"href":"https:\/\/bihavadis.com\/index.php\/wp-json\/wp\/v2\/posts\/34229","targetHints":{"allow":["GET"]}}],"collection":[{"href":"https:\/\/bihavadis.com\/index.php\/wp-json\/wp\/v2\/posts"}],"about":[{"href":"https:\/\/bihavadis.com\/index.php\/wp-json\/wp\/v2\/types\/post"}],"author":[{"embeddable":true,"href":"https:\/\/bihavadis.com\/index.php\/wp-json\/wp\/v2\/users\/1"}],"replies":[{"embeddable":true,"href":"https:\/\/bihavadis.com\/index.php\/wp-json\/wp\/v2\/comments?post=34229"}],"version-history":[{"count":1,"href":"https:\/\/bihavadis.com\/index.php\/wp-json\/wp\/v2\/posts\/34229\/revisions"}],"predecessor-version":[{"id":34231,"href":"https:\/\/bihavadis.com\/index.php\/wp-json\/wp\/v2\/posts\/34229\/revisions\/34231"}],"wp:featuredmedia":[{"embeddable":true,"href":"https:\/\/bihavadis.com\/index.php\/wp-json\/wp\/v2\/media\/34230"}],"wp:attachment":[{"href":"https:\/\/bihavadis.com\/index.php\/wp-json\/wp\/v2\/media?parent=34229"}],"wp:term":[{"taxonomy":"category","embeddable":true,"href":"https:\/\/bihavadis.com\/index.php\/wp-json\/wp\/v2\/categories?post=34229"},{"taxonomy":"post_tag","embeddable":true,"href":"https:\/\/bihavadis.com\/index.php\/wp-json\/wp\/v2\/tags?post=34229"}],"curies":[{"name":"wp","href":"https:\/\/api.w.org\/{rel}","templated":true}]}}