{"id":34262,"date":"2026-02-15T01:45:41","date_gmt":"2026-02-15T01:45:41","guid":{"rendered":"https:\/\/bihavadis.com\/?p=34262"},"modified":"2026-02-15T01:45:41","modified_gmt":"2026-02-15T01:45:41","slug":"hasekede-suriye-bayragi-gondere-cekildi","status":"publish","type":"post","link":"https:\/\/bihavadis.com\/index.php\/2026\/02\/15\/hasekede-suriye-bayragi-gondere-cekildi\/","title":{"rendered":"Haseke&#8217;de Suriye bayra\u011f\u0131 g\u00f6ndere \u00e7ekildi"},"content":{"rendered":"<p> Suriye \u0130\u00e7i\u015fleri Bakanl\u0131\u011f\u0131na ba\u011fl\u0131 g\u00fcvenlik g\u00fc\u00e7leri, ter\u00f6r \u00f6rg\u00fct\u00fc YPG&#8217;nin i\u015fgali alt\u0131nda bulunan Haseke il merkezine giri\u015f yapt\u0131. Kentten gelen g\u00f6r\u00fcnt\u00fclerde, Suriye bayra\u011f\u0131n\u0131n g\u00f6ndere \u00e7ekildi\u011fi g\u00f6r\u00fcld\u00fc.<\/p>\n<p><b>MUTABAKAT SONRASI \u0130LK SOMUT ADIM<\/b><\/p>\n<p>Suriye h\u00fck\u00fcmeti ile ter\u00f6r \u00f6rg\u00fct\u00fc YPG aras\u0131nda ge\u00e7ti\u011fimiz g\u00fcnlerde imzalanan mutabakat\u0131n ard\u0131ndan sahada ilk ad\u0131mlar at\u0131lmaya ba\u015fland\u0131. Bu kapsamda Suriye \u0130\u00e7i\u015fleri Bakanl\u0131\u011f\u0131na ba\u011fl\u0131 i\u00e7 g\u00fcvenlik birimlerine ait konvoy, Haseke il merkezine ula\u015ft\u0131.<\/p>\n<div>\n<figure><img decoding=\"async\" src=\"https:\/\/bihavadis.com\/wp-content\/uploads\/2026\/02\/hasekede-suriye-bayragi-gondere-cekildi-0-DFwKsEKL.jpg\"\/><\/figure>\n<\/div>\n<p><b>ZIRHLI ARA\u00c7LARLA G\u0130R\u0130\u015e YAPILDI<\/b><\/p>\n<p>\u0130\u00e7 g\u00fcvenlik g\u00fc\u00e7lerine ait 8 personel ta\u015f\u0131y\u0131c\u0131 z\u0131rhl\u0131 ara\u00e7, \u00e7ok say\u0131da d\u00f6rt \u00e7eker pikap, ambulans ve baz istasyonu arac\u0131ndan olu\u015fan konvoyun, do\u011fu hatt\u0131ndan ilerleyerek kent merkezine girdi\u011fi bildirildi.<\/p>\n<div>\n<figure><img decoding=\"async\" src=\"https:\/\/bihavadis.com\/wp-content\/uploads\/2026\/02\/hasekede-suriye-bayragi-gondere-cekildi-1-tjvyfP1R.jpg\"\/><\/figure>\n<\/div>\n<p><b>SUR\u0130YE BAYRA\u011eI G\u00d6NDERE \u00c7EK\u0130LD\u0130<\/b><\/p>\n<p>Haseke&#8217;den payla\u015f\u0131lan g\u00f6r\u00fcnt\u00fclerde, kentte Suriye bayra\u011f\u0131n\u0131n g\u00f6ndere \u00e7ekildi\u011fi anlar sosyal medyada g\u00fcndem oldu. G\u00f6r\u00fcnt\u00fcler, mutabakat\u0131n uygulanmaya ba\u015fland\u0131\u011f\u0131na dair en dikkat \u00e7ekici i\u015faretlerden biri olarak de\u011ferlendirildi.<\/p>\n<div>\n<figure><img decoding=\"async\" src=\"https:\/\/bihavadis.com\/wp-content\/uploads\/2026\/02\/hasekede-suriye-bayragi-gondere-cekildi-2-IYKzPuVv.jpg\"\/><\/figure>\n<\/div>\n<p><b>\u0130\u00c7 G\u00dcVENL\u0130K KOMUTANINDAN TAL\u0130MAT<\/b><\/p>\n<p>Suriye \u0130\u00e7i\u015fleri Bakanl\u0131\u011f\u0131 taraf\u0131ndan yap\u0131lan yaz\u0131l\u0131 a\u00e7\u0131klamada, Haseke \u0130\u00e7 G\u00fcvenlik Komutan\u0131 Tu\u011fgeneral Mervan el-Ali&#8217;nin, kente giri\u015f s\u00fcrecinde birliklere talimat verdi\u011fi belirtildi. A\u00e7\u0131klamada, g\u00fcvenlik g\u00f6revlerinin planl\u0131 \u015fekilde y\u00fcr\u00fct\u00fclmesi, yasa ve mevzuata uyulmas\u0131, kamu d\u00fczeninin sa\u011flanmas\u0131 ile vatanda\u015flar\u0131n ve kamu-\u00f6zel m\u00fclkiyetin korunmas\u0131na vurgu yap\u0131ld\u0131.<\/p>\n<div>\n<figure><img decoding=\"async\" src=\"https:\/\/bihavadis.com\/wp-content\/uploads\/2026\/02\/hasekede-suriye-bayragi-gondere-cekildi-3-pVO4yLfz.jpg\"\/><\/figure>\n<\/div>\n<p><b>DEVLET KURUMLARININ DEVR\u0130 \u00d6NG\u00d6R\u00dcL\u00dcYOR<\/b><\/p>\n<p>Suriye h\u00fck\u00fcmeti ile YPG aras\u0131nda var\u0131lan mutabakat kapsam\u0131nda, \u00f6rg\u00fct\u00fcn kontrol\u00fcnde bulunan Haseke kenti ve Kam\u0131\u015fl\u0131 il\u00e7esinde g\u00fcvenlik ve devlet kurumlar\u0131n\u0131n Suriye y\u00f6netimine teslim edilmesi hedefleniyor.<\/p>\n","protected":false},"excerpt":{"rendered":"<p>Suriye \u0130\u00e7i\u015fleri Bakanl\u0131\u011f\u0131na ba\u011fl\u0131 g\u00fcvenlik g\u00fc\u00e7leri, YPG kontrol\u00fcndeki Haseke il merkezine girerek mutabakat\u0131n sahadaki ilk ad\u0131m\u0131n\u0131 att\u0131. Kentte Suriye bayra\u011f\u0131 g\u00f6ndere \u00e7ekilirken, h\u00fck\u00fcmet g\u00fc\u00e7lerinin g\u00fcvenlik ve devlet kurumlar\u0131n\u0131 devralmas\u0131 s\u00fcrecinin ba\u015flamas\u0131 \u00f6ng\u00f6r\u00fcl\u00fcyor.<\/p>\n","protected":false},"author":1,"featured_media":34263,"comment_status":"open","ping_status":"open","sticky":false,"template":"","format":"standard","meta":{"footnotes":""},"categories":[12],"tags":[737,1715,1380,361],"class_list":["post-34262","post","type-post","status-publish","format-standard","has-post-thumbnail","hentry","category-siyaset","tag-guvenlik","tag-haseke","tag-kent","tag-suriye"],"_links":{"self":[{"href":"https:\/\/bihavadis.com\/index.php\/wp-json\/wp\/v2\/posts\/34262","targetHints":{"allow":["GET"]}}],"collection":[{"href":"https:\/\/bihavadis.com\/index.php\/wp-json\/wp\/v2\/posts"}],"about":[{"href":"https:\/\/bihavadis.com\/index.php\/wp-json\/wp\/v2\/types\/post"}],"author":[{"embeddable":true,"href":"https:\/\/bihavadis.com\/index.php\/wp-json\/wp\/v2\/users\/1"}],"replies":[{"embeddable":true,"href":"https:\/\/bihavadis.com\/index.php\/wp-json\/wp\/v2\/comments?post=34262"}],"version-history":[{"count":1,"href":"https:\/\/bihavadis.com\/index.php\/wp-json\/wp\/v2\/posts\/34262\/revisions"}],"predecessor-version":[{"id":34268,"href":"https:\/\/bihavadis.com\/index.php\/wp-json\/wp\/v2\/posts\/34262\/revisions\/34268"}],"wp:featuredmedia":[{"embeddable":true,"href":"https:\/\/bihavadis.com\/index.php\/wp-json\/wp\/v2\/media\/34263"}],"wp:attachment":[{"href":"https:\/\/bihavadis.com\/index.php\/wp-json\/wp\/v2\/media?parent=34262"}],"wp:term":[{"taxonomy":"category","embeddable":true,"href":"https:\/\/bihavadis.com\/index.php\/wp-json\/wp\/v2\/categories?post=34262"},{"taxonomy":"post_tag","embeddable":true,"href":"https:\/\/bihavadis.com\/index.php\/wp-json\/wp\/v2\/tags?post=34262"}],"curies":[{"name":"wp","href":"https:\/\/api.w.org\/{rel}","templated":true}]}}