{"id":34300,"date":"2026-02-15T02:12:05","date_gmt":"2026-02-15T02:12:05","guid":{"rendered":"https:\/\/bihavadis.com\/?p=34300"},"modified":"2026-02-15T02:12:05","modified_gmt":"2026-02-15T02:12:05","slug":"jd-vanceden-ermeni-soykirimi-paylasimi-2-saat-sonra-kaldirdi","status":"publish","type":"post","link":"https:\/\/bihavadis.com\/index.php\/2026\/02\/15\/jd-vanceden-ermeni-soykirimi-paylasimi-2-saat-sonra-kaldirdi\/","title":{"rendered":"JD Vance&#8217;den Ermeni Soyk\u0131r\u0131m\u0131 payla\u015f\u0131m\u0131: 2 saat sonra kald\u0131rd\u0131"},"content":{"rendered":"<p>Tart\u0131\u015fma yaratan payla\u015f\u0131m&#8230;<\/p>\n<p>ABD Ba\u015fkan Yard\u0131mc\u0131s\u0131 James David Vance, bug\u00fcn Ermenistan&#8217;daki temaslar\u0131 \u00e7er\u00e7evesinde ba\u015fkent Erivan&#8217;da Tsitsernakaberd An\u0131t\u0131&#8217;n\u0131 ziyaret etti.<\/p>\n<p>Vance, ziyarete ili\u015fkin olarak sosyal medya hesab\u0131ndan yay\u0131nlanan payla\u015f\u0131mda, 1915 olaylar\u0131na ili\u015fkin olarak Ermenistan h\u00fck\u00fcmetinin siyasi terminolojisine ba\u015fvurarak, s\u00f6zde <em><b>&#8220;Ermeni soyk\u0131r\u0131m\u0131&#8221;<\/b><\/em> ifadesini kulland\u0131.<\/p>\n<p><strong>KISA S\u00dcRE SONRA S\u0130LD\u0130<\/strong><\/p>\n<p>Ba\u015fkan Yard\u0131mc\u0131s\u0131 Vance, k\u0131sa bir s\u00fcre sonra s\u00f6z konusu payla\u015f\u0131m\u0131 silerek yerine Bas\u0131n S\u00f6zc\u00fcs\u00fc Taylor Van Kirk&#8217;in ziyarete ili\u015fkin olarak payla\u015ft\u0131\u011f\u0131, i\u00e7inde <em><b>&#8220;soyk\u0131r\u0131m&#8221;<\/b><\/em> ifadesine yer verilmeyen bir g\u00f6nderiyi yeniden payla\u015ft\u0131.<\/p>\n<p><img decoding=\"async\" src=\"https:\/\/bihavadis.com\/wp-content\/uploads\/2026\/02\/jd-vanceden-ermeni-soykirimi-paylasimi-2-saat-sonra-kaldirdi-0-yyPKKdCg.jpg\"\/><\/p>\n<p><strong>&#8220;ONLAR B\u0130ZDEN BURAYI Z\u0130YARET ETMEM\u0130Z\u0130 TALEP ETT\u0130LER&#8221;<\/strong><\/p>\n<p>Vance, Ermenistan&#8217;dan ayr\u0131lmadan \u00f6nce bas\u0131n mensuplar\u0131n\u0131n Erivan&#8217;daki an\u0131t\u0131 neden ziyaret etti\u011fine ili\u015fkin sorusuna, <em><b>&#8220;Yar\u0131n da Azerbaycan&#8217;daki baz\u0131 \u00f6nemli yerleri ziyaret edece\u011fiz. Ermenilerle g\u00f6r\u00fc\u015ft\u00fc\u011f\u00fcm\u00fczde buran\u0131n \u00e7ok \u00f6nemli bir yer oldu\u011funu s\u00f6ylediler. <\/b><\/em><\/p>\n<p><em><b>Ermenistan&#8217;\u0131 ziyaret eden ilk Ba\u015fkan Yard\u0131mc\u0131s\u0131y\u0131m ve onlar da bizden buray\u0131 ziyaret etmemizi talep ettiler&#8221;<\/b><\/em> \u015feklinde cevap verdi.<\/p>\n<p><img decoding=\"async\" src=\"https:\/\/bihavadis.com\/wp-content\/uploads\/2026\/02\/jd-vanceden-ermeni-soykirimi-paylasimi-2-saat-sonra-kaldirdi-1-X6mTykk8.jpg\"\/><\/p>\n<p><strong>SIRADA AZERBAYCAN VAR<\/strong><\/p>\n<p>Vance ve e\u015fi, Ermenistan&#8217;daki temaslar\u0131n\u0131n ard\u0131ndan Azerbaycan&#8217;a ge\u00e7ti.<\/p>\n","protected":false},"excerpt":{"rendered":"<p>ABD Ba\u015fkan Yard\u0131mc\u0131s\u0131 JD Vance, X hesab\u0131ndan yay\u0131nlad\u0131\u011f\u0131 s\u00f6zde Ermeni soyk\u0131r\u0131m\u0131 ile ilgili payla\u015f\u0131m\u0131 iki  saat sonra sildi. Payla\u015f\u0131m\u0131n silinmesinin ard\u0131ndan Ermeni Diasporas\u0131 taraf\u0131ndan Vance&#8217;e y\u00f6nelik lin\u00e7 kampanyas\u0131 ba\u015flat\u0131ld\u0131.<\/p>\n","protected":false},"author":1,"featured_media":34301,"comment_status":"open","ping_status":"open","sticky":false,"template":"","format":"standard","meta":{"footnotes":""},"categories":[6],"tags":[1885,1979,319],"class_list":["post-34300","post","type-post","status-publish","format-standard","has-post-thumbnail","hentry","category-dunya","tag-ermenistan","tag-van","tag-ziyaret"],"_links":{"self":[{"href":"https:\/\/bihavadis.com\/index.php\/wp-json\/wp\/v2\/posts\/34300","targetHints":{"allow":["GET"]}}],"collection":[{"href":"https:\/\/bihavadis.com\/index.php\/wp-json\/wp\/v2\/posts"}],"about":[{"href":"https:\/\/bihavadis.com\/index.php\/wp-json\/wp\/v2\/types\/post"}],"author":[{"embeddable":true,"href":"https:\/\/bihavadis.com\/index.php\/wp-json\/wp\/v2\/users\/1"}],"replies":[{"embeddable":true,"href":"https:\/\/bihavadis.com\/index.php\/wp-json\/wp\/v2\/comments?post=34300"}],"version-history":[{"count":1,"href":"https:\/\/bihavadis.com\/index.php\/wp-json\/wp\/v2\/posts\/34300\/revisions"}],"predecessor-version":[{"id":34304,"href":"https:\/\/bihavadis.com\/index.php\/wp-json\/wp\/v2\/posts\/34300\/revisions\/34304"}],"wp:featuredmedia":[{"embeddable":true,"href":"https:\/\/bihavadis.com\/index.php\/wp-json\/wp\/v2\/media\/34301"}],"wp:attachment":[{"href":"https:\/\/bihavadis.com\/index.php\/wp-json\/wp\/v2\/media?parent=34300"}],"wp:term":[{"taxonomy":"category","embeddable":true,"href":"https:\/\/bihavadis.com\/index.php\/wp-json\/wp\/v2\/categories?post=34300"},{"taxonomy":"post_tag","embeddable":true,"href":"https:\/\/bihavadis.com\/index.php\/wp-json\/wp\/v2\/tags?post=34300"}],"curies":[{"name":"wp","href":"https:\/\/api.w.org\/{rel}","templated":true}]}}