{"id":34347,"date":"2026-02-15T02:51:06","date_gmt":"2026-02-15T02:51:06","guid":{"rendered":"https:\/\/bihavadis.com\/?p=34347"},"modified":"2026-02-15T02:51:06","modified_gmt":"2026-02-15T02:51:06","slug":"yunanistan-basbakani-micotakis-ankaraya-geliyor-yunan-basini-gorusmeyi-inceledi","status":"publish","type":"post","link":"https:\/\/bihavadis.com\/index.php\/2026\/02\/15\/yunanistan-basbakani-micotakis-ankaraya-geliyor-yunan-basini-gorusmeyi-inceledi\/","title":{"rendered":"Yunanistan Ba\u015fbakan\u0131 Mi\u00e7otakis Ankara&#8217;ya geliyor: Yunan bas\u0131n\u0131 g\u00f6r\u00fc\u015fmeyi inceledi"},"content":{"rendered":"<p>Ankara&#8217;da kritik g\u00f6r\u00fc\u015fme&#8230;<\/p>\n<p>Yunanistan Ba\u015fbakan\u0131 Kiryakos Mi\u00e7otakis, Cumhurba\u015fkan\u0131 Recep Tayyip Erdo\u011fan&#8217;\u0131n daveti \u00fczerine T\u00fcrkiye-Yunanistan Y\u00fcksek D\u00fczeyli \u0130\u015fbirli\u011fi Konseyi&#8217;nin Alt\u0131nc\u0131 Toplant\u0131s\u0131 i\u00e7in yar\u0131n Ankara\u2019ya gelecek.<\/p>\n<p>Cumhurba\u015fkanl\u0131\u011f\u0131 \u0130leti\u015fim Ba\u015fkan\u0131 Burhanettin Duran, 5 \u015eubat&#8217;ta yapt\u0131\u011f\u0131 a\u00e7\u0131klamada, Konsey Toplant\u0131s\u0131 ile T\u00fcrkiye-Yunanistan ili\u015fkilerinin t\u00fcm boyutlar\u0131yla g\u00f6zden ge\u00e7irilece\u011fini ve iki kom\u015fu \u00fclke aras\u0131ndaki i\u015f birli\u011finin ilerletilmesi imkanlar\u0131n\u0131n ele al\u0131naca\u011f\u0131n\u0131 belirtmi\u015fti.<\/p>\n<p><strong>B\u0130RDEN FAZLA KONU ELE ALINACAK<\/strong><\/p>\n<p>Duran, <em><b>&#8220;G\u00f6r\u00fc\u015fmelerde, ikili m\u00fcnasebetlerin yan\u0131s\u0131ra, b\u00f6lgesel ve k\u00fcresel geli\u015fmeler hakk\u0131nda g\u00f6r\u00fc\u015f al\u0131\u015fveri\u015finde bulunulmas\u0131 \u00f6ng\u00f6r\u00fclmektedir. <\/b><\/em><\/p>\n<p><em><b>Ziyaret \u00e7er\u00e7evesinde ayr\u0131ca, ikili ili\u015fkileri g\u00fc\u00e7lendirmeye matuf \u00e7e\u015fitli metinlerin imzalanmas\u0131 da g\u00fcndemdedir&#8221;<\/b><\/em> ifadelerini kullanm\u0131\u015ft\u0131.<\/p>\n<p><img decoding=\"async\" src=\"https:\/\/bihavadis.com\/wp-content\/uploads\/2026\/02\/yunanistan-basbakani-micotakis-ankaraya-geliyor-yunan-basini-gorusmeyi-inceledi-0-UmQayOLj.jpg\"\/><\/p>\n<p><strong>10 BAKANI \u0130LE BERABER GEL\u0130YOR<\/strong><\/p>\n<p>Yunan bas\u0131n\u0131nda yer alan haberlere g\u00f6re Mi\u00e7otakis&#8217;e, D\u0131\u015fi\u015fleri Bakan\u0131 Yorgos Gerapetritis, Milli Ekonomi ve Maliye Bakan\u0131 Kyriakos Pierrakakis, Kalk\u0131nma Bakan\u0131 Takis Theodorikakos, Altyap\u0131 ve Ula\u015ft\u0131rma Bakan\u0131 Christos Dimas, Vatanda\u015f Koruma Bakan\u0131 Michalis Chrysochoidis, E\u011fitim, Din \u0130\u015fleri ve Spor Bakan\u0131 Sofia Zacharaki, \u0130klim Krizi ve Sivil Koruma Bakan\u0131 Yiannis Kefalogiannis, G\u00f6\u00e7 ve \u0130ltica Bakan\u0131 Thanos Plevris, K\u00fclt\u00fcr Bakan\u0131 Lina Mendoni ve D\u0131\u015fi\u015fleri Bakan Yard\u0131mc\u0131s\u0131 Haris Theocharis e\u015flik edecek.<\/p>\n<p><strong>YUNAN BASINI D\u0130KKATLE TAK\u0130P ED\u0130YOR<\/strong><\/p>\n<p>Mi\u00e7otakis\u2019in T\u00fcrkiye ziyareti \u00f6ncesi Yunan bas\u0131n\u0131nda yer alan haberlerde, Atina&#8217;n\u0131n beklentilerine yer verildi.<\/p>\n<p>Kathimerini gazetesinin \u0130ngilizce versiyonu eKathimeri&#8217;nin <b><em>&#8220;Beklentilerin y\u00fcksek olmad\u0131\u011f\u0131 bir zirve&#8221; <\/em><\/b>ba\u015fl\u0131kl\u0131 haberinde, Ege\u2019deki sorunlar <em><b>&#8220;donmu\u015f&#8221; <\/b><\/em>halde kalmaya devam ederken iki liderin bir araya gelece\u011fi belirtildi.<\/p>\n<p><img decoding=\"async\" src=\"https:\/\/bihavadis.com\/wp-content\/uploads\/2026\/02\/yunanistan-basbakani-micotakis-ankaraya-geliyor-yunan-basini-gorusmeyi-inceledi-1-FyPBAhNJ.jpg\"\/><\/p>\n<p><strong>&#8220;YUNAN HALKI \u0130\u00c7\u0130N DURUM \u00c7OK FARKLI&#8221;<\/strong><\/p>\n<p>Haberde, <em><b>&#8220;K\u00fcresel krizler hiyerar\u015fisinde, Yunanistan ile T\u00fcrkiye aras\u0131nda uzun s\u00fcredir devam eden \u00e7at\u0131\u015fma nispeten alt s\u0131ralarda yer al\u0131yor. <\/b><\/em><\/p>\n<p><em><b>Ancak Yunanistan ve Yunan halk\u0131 i\u00e7in durum farkl\u0131. Do\u011fu\u2019daki kom\u015fusu ile olan \u00e7at\u0131\u015fma, geleneksel olarak d\u0131\u015f ve g\u00fcvenlik politikas\u0131n\u0131 belirliyor. <\/b><\/em><\/p>\n<p><em><b>Buna kar\u015f\u0131l\u0131k, T\u00fcrkiye&#8217;deki liderler i\u00e7in Yunanistan dosyas\u0131, g\u00fcn\u00fcm\u00fcz\u00fcn siyasi \u00e7alkant\u0131lar\u0131 aras\u0131nda g\u00fcndemin alt s\u0131ralar\u0131nda yer al\u0131yor&#8221; <\/b>tespiti yap\u0131ld\u0131.<\/em><\/p>\n<p><strong>&#8220;TARAFLARIN POZ\u0130SYONLARI DE\u011e\u0130\u015eM\u0130YOR&#8221;<\/strong><\/p>\n<p>eKathimerini&#8217;nin haberinde,<em><b> &#8220;Yunanistan&#8217;\u0131n bak\u0131\u015f a\u00e7\u0131s\u0131na g\u00f6re merkezi \u00f6neme sahip olan m\u00fcnhas\u0131r ekonomik b\u00f6lgelerin ve k\u0131ta sahanl\u0131\u011f\u0131n\u0131n s\u0131n\u0131rlar\u0131n\u0131n belirlenmesi konusunda, diplomatik \u00e7abalara ra\u011fmen herhangi bir yak\u0131nla\u015fma g\u00f6r\u00fclm\u00fcyor.\u00a0<\/b><\/em><\/p>\n<p><em><b>Taraflar\u0131n pozisyonlar\u0131 de\u011fi\u015fmiyor, bu nedenle Atina\u2019da ger\u00e7ek\u00e7i bir de\u011ferlendirme yap\u0131l\u0131yor&#8221; <\/b><\/em>de\u011ferlendirmesine yer verildi.<\/p>\n<p><img decoding=\"async\" src=\"https:\/\/bihavadis.com\/wp-content\/uploads\/2026\/02\/yunanistan-basbakani-micotakis-ankaraya-geliyor-yunan-basini-gorusmeyi-inceledi-2-tZW1Ah9I.jpg\"\/><\/p>\n<p><strong>&#8216;D\u00dc\u015e\u00dcM G\u00dcNDEML\u0130&#8217; G\u00d6R\u00dc\u015eME<\/strong><\/p>\n<p>Ta Nea gazetesinin &#8220;Ba\u015fbakan yar\u0131n YD\u0130K i\u00e7in <em><b>Ankara&#8217;da: Fidan ve \u00c7elik&#8217;in a\u00e7\u0131klamalar\u0131 &#8216;sakin sularda&#8217; dalgalanmalara sebep oldu&#8221;<\/b><\/em> ba\u015fl\u0131kl\u0131 haberinde, AK Parti S\u00f6zc\u00fcs\u00fc \u00d6mer \u00c7elik ve D\u0131\u015fi\u015fleri Bakan\u0131 Hakan Fidan&#8217;\u0131n a\u00e7\u0131klamalar\u0131na yer verildi.<\/p>\n<p>Haberde, <em><b>&#8220;Her iki taraf da en \u00fcst d\u00fczeyde, ikili diyalo\u011fun s\u00fcrd\u00fcr\u00fclmesi ve bug\u00fcne kadar kar\u015f\u0131l\u0131kl\u0131, somut faydalar sa\u011flayan \u2018d\u00fc\u015f\u00fck g\u00fcndemli\u2019 alanlarda i\u015f birli\u011finin g\u00fc\u00e7lendirilmesi y\u00f6n\u00fcndeki net iradelerini ortaya koydu&#8221;<\/b><\/em> ifadelerine yer verildi.<\/p>\n<p>Ankara ve Atina&#8217;n\u0131n ikili ticaret hacminin art\u0131r\u0131lmas\u0131 ve ikili ili\u015fkilere \u00fc\u00e7\u00fcnc\u00fc taraflar\u0131n m\u00fcdahalesinin her ne pahas\u0131na olursa olsun \u00f6nlenmesi konular\u0131nda ortak tutum sergiledikleri kaydedilen haberde, <em><b>&#8220;Ancak, Y\u00fcksek D\u00fczeyli Stratejik \u0130\u015fbirli\u011fi Toplant\u0131s\u0131&#8217;ndan hemen \u00f6nce Ankara&#8217;dan gelen a\u00e7\u0131klamalar, T\u00fcrkiye\u2019deki iktidar partisinin s\u00f6zc\u00fcs\u00fc \u00d6mer \u00c7elik&#8217;in Yunan adalar\u0131n\u0131n askerden ar\u0131nd\u0131r\u0131lmas\u0131na at\u0131fta bulunmas\u0131 ve Hakan Fidan&#8217;\u0131n Nikos Dendias&#8217;\u0131 Yunanistan-T\u00fcrkiye yak\u0131nla\u015fmas\u0131 \u00e7abalar\u0131n\u0131 baltalad\u0131\u011f\u0131 iddias\u0131yla su\u00e7lamas\u0131 nedeniyle Ege&#8217;deki &#8216;sakin sularda&#8217; dalgalanmalara neden oldu&#8221;<\/b><\/em> de\u011ferlendirmesi yap\u0131ld\u0131.<\/p>\n<p><strong>F\u0130DAN&#8217;IN N\u00dcKLEER SORUSUNA TEPK\u0130S\u0130 YUNAN BASININDA<\/strong><\/p>\n<p>Ta Nea\u2019n\u0131n haberinde, Fidan&#8217;\u0131n CNN T\u00fcrk&#8217;teki r\u00f6portaj\u0131nda n\u00fckleer silahla ilgili soruyu yan\u0131ts\u0131z b\u0131rakt\u0131\u011f\u0131 ifade edilerek, <em>&#8220;Fidan&#8217;\u0131n i\u00e7 \u00e7eki\u015fmelerden uzakla\u015fmak i\u00e7in dikkatleri Atina&#8217;daki i\u00e7 siyasete \u00e7ekmeye \u00e7al\u0131\u015ft\u0131\u011f\u0131&#8221;<\/em> ileri s\u00fcr\u00fcld\u00fc.<\/p>\n<p>Haberde,<em> &#8220;Her hal\u00fckarda, Yunan diplomasisi T\u00fcrkiye ile yap\u0131lan her zirvede agresif hamleler veya a\u00e7\u0131klamalara\u00a0a\u015fina ve t\u00fcm olas\u0131 senaryolara kar\u015f\u0131 da haz\u0131rl\u0131kl\u0131d\u0131r&#8221; <\/em>denildi.<\/p>\n<p><img decoding=\"async\" src=\"https:\/\/bihavadis.com\/wp-content\/uploads\/2026\/02\/yunanistan-basbakani-micotakis-ankaraya-geliyor-yunan-basini-gorusmeyi-inceledi-3-4A4g3KUs.jpg\"\/><\/p>\n<p><strong>&#8220;M\u00dcNHASIR EKONOM\u0130K B\u00d6LGE SINIRLARININ KONU\u015eULMASI BEKLENM\u0130YOR&#8221;<\/strong><\/p>\n<p>CNN Yunanistan&#8217;\u0131n <em><b>&#8220;Mi\u00e7otakis-Erdo\u011fan g\u00f6r\u00fc\u015fmesi \u00f6ncesi Atina&#8217;dan gelen mesaj: \u0130leti\u015fim kanallar\u0131 a\u00e7\u0131k kalmal\u0131<\/b><\/em><b><em>&#8220;<\/em><\/b> ba\u015fl\u0131kl\u0131 haberde, Yunanistan&#8217;\u0131n ziyaret \u00f6ncesi olas\u0131 krizlerin yat\u0131\u015ft\u0131r\u0131lmas\u0131 i\u00e7in iki \u00fclke aras\u0131ndaki ileti\u015fim kanallar\u0131n\u0131n a\u00e7\u0131k kalmas\u0131na dikkat \u00e7ekti\u011fi kaydedildi.<\/p>\n<p>Haberde, Yunanistan D\u0131\u015fi\u015fleri Bakanl\u0131\u011f\u0131 S\u00f6zc\u00fcs\u00fc Lana Zohiu&#8217;nun yapt\u0131\u011f\u0131 bilgilendirmede, m\u00fcnhas\u0131r ekonomik b\u00f6lge s\u0131n\u0131rlar\u0131n\u0131n belirlenmesi konusunun g\u00fcndemde olmad\u0131\u011f\u0131n\u0131, ancak <em><b>&#8220;konu g\u00fcndeme gelirse tart\u0131\u015f\u0131laca\u011f\u0131n\u0131&#8221;<\/b><\/em> belirtti\u011fi aktar\u0131ld\u0131.<\/p>\n<p>Nikos Dendias&#8217;\u0131n heyetin i\u00e7inde yer almamas\u0131 sorulan Zohiu,<em><b> &#8220;Dendias&#8217;\u0131n T\u00fcrk mevkida\u015f\u0131 gibi Br\u00fcksel&#8217;de olaca\u011f\u0131n\u0131&#8221;<\/b><\/em> s\u00f6yledi\u011fi ifade edildi.<\/p>\n","protected":false},"excerpt":{"rendered":"<p>Yunanistan Ba\u015fbakan\u0131 Kiryakos Mi\u00e7otakis, T\u00fcrkiye-Yunanistan Y\u00fcksek D\u00fczeyli \u0130\u015fbirli\u011fi Konseyi&#8217;nin Alt\u0131nc\u0131 Toplant\u0131s\u0131&#8217;na kat\u0131lmak \u00fczere yar\u0131n Ankara&#8217;y\u0131 ziyaret edecek. Yunan bas\u0131n\u0131 g\u00f6r\u00fc\u015fmede ilk hedefin iki \u00fclke aras\u0131nda ileti\u015fim kanallar\u0131n\u0131n a\u00e7\u0131k tutulmas\u0131n\u0131 sa\u011flamak oldu\u011funu yazd\u0131.<\/p>\n","protected":false},"author":1,"featured_media":34348,"comment_status":"open","ping_status":"open","sticky":false,"template":"","format":"standard","meta":{"footnotes":""},"categories":[6],"tags":[1390,4479,197,1328,2805],"class_list":["post-34347","post","type-post","status-publish","format-standard","has-post-thumbnail","hentry","category-dunya","tag-fidan","tag-haberde","tag-turkiye","tag-yunan","tag-yunanistan"],"_links":{"self":[{"href":"https:\/\/bihavadis.com\/index.php\/wp-json\/wp\/v2\/posts\/34347","targetHints":{"allow":["GET"]}}],"collection":[{"href":"https:\/\/bihavadis.com\/index.php\/wp-json\/wp\/v2\/posts"}],"about":[{"href":"https:\/\/bihavadis.com\/index.php\/wp-json\/wp\/v2\/types\/post"}],"author":[{"embeddable":true,"href":"https:\/\/bihavadis.com\/index.php\/wp-json\/wp\/v2\/users\/1"}],"replies":[{"embeddable":true,"href":"https:\/\/bihavadis.com\/index.php\/wp-json\/wp\/v2\/comments?post=34347"}],"version-history":[{"count":1,"href":"https:\/\/bihavadis.com\/index.php\/wp-json\/wp\/v2\/posts\/34347\/revisions"}],"predecessor-version":[{"id":34353,"href":"https:\/\/bihavadis.com\/index.php\/wp-json\/wp\/v2\/posts\/34347\/revisions\/34353"}],"wp:featuredmedia":[{"embeddable":true,"href":"https:\/\/bihavadis.com\/index.php\/wp-json\/wp\/v2\/media\/34348"}],"wp:attachment":[{"href":"https:\/\/bihavadis.com\/index.php\/wp-json\/wp\/v2\/media?parent=34347"}],"wp:term":[{"taxonomy":"category","embeddable":true,"href":"https:\/\/bihavadis.com\/index.php\/wp-json\/wp\/v2\/categories?post=34347"},{"taxonomy":"post_tag","embeddable":true,"href":"https:\/\/bihavadis.com\/index.php\/wp-json\/wp\/v2\/tags?post=34347"}],"curies":[{"name":"wp","href":"https:\/\/api.w.org\/{rel}","templated":true}]}}