{"id":34377,"date":"2026-02-15T03:15:05","date_gmt":"2026-02-15T03:15:05","guid":{"rendered":"https:\/\/bihavadis.com\/?p=34377"},"modified":"2026-02-15T03:15:05","modified_gmt":"2026-02-15T03:15:05","slug":"ankarada-zihinsel-engelli-calisani-vince-asan-3-kisi-tutuklandi","status":"publish","type":"post","link":"https:\/\/bihavadis.com\/index.php\/2026\/02\/15\/ankarada-zihinsel-engelli-calisani-vince-asan-3-kisi-tutuklandi\/","title":{"rendered":"Ankara&#8217;da zihinsel engelli \u00e7al\u0131\u015fan\u0131 vince asan 3 ki\u015fi tutukland\u0131"},"content":{"rendered":"<p>Ankara\u2019da sosyal medyada, aya\u011f\u0131ndan ba\u011flanarak vince as\u0131lan bir ki\u015finin g\u00f6r\u00fcnt\u00fclerinin sosyal medyada tepkiler oda\u011f\u0131na oturdu.<\/p>\n<p>Harekete ge\u00e7en polis ekipleri, ma\u011fdurun M.S. oldu\u011funu ve olay\u0131n ya\u015fand\u0131\u011f\u0131 i\u015f yerinde 3 y\u0131ld\u0131r getir-g\u00f6t\u00fcr i\u015flerinde \u00e7al\u0131\u015ft\u0131\u011f\u0131n\u0131, y\u00fczde 61 zihinsel engelli oldu\u011funu belirledi.<\/p>\n<p><strong>G\u00d6ZALTINA ALINAN 4 K\u0130\u015e\u0130DEN 3&#8217;\u00dc TUTUKLANDI<\/strong><\/p>\n<p>Ankara Cumhuriyet Ba\u015fsavc\u0131l\u0131\u011f\u0131nca ba\u015flat\u0131lan soru\u015fturma kapsam\u0131nda olay\u0131 ger\u00e7ekle\u015ftirdikleri tespit edilen K.B., M.\u015e. ve N.A. ile duruma g\u00f6z yumdu\u011fu de\u011ferlendirilen i\u015f yeri sahibi B.\u00c7. g\u00f6zalt\u0131na al\u0131nd\u0131.<\/p>\n<p><b><em>&#8220;Ki\u015fiyi h\u00fcrriyetinden yoksun k\u0131lma&#8221;<\/em><\/b>, <em><b>&#8220;eziyet&#8221;<\/b><\/em>,<b><em> &#8220;tehdit&#8221;<\/em><\/b>,<em><b> &#8220;kasten yaralama&#8221;<\/b><\/em> ve<b><em> &#8220;k\u00f6t\u00fc muamele&#8221;<\/em><\/b> su\u00e7lar\u0131ndan adliyeye sevk edilen \u015f\u00fcphelilerden K.B., M.\u015e. ve N.A. tutuklan\u0131rken, B.\u00c7. savc\u0131l\u0131ktan serbest b\u0131rak\u0131ld\u0131.<\/p>\n<p><img decoding=\"async\" src=\"https:\/\/bihavadis.com\/wp-content\/uploads\/2026\/02\/ankarada-zihinsel-engelli-calisani-vince-asan-3-kisi-tutuklandi-0-8QYzLHgx.jpg\"\/><\/p>\n","protected":false},"excerpt":{"rendered":"<p>Bir i\u015f yerinde \u00e7al\u0131\u015fan zihinsel engelli bir ki\u015finin aya\u011f\u0131ndan ba\u011flanarak vince as\u0131ld\u0131\u011f\u0131 g\u00f6r\u00fcnt\u00fclerin sosyal medyada yay\u0131lmas\u0131 \u00fczerine ba\u015flat\u0131lan soru\u015fturmada 3 \u015f\u00fcpheli tutuklanarak cezaevine g\u00f6nderildi.<\/p>\n","protected":false},"author":1,"featured_media":34378,"comment_status":"open","ping_status":"open","sticky":false,"template":"","format":"standard","meta":{"footnotes":""},"categories":[4,13],"tags":[],"class_list":["post-34377","post","type-post","status-publish","format-standard","has-post-thumbnail","hentry","category-gundem","category-son-dakika"],"_links":{"self":[{"href":"https:\/\/bihavadis.com\/index.php\/wp-json\/wp\/v2\/posts\/34377","targetHints":{"allow":["GET"]}}],"collection":[{"href":"https:\/\/bihavadis.com\/index.php\/wp-json\/wp\/v2\/posts"}],"about":[{"href":"https:\/\/bihavadis.com\/index.php\/wp-json\/wp\/v2\/types\/post"}],"author":[{"embeddable":true,"href":"https:\/\/bihavadis.com\/index.php\/wp-json\/wp\/v2\/users\/1"}],"replies":[{"embeddable":true,"href":"https:\/\/bihavadis.com\/index.php\/wp-json\/wp\/v2\/comments?post=34377"}],"version-history":[{"count":1,"href":"https:\/\/bihavadis.com\/index.php\/wp-json\/wp\/v2\/posts\/34377\/revisions"}],"predecessor-version":[{"id":34380,"href":"https:\/\/bihavadis.com\/index.php\/wp-json\/wp\/v2\/posts\/34377\/revisions\/34380"}],"wp:featuredmedia":[{"embeddable":true,"href":"https:\/\/bihavadis.com\/index.php\/wp-json\/wp\/v2\/media\/34378"}],"wp:attachment":[{"href":"https:\/\/bihavadis.com\/index.php\/wp-json\/wp\/v2\/media?parent=34377"}],"wp:term":[{"taxonomy":"category","embeddable":true,"href":"https:\/\/bihavadis.com\/index.php\/wp-json\/wp\/v2\/categories?post=34377"},{"taxonomy":"post_tag","embeddable":true,"href":"https:\/\/bihavadis.com\/index.php\/wp-json\/wp\/v2\/tags?post=34377"}],"curies":[{"name":"wp","href":"https:\/\/api.w.org\/{rel}","templated":true}]}}