{"id":34413,"date":"2026-02-15T03:45:05","date_gmt":"2026-02-15T03:45:05","guid":{"rendered":"https:\/\/bihavadis.com\/?p=34413"},"modified":"2026-02-15T03:45:05","modified_gmt":"2026-02-15T03:45:05","slug":"irandan-abdye-netanyahu-uyarisi","status":"publish","type":"post","link":"https:\/\/bihavadis.com\/index.php\/2026\/02\/15\/irandan-abdye-netanyahu-uyarisi\/","title":{"rendered":"\u0130ran&#8217;dan ABD&#8217;ye Netanyahu uyar\u0131s\u0131"},"content":{"rendered":"<p>ABD ile \u0130ran aras\u0131nda ya\u015fanan gerilim, Umman&#8217;daki g\u00f6r\u00fc\u015fmelerin ard\u0131ndan yerini bir s\u00fcreli\u011fine diplomasiye b\u0131rakt\u0131.<\/p>\n<p>Taraflar aras\u0131ndan herhangi bir anla\u015fmaya var\u0131lamazken, ya\u015fanan geli\u015fmeler dikkatle takip ediliyor.<\/p>\n<p>Bu kapsamda son olarak \u0130srail Ba\u015fbakan\u0131 Netanyahu, ABD&#8217;ye gidecek.<\/p>\n<p>Netanyahu&#8217;nun ABD ziyaretine \u0130ran&#8217;dan ilk yorum geldi.\u00a0<\/p>\n<p><strong>\u0130RAN&#8217;DAN NETANYAHU UYARISI<\/strong><\/p>\n<p>\u0130ran Ulusal G\u00fcvenlik Y\u00fcksek Konseyi Genel Sekreteri Ali Laricani, sosyal medya hesab\u0131ndan yapt\u0131\u011f\u0131 a\u00e7\u0131klamas\u0131nda\u00a0Netanyahu\u2019nun n\u00fckleer m\u00fczakerelere dair <em><b>&#8220;\u00e7er\u00e7eve dayatma&#8221;<\/b><\/em> giri\u015fimine kar\u015f\u0131 uyard\u0131.<\/p>\n<p><strong>&#8220;UYANIK OLMALILAR&#8221;<\/strong><\/p>\n<p>Laricani \u015fu ifadeleri kulland\u0131:<\/p>\n<p>Netanyahu \u015fu anda ABD\u2019ye do\u011fru yolda. ABD\u2019liler ak\u0131ll\u0131ca d\u00fc\u015f\u00fcnmeli ve onun, u\u00e7u\u015fundan \u00f6nce sergiledi\u011fi tav\u0131rlardaki gibi \u2018Gidip ABD\u2019lilere n\u00fckleer m\u00fczakerelerin \u00e7er\u00e7evesini \u00f6\u011fretmek istiyorum\u2019 imas\u0131nda bulunmas\u0131na izin vermemeli. Siyonistlerin y\u0131k\u0131c\u0131 rol\u00fcne kar\u015f\u0131 uyan\u0131k olmal\u0131lar.<\/p>\n<p><strong>BEYAZ SARAY&#8217;DA G\u00d6R\u00dc\u015eECEKLER<\/strong><\/p>\n<p>ABD Ba\u015fkan\u0131 Donald Trump ile Netanyahu\u2019nun yar\u0131n Beyaz Saray\u2019da bir araya gelmesi bekleniyor.<\/p>\n<p>Netanyahu, ABD\u2019ye hareket etmeden \u00f6nce yapt\u0131\u011f\u0131 a\u00e7\u0131klamada, Washington\u2019daki g\u00f6r\u00fc\u015fmede Trump\u2019a \u0130srail\u2019in \u0130ran\u2019la y\u00fcr\u00fct\u00fclen m\u00fczakerelere ili\u015fkin temel ilkelerini sunaca\u011f\u0131n\u0131 belirtmi\u015fti.<\/p>\n<p><img decoding=\"async\" src=\"https:\/\/bihavadis.com\/wp-content\/uploads\/2026\/02\/irandan-abdye-netanyahu-uyarisi-0-hf2WY6Jm.jpg\"\/><\/p>\n","protected":false},"excerpt":{"rendered":"<p>\u0130ran Ulusal G\u00fcvenlik Y\u00fcksek Konseyi Genel Sekreteri Ali Laricani, ABD\u2019yi \u0130srail Ba\u015fbakan\u0131 Binyamin Netanyahu\u2019ya kar\u015f\u0131 uyararak &#8220;Siyonistlerin y\u0131k\u0131c\u0131 rol\u00fcne kar\u015f\u0131 uyan\u0131k olmal\u0131lar&#8221; dedi.<\/p>\n","protected":false},"author":1,"featured_media":34414,"comment_status":"open","ping_status":"open","sticky":false,"template":"","format":"standard","meta":{"footnotes":""},"categories":[6],"tags":[272,271,3842],"class_list":["post-34413","post","type-post","status-publish","format-standard","has-post-thumbnail","hentry","category-dunya","tag-abd","tag-iran","tag-netanyahu"],"_links":{"self":[{"href":"https:\/\/bihavadis.com\/index.php\/wp-json\/wp\/v2\/posts\/34413","targetHints":{"allow":["GET"]}}],"collection":[{"href":"https:\/\/bihavadis.com\/index.php\/wp-json\/wp\/v2\/posts"}],"about":[{"href":"https:\/\/bihavadis.com\/index.php\/wp-json\/wp\/v2\/types\/post"}],"author":[{"embeddable":true,"href":"https:\/\/bihavadis.com\/index.php\/wp-json\/wp\/v2\/users\/1"}],"replies":[{"embeddable":true,"href":"https:\/\/bihavadis.com\/index.php\/wp-json\/wp\/v2\/comments?post=34413"}],"version-history":[{"count":1,"href":"https:\/\/bihavadis.com\/index.php\/wp-json\/wp\/v2\/posts\/34413\/revisions"}],"predecessor-version":[{"id":34416,"href":"https:\/\/bihavadis.com\/index.php\/wp-json\/wp\/v2\/posts\/34413\/revisions\/34416"}],"wp:featuredmedia":[{"embeddable":true,"href":"https:\/\/bihavadis.com\/index.php\/wp-json\/wp\/v2\/media\/34414"}],"wp:attachment":[{"href":"https:\/\/bihavadis.com\/index.php\/wp-json\/wp\/v2\/media?parent=34413"}],"wp:term":[{"taxonomy":"category","embeddable":true,"href":"https:\/\/bihavadis.com\/index.php\/wp-json\/wp\/v2\/categories?post=34413"},{"taxonomy":"post_tag","embeddable":true,"href":"https:\/\/bihavadis.com\/index.php\/wp-json\/wp\/v2\/tags?post=34413"}],"curies":[{"name":"wp","href":"https:\/\/api.w.org\/{rel}","templated":true}]}}