{"id":34444,"date":"2026-02-15T04:09:08","date_gmt":"2026-02-15T04:09:08","guid":{"rendered":"https:\/\/bihavadis.com\/?p=34444"},"modified":"2026-02-15T04:09:08","modified_gmt":"2026-02-15T04:09:08","slug":"antalya-buyuksehir-belediyesi-iddianamesi-kabul-edildi","status":"publish","type":"post","link":"https:\/\/bihavadis.com\/index.php\/2026\/02\/15\/antalya-buyuksehir-belediyesi-iddianamesi-kabul-edildi\/","title":{"rendered":"Antalya B\u00fcy\u00fck\u015fehir Belediyesi iddianamesi kabul edildi"},"content":{"rendered":"<p>Belediyelere y\u00f6nelik yolsuzluk ve r\u00fc\u015fvet soru\u015fturmas\u0131 devam ediyor.\u00a0<\/p>\n<p>Bu kapsamda mercek alt\u0131na al\u0131nan belediyelerden biri de Antalya B\u00fcy\u00fck\u015fehir Belediyesi oldu.\u00a0<\/p>\n<p>Soru\u015fturma kapsam\u0131nda g\u00f6zalt\u0131na al\u0131nan Antalya B\u00fcy\u00fck\u015fehir Belediyesi Ba\u015fkan\u0131 Muhittin B\u00f6cek tutuklanm\u0131\u015f ve g\u00f6revinden uzakla\u015ft\u0131r\u0131lm\u0131\u015ft\u0131.\u00a0<\/p>\n<p><strong>\u0130DD\u0130ANAME KABUL ED\u0130LD\u0130<\/strong><\/p>\n<p>Antalya Cumhuriyet Ba\u015fsavc\u0131l\u0131\u011f\u0131 taraf\u0131ndan Antalya B\u00fcy\u00fck\u015fehir Belediyesi&#8217;ne y\u00f6nelik r\u00fc\u015fvet ve yolsuzluk iddias\u0131yla y\u00fcr\u00fct\u00fclen soru\u015fturma kapsam\u0131nda haz\u0131rlanan\u00a0iddianame, Antalya 6\u2019nc\u0131 A\u011f\u0131r Ceza Mahkemesi taraf\u0131ndan kabul edildi.\u00a0<\/p>\n<p>5 Temmuz 2025\u2019te tutuklanan\u00a0Muhittin B\u00f6cek, o\u011flu Mustafa G\u00f6khan B\u00f6cek ve eski \u0130l Emniyet M\u00fcd\u00fcr\u00fc \u0130lker Arslan\u2019\u0131nda aralar\u0131nda bulundu\u011fu 41 ki\u015fi hakk\u0131nda 702 sayfal\u0131k iddianame d\u00fczenlendi.<\/p>\n<p><img decoding=\"async\" src=\"https:\/\/bihavadis.com\/wp-content\/uploads\/2026\/02\/antalya-buyuksehir-belediyesi-iddianamesi-kabul-edildi-0-EXVJMXB6.jpg\"\/><\/p>\n<p><strong>\u0130LK DURU\u015eMA 16 MART&#8217;TA<\/strong><\/p>\n<p>T\u00fcm tutuklu san\u0131klar\u0131n tutukluluk hallerinin devam\u0131na karar verilirken ilk duru\u015fman\u0131n 16 Mart&#8217;ta yap\u0131laca\u011f\u0131 a\u00e7\u0131kland\u0131.\u00a0<\/p>\n<p><img decoding=\"async\" src=\"https:\/\/bihavadis.com\/wp-content\/uploads\/2026\/02\/antalya-buyuksehir-belediyesi-iddianamesi-kabul-edildi-1-ev53B1Ij.jpg\"\/><\/p>\n<p><strong>44 YILA KADAR HAPS\u0130 \u0130STEND\u0130<\/strong><\/p>\n<p>\u0130ddianamede tutuklu bulunan\u00a0Muhittin B\u00f6cek&#8217;in 15 y\u0131l 6 aydan 44 y\u0131la kadar cezaland\u0131r\u0131lmas\u0131 talep edildi.<\/p>\n<p>Muhittin B\u00f6cek\u2019in icbar suretiyle irtikap, haks\u0131z mal edinme ve su\u00e7tan kaynaklanan mal varl\u0131\u011f\u0131 de\u011ferlerinin aklanmas\u0131; Mustafa G\u00f6khan B\u00f6cek\u2019in yard\u0131m eden s\u0131fat\u0131yla icbar suretiyle irtikap, n\u00fcfuz ticareti ve haks\u0131z mal edinme su\u00e7lar\u0131ndan cezaland\u0131r\u0131lmas\u0131 talep edildi.<\/p>\n<p><img decoding=\"async\" src=\"https:\/\/bihavadis.com\/wp-content\/uploads\/2026\/02\/antalya-buyuksehir-belediyesi-iddianamesi-kabul-edildi-2-isrkOcZj.jpg\"\/><\/p>\n<p><strong>26 HUKUKA AYKIRI EYLEM TESP\u0130T ED\u0130LD\u0130<\/strong><\/p>\n<p>\u0130ddianamede, &#8220;icbar suretiyle irtikap, haks\u0131z mal edinme, n\u00fcfuz ticareti, su\u00e7tan kaynaklanan mal varl\u0131\u011f\u0131 de\u011ferlerinin aklanmas\u0131, nitelikli doland\u0131r\u0131c\u0131l\u0131k ve iftira su\u00e7lamalar\u0131&#8221;na yer verildi.<\/p>\n<p>Bu a\u015famada tespit edilen 26 eylem y\u00f6n\u00fcnden hukuki de\u011ferlendirme yap\u0131ld\u0131\u011f\u0131 ifade edildi.<\/p>\n<p><img decoding=\"async\" src=\"https:\/\/bihavadis.com\/wp-content\/uploads\/2026\/02\/antalya-buyuksehir-belediyesi-iddianamesi-kabul-edildi-3-LcmBCeVa.jpg\"\/><\/p>\n","protected":false},"excerpt":{"rendered":"<p>Antalya B\u00fcy\u00fck\u015fehir Belediyesi&#8217;ne y\u00f6nelik y\u00fcr\u00fct\u00fclen r\u00fc\u015fvet ve yolsuzluk soru\u015fturmas\u0131 kapsam\u0131nda haz\u0131rlanan iddianame, Antalya 6\u2019nc\u0131 A\u011f\u0131r Ceza Mahkemesi taraf\u0131ndan kabul edilirken ilk duru\u015fman\u0131n 16 Mart&#8217;ta g\u00f6r\u00fclece\u011fi a\u00e7\u0131kland\u0131.<\/p>\n","protected":false},"author":1,"featured_media":34445,"comment_status":"open","ping_status":"open","sticky":false,"template":"","format":"standard","meta":{"footnotes":""},"categories":[9,13],"tags":[457,1480,4930,1511,1865],"class_list":["post-34444","post","type-post","status-publish","format-standard","has-post-thumbnail","hentry","category-genel","category-son-dakika","tag-antalya","tag-bocek","tag-edildi","tag-iddianame","tag-mal"],"_links":{"self":[{"href":"https:\/\/bihavadis.com\/index.php\/wp-json\/wp\/v2\/posts\/34444","targetHints":{"allow":["GET"]}}],"collection":[{"href":"https:\/\/bihavadis.com\/index.php\/wp-json\/wp\/v2\/posts"}],"about":[{"href":"https:\/\/bihavadis.com\/index.php\/wp-json\/wp\/v2\/types\/post"}],"author":[{"embeddable":true,"href":"https:\/\/bihavadis.com\/index.php\/wp-json\/wp\/v2\/users\/1"}],"replies":[{"embeddable":true,"href":"https:\/\/bihavadis.com\/index.php\/wp-json\/wp\/v2\/comments?post=34444"}],"version-history":[{"count":1,"href":"https:\/\/bihavadis.com\/index.php\/wp-json\/wp\/v2\/posts\/34444\/revisions"}],"predecessor-version":[{"id":34450,"href":"https:\/\/bihavadis.com\/index.php\/wp-json\/wp\/v2\/posts\/34444\/revisions\/34450"}],"wp:featuredmedia":[{"embeddable":true,"href":"https:\/\/bihavadis.com\/index.php\/wp-json\/wp\/v2\/media\/34445"}],"wp:attachment":[{"href":"https:\/\/bihavadis.com\/index.php\/wp-json\/wp\/v2\/media?parent=34444"}],"wp:term":[{"taxonomy":"category","embeddable":true,"href":"https:\/\/bihavadis.com\/index.php\/wp-json\/wp\/v2\/categories?post=34444"},{"taxonomy":"post_tag","embeddable":true,"href":"https:\/\/bihavadis.com\/index.php\/wp-json\/wp\/v2\/tags?post=34444"}],"curies":[{"name":"wp","href":"https:\/\/api.w.org\/{rel}","templated":true}]}}