{"id":34454,"date":"2026-02-15T04:15:09","date_gmt":"2026-02-15T04:15:09","guid":{"rendered":"https:\/\/bihavadis.com\/?p=34454"},"modified":"2026-02-15T04:15:09","modified_gmt":"2026-02-15T04:15:09","slug":"epsteinin-olumu-bir-gun-onceden-raporlandi-bakanlik-yazim-hatasi-dedi","status":"publish","type":"post","link":"https:\/\/bihavadis.com\/index.php\/2026\/02\/15\/epsteinin-olumu-bir-gun-onceden-raporlandi-bakanlik-yazim-hatasi-dedi\/","title":{"rendered":"Epstein&#8217;in \u00f6l\u00fcm\u00fc bir g\u00fcn \u00f6nceden raporland\u0131: Bakanl\u0131k &#8220;yaz\u0131m hatas\u0131&#8221; dedi"},"content":{"rendered":"<p>ABD Adalet Bakanl\u0131\u011f\u0131n\u0131n Epstein soru\u015fturmas\u0131 kapsam\u0131nda payla\u015ft\u0131\u011f\u0131 belgelerdeki detaylar kamuoyuna yans\u0131maya devam ediyor.<\/p>\n<p>Belgelere g\u00f6re, Epstein&#8217;in 10 A\u011fustos 2019\u2019da \u00f6l\u00fc bulundu\u011fu New York\u2019taki Manhattan Metropolita Islah Merkezi&#8217;nde g\u00f6revli bir personelin, cezaevindeki kamera sistemlerine ili\u015fkin sorgusuna yer verildi.<\/p>\n<p>Belgelerde ad\u0131 gizlenen ki\u015fi, 2016\u2019da cezaevindeki t\u00fcm kameralar\u0131n sorumlulu\u011funu \u00fcstlendi\u011fini belirterek, s\u00f6z konusu kameralar\u0131n eski oldu\u011funu, kay\u0131t cihazlar\u0131n\u0131n s\u0131k s\u0131k ar\u0131zaland\u0131\u011f\u0131n\u0131 ve tamam\u0131 analog olan sistemlerin bak\u0131m\u0131n\u0131n d\u00fczenli yap\u0131lmad\u0131\u011f\u0131n\u0131 ifade ediyor.<\/p>\n<p><strong>KAYIT C\u0130HAZINDA ARIZA OLDU\u011eUNU \u0130DD\u0130A ETT\u0130<\/strong><\/p>\n<p>Ki\u015fi, dijital video kay\u0131t cihaz\u0131nda (DVR) ar\u0131za meydana gelmesi halinde kameralar\u0131n kay\u0131t yapmad\u0131\u011f\u0131n\u0131 belirterek,<em><b> \u201cDVR 2\u201d<\/b><\/em> sisteminde 29 Temmuz 2019\u2019da ar\u0131za olu\u015ftu\u011funu, 8 A\u011fustos\u2019ta cihaz\u0131n ana kart\u0131n\u0131n bozuldu\u011funu ve Epstein&#8217;in \u00f6l\u00fc bulundu\u011fu 10 A\u011fustos\u2019ta ise sabit diskte ar\u0131za ya\u015fand\u0131\u011f\u0131n\u0131 ifade ediyor.<\/p>\n<p>Ellerinde iki yeni sabit disk bulundu\u011funu ancak bunlar\u0131n tak\u0131lmas\u0131 halinde mevcut verilerin silinece\u011fini kaydeden ki\u015fi, cezaevi m\u00fcd\u00fcr\u00fcn\u00fcn g\u00f6r\u00fcnt\u00fcleri talep etti\u011fini ve kendisine DVR&#8217;nin yeniden kurulmas\u0131 talimat\u0131 verildi\u011fini aktar\u0131yor.<\/p>\n<p>DVR&#8217;yi yeniden kurmak amac\u0131yla ar\u0131zal\u0131 diskleri s\u00f6kmeye ba\u015flad\u0131\u011f\u0131n\u0131 belirten ki\u015fi, cihaz\u0131n yerinden \u00e7\u0131kar\u0131lmas\u0131n\u0131n ise bir ABD Federal Soru\u015fturma B\u00fcrosu (FBI) yetkilisi taraf\u0131ndan ger\u00e7ekle\u015ftirildi\u011fini ifade ediyor.<\/p>\n<p>S\u00f6z konusu ki\u015fi ayr\u0131ca, her iki sabit diskin de\u011fi\u015ftirilmesi halinde sistemdeki t\u00fcm verilerin silinece\u011fini bildi\u011fini ve bu durumu cezaevi personeline \u00f6nceden iletti\u011fini dile getiriyor.<\/p>\n<p><img decoding=\"async\" src=\"https:\/\/bihavadis.com\/wp-content\/uploads\/2026\/02\/epsteinin-olumu-bir-gun-onceden-raporlandi-bakanlik-yazim-hatasi-dedi-0-Hl2lin8w.jpg\"\/><\/p>\n<p><strong>EPSTEIN HAKKINDAK\u0130 ARAMA SONU\u00c7LARINA M\u00dcDAHALE<\/strong><\/p>\n<p>Dosyalarda ayr\u0131ca, Epstein ile Amerikal\u0131 koleksiyoncu Al Seckel aras\u0131nda Eyl\u00fcl 2010\u2019da ge\u00e7en bir g\u00f6r\u00fc\u015fmeye yer veriliyor. Buna g\u00f6re Seckel\u2019in, Epstein\u2019a Google aramalar\u0131nda hakk\u0131nda \u00e7\u0131kan olumsuz i\u00e7eriklerin kald\u0131r\u0131lmas\u0131n\u0131 isteyip istemedi\u011fini sordu\u011fu g\u00f6r\u00fcl\u00fcyor.<\/p>\n<p>\u0130kili aras\u0131ndaki e-posta yaz\u0131\u015fmalar\u0131nda, Seckel\u2019in s\u00f6z konusu i\u015flemi yakla\u015f\u0131k 20-25 bin dolar kar\u015f\u0131l\u0131\u011f\u0131nda yapabilece\u011fini iletti\u011fi, Epstein\u2019\u0131n da bu teklifi kabul etti\u011fi anla\u015f\u0131l\u0131yor.<\/p>\n<p>Konuya ili\u015fkin ayr\u0131nt\u0131lar\u0131 sormaya devam eden Seckel\u2019in, e-postalardan birinde, &#8220;\u0130nternet sitelerini hackleyerek t\u00fcm bu sa\u00e7mal\u0131klar\u0131 ortadan kald\u0131rmam\u0131za \u2018evet\u2019 mi dedin, yoksa ada meselesi i\u00e7in mi, yoksa her \u015feye evet diyerek cimri mi davrand\u0131n? ;-)&#8221; ifadelerini kulland\u0131\u011f\u0131 g\u00f6r\u00fcl\u00fcyor.<\/p>\n<p>Seckel, plan\u0131n<em><b> \u201columlu makalelerin olumsuz makalelerin yerini almas\u0131\u201d<\/b><\/em> esas\u0131na dayand\u0131\u011f\u0131n\u0131 belirterek, Epstein isminin bir makalede, blogda ya da benzeri platformlarda yer almas\u0131 ve<em><b> \u201conaylanmamas\u0131\u201d <\/b><\/em>halinde i\u00e7eri\u011fin kald\u0131r\u0131laca\u011f\u0131n\u0131 ya da ilgili ba\u011flant\u0131n\u0131n ba\u015fka bir konuya ili\u015fkin olumsuz bir makaleye y\u00f6nlendirilece\u011fini kaydediyor.<\/p>\n<p>Son olarak Seckel<em><b> &#8220;Do\u011fru arkada\u015flar\u0131n oldu\u011funda teknoloji e\u011flenceli de\u011fil mi?&#8221; <\/b><\/em>yorumunu yap\u0131yor.<\/p>\n<p><img decoding=\"async\" src=\"https:\/\/bihavadis.com\/wp-content\/uploads\/2026\/02\/epsteinin-olumu-bir-gun-onceden-raporlandi-bakanlik-yazim-hatasi-dedi-1-V925xat9.jpg\"\/><\/p>\n<p><strong>V\u0130K\u0130PED\u0130&#8217;Y\u0130 &#8220;HACKLEME&#8221;<\/strong><\/p>\n<p>Al Seckel\u2019in bir ba\u015fka e-postas\u0131nda, Epstein\u2019\u0131n Vikipedi sayfas\u0131n\u0131n manip\u00fcle edilmesi konusunun ele al\u0131nd\u0131\u011f\u0131 g\u00f6r\u00fcl\u00fcyor.<\/p>\n<p>Vikipedi&#8217;yi hackleyerek Epstein&#8217;\u0131n <em><b>&#8220;sab\u0131ka foto\u011fraf\u0131n\u0131&#8221;<\/b><\/em> kald\u0131r\u0131p Epstein&#8217;\u0131n istedi\u011fi foto\u011frafla de\u011fi\u015ftirilece\u011fini kaydeden Seckel, foto\u011fraf\u0131n ba\u015fl\u0131\u011f\u0131n\u0131n ise<b><em> &#8220;Jeffrey Epstein, i\u015f adam\u0131, hay\u0131rsever&#8221; <\/em><\/b>\u015feklinde haz\u0131rlanaca\u011f\u0131n\u0131 belirtiyor.<\/p>\n<p>Seckel, e-postada <b><em>&#8220;Bu arada, seni cinsel su\u00e7lu kategorisinde de \u00e7\u0131kard\u0131k ve wiki&#8217;deki ba\u015fl\u0131k c\u00fcmlesinden &#8216;cinsel su\u00e7lu&#8217; ifadesini de kald\u0131rd\u0131k. Art\u0131k sadece i\u015f adam\u0131, hay\u0131rsever yaz\u0131yor. Girip d\u00fczenlemelerimizi geri alan ki\u015filerin IP adreslerini kaydettik ve siteyi hackleyerek onlar\u0131 engelledik.&#8221;<\/em><\/b> ifadelerini kullan\u0131yor.<\/p>\n<p><strong>\u00d6L\u00dcM BELGES\u0130N\u0130N B\u0130R G\u00dcN \u00d6NCEDEN HAZIRLANDI\u011eI \u0130DD\u0130ASI<\/strong><\/p>\n<p>Dosyalarda ayr\u0131ca ABD Adalet Bakanl\u0131\u011f\u0131 taraf\u0131ndan Epstein&#8217;in \u00f6l\u00fcm\u00fcne dair bas\u0131n a\u00e7\u0131klamas\u0131n\u0131n tarihinin 9 A\u011fustos 2019, yani Epstein&#8217;\u0131n a\u00e7\u0131klanan \u00f6l\u00fcm tarihinden bir g\u00fcn \u00f6ncesine ait oldu\u011fu g\u00f6zlemleniyor.<\/p>\n<p>Konuya ili\u015fkin BBC teyit hatt\u0131na a\u00e7\u0131klamada bulunan Adalet Bakanl\u0131\u011f\u0131 ise bu belgenin bir taslak oldu\u011funu ve tarihin taslaktaki bir yaz\u0131m hatas\u0131 oldu\u011funu bildirdi.<\/p>\n<p><img decoding=\"async\" src=\"https:\/\/bihavadis.com\/wp-content\/uploads\/2026\/02\/epsteinin-olumu-bir-gun-onceden-raporlandi-bakanlik-yazim-hatasi-dedi-2-IPrbDEBH.jpg\"\/><\/p>\n","protected":false},"excerpt":{"rendered":"<p>2019 y\u0131l\u0131nda cezaevinde \u00f6l\u00fc bulunan milyarder Jeffrey Epstein&#8217;in 10 A\u011fustos 2019&#8217;da \u00f6lmesine ra\u011fmen ortaya \u00e7\u0131kan belgelerde 9 A\u011fustos 2019&#8217;da belge haz\u0131rland\u0131\u011f\u0131 ortaya \u00e7\u0131kt\u0131. Adalet Bakanl\u0131\u011f\u0131 bunun &#8220;yaz\u0131m hatas\u0131&#8221; oldu\u011funu iddia etti.<\/p>\n","protected":false},"author":1,"featured_media":34455,"comment_status":"open","ping_status":"open","sticky":false,"template":"","format":"standard","meta":{"footnotes":""},"categories":[6],"tags":[2078,3100,2183,561,1301],"class_list":["post-34454","post","type-post","status-publish","format-standard","has-post-thumbnail","hentry","category-dunya","tag-ada","tag-ariza","tag-epstein","tag-ifade","tag-olu"],"_links":{"self":[{"href":"https:\/\/bihavadis.com\/index.php\/wp-json\/wp\/v2\/posts\/34454","targetHints":{"allow":["GET"]}}],"collection":[{"href":"https:\/\/bihavadis.com\/index.php\/wp-json\/wp\/v2\/posts"}],"about":[{"href":"https:\/\/bihavadis.com\/index.php\/wp-json\/wp\/v2\/types\/post"}],"author":[{"embeddable":true,"href":"https:\/\/bihavadis.com\/index.php\/wp-json\/wp\/v2\/users\/1"}],"replies":[{"embeddable":true,"href":"https:\/\/bihavadis.com\/index.php\/wp-json\/wp\/v2\/comments?post=34454"}],"version-history":[{"count":1,"href":"https:\/\/bihavadis.com\/index.php\/wp-json\/wp\/v2\/posts\/34454\/revisions"}],"predecessor-version":[{"id":34459,"href":"https:\/\/bihavadis.com\/index.php\/wp-json\/wp\/v2\/posts\/34454\/revisions\/34459"}],"wp:featuredmedia":[{"embeddable":true,"href":"https:\/\/bihavadis.com\/index.php\/wp-json\/wp\/v2\/media\/34455"}],"wp:attachment":[{"href":"https:\/\/bihavadis.com\/index.php\/wp-json\/wp\/v2\/media?parent=34454"}],"wp:term":[{"taxonomy":"category","embeddable":true,"href":"https:\/\/bihavadis.com\/index.php\/wp-json\/wp\/v2\/categories?post=34454"},{"taxonomy":"post_tag","embeddable":true,"href":"https:\/\/bihavadis.com\/index.php\/wp-json\/wp\/v2\/tags?post=34454"}],"curies":[{"name":"wp","href":"https:\/\/api.w.org\/{rel}","templated":true}]}}